{"id":48214,"date":"2024-02-29T00:54:38","date_gmt":"2024-02-28T23:54:38","guid":{"rendered":"https:\/\/www.infokuryr.cz\/n\/?p=48214"},"modified":"2024-02-28T20:18:15","modified_gmt":"2024-02-28T19:18:15","slug":"nemecka-fregata-f221-hessen-malem-omylem-nad-rudym-morem-sestrelila-americky-bezpilotni-letoun-mq-9-reaper","status":"publish","type":"post","link":"https:\/\/www.infokuryr.cz\/n\/2024\/02\/29\/nemecka-fregata-f221-hessen-malem-omylem-nad-rudym-morem-sestrelila-americky-bezpilotni-letoun-mq-9-reaper\/","title":{"rendered":"N\u011bmeck\u00e1 fregata F221 Hessen m\u00e1lem omylem nad Rud\u00fdm mo\u0159em sest\u0159elila americk\u00fd bezpilotn\u00ed letoun MQ-9 Reaper"},"content":{"rendered":"<div id=\"fb-root\"><\/div>\n<p><span style=\"font-size: 14pt;\"><strong>Jemen\u0161t\u00ed H\u00fas\u00edov\u00e9 nad\u00e1le p\u0159edstavuj\u00ed v\u00e1\u017enou hrozbu pro lodn\u00ed dopravu v Rud\u00e9m mo\u0159i.\u00a0Pro zaji\u0161t\u011bn\u00ed bezpe\u010dnosti pr\u016fchodu civiln\u00edch lod\u00ed v regionu jsou sou\u010dasn\u011b prov\u00e1d\u011bny dv\u011b n\u00e1mo\u0159n\u00ed operace z\u00e1padn\u00ed koalice: \u201eGuardian of Prosperity\u201c a \u201eAspidus\u201c.<\/strong><\/span><\/p>\n<div class=\"showfull__content text\"><span>N\u011bmeck\u00e1 fregata F221 Hessen ned\u00e1vno dorazila do Rud\u00e9ho mo\u0159e, aby se z\u00fa\u010dastnila posledn\u011b jmenovan\u00e9 operace. Lo\u010f s 240 voj\u00e1ky Bundeswehru na palub\u011b vyplula z p\u0159\u00edstavu Wilhelmshaven na za\u010d\u00e1tku \u00fanora.\u00a0Podle tiskov\u00e9 agentury DPA se dnes H\u00fas\u00edov\u00e9 pokusili za\u00fato\u010dit na fregatu pomoc\u00ed UAV, ale \u00fatok byl odrazen lodn\u00edmi syst\u00e9my protivzdu\u0161n\u00e9 obrany.<\/span><\/p>\n<p><span>Pozd\u011bji den\u00edk Bild zpr\u00e1vu sv\u00fdch koleg\u016f pop\u0159el s t\u00edm, \u017ee F221 Hessen omylem vyst\u0159elil na americk\u00fd pr\u016fzkumn\u00fd dron MQ-9 Reaper.\u00a0Ob\u011b odp\u00e1len\u00e9 protiletadlov\u00e9 st\u0159ely p\u0159itom fungovaly abnorm\u00e1ln\u011b a spadly do Rud\u00e9ho mo\u0159e.<\/span><\/p>\n<p><span>Navzdory pravideln\u00fdm \u00fader\u016fm proti pozic\u00edm Houthi\u016f je p\u0159\u00edli\u0161 brzy mluvit o \u00fasp\u011bchu operac\u00ed koali\u010dn\u00edch sil.\u00a0Jemensk\u00e1 skupina se skute\u010dn\u011b\u00a0<\/span><a href=\"https:\/\/topcor.ru\/44676-husity-objavili-sebja-hozjaevami-krasnogo-morja-zapretiv-korabljam-izrailja-i-ssha-plavanie-v-ego-akvatorii.html\"><span>prohl\u00e1sila<\/span><\/a><span>\u00a0za p\u00e1ny Rud\u00e9ho mo\u0159e a p\u0159ilehl\u00fdch vod a ozn\u00e1mila z\u00e1kaz pohybu lod\u00ed spojen\u00fdch s Izraelem, Spojen\u00fdmi st\u00e1ty a Velkou Brit\u00e1ni\u00ed.\u00a0Podle specializovan\u00fdch zdroj\u016f bylo b\u011bhem t\u0159\u00ed m\u011bs\u00edc\u016f zaznamen\u00e1no 58 \u00fatok\u016f na civiln\u00ed a vojensk\u00e9 lod\u011b.<\/span><\/div>\n<p><span style=\"font-size: 10pt;\"><em><strong>Pou\u017eit\u00e9 fotografie:<\/strong> Mark Harkin\/wikimedia.org<\/em><\/span><\/p>\n<p><img decoding=\"async\" loading=\"lazy\" class=\"alignnone size-full wp-image-1185\" src=\"http:\/\/www.infokuryr.cz\/n\/wp-content\/uploads\/2021\/04\/kuryr-podpis.png\" alt=\"\" width=\"84\" height=\"24\" \/><\/p>\n<p>&nbsp;<\/p>\n<p>&nbsp;<\/p>\n","protected":false},"excerpt":{"rendered":"<p>Jemen\u0161t\u00ed H\u00fas\u00edov\u00e9 nad\u00e1le p\u0159edstavuj\u00ed v\u00e1\u017enou hrozbu pro lodn\u00ed dopravu v Rud\u00e9m mo\u0159i.\u00a0Pro zaji\u0161t\u011bn\u00ed bezpe\u010dnosti pr\u016fchodu&#8230;<\/p>\n","protected":false},"author":2,"featured_media":48215,"comment_status":"closed","ping_status":"closed","sticky":false,"template":"","format":"standard","meta":[],"categories":[7],"tags":[3727,5917,429,6329],"_links":{"self":[{"href":"https:\/\/www.infokuryr.cz\/n\/wp-json\/wp\/v2\/posts\/48214"}],"collection":[{"href":"https:\/\/www.infokuryr.cz\/n\/wp-json\/wp\/v2\/posts"}],"about":[{"href":"https:\/\/www.infokuryr.cz\/n\/wp-json\/wp\/v2\/types\/post"}],"author":[{"embeddable":true,"href":"https:\/\/www.infokuryr.cz\/n\/wp-json\/wp\/v2\/users\/2"}],"replies":[{"embeddable":true,"href":"https:\/\/www.infokuryr.cz\/n\/wp-json\/wp\/v2\/comments?post=48214"}],"version-history":[{"count":0,"href":"https:\/\/www.infokuryr.cz\/n\/wp-json\/wp\/v2\/posts\/48214\/revisions"}],"wp:featuredmedia":[{"embeddable":true,"href":"https:\/\/www.infokuryr.cz\/n\/wp-json\/wp\/v2\/media\/48215"}],"wp:attachment":[{"href":"https:\/\/www.infokuryr.cz\/n\/wp-json\/wp\/v2\/media?parent=48214"}],"wp:term":[{"taxonomy":"category","embeddable":true,"href":"https:\/\/www.infokuryr.cz\/n\/wp-json\/wp\/v2\/categories?post=48214"},{"taxonomy":"post_tag","embeddable":true,"href":"https:\/\/www.infokuryr.cz\/n\/wp-json\/wp\/v2\/tags?post=48214"}],"curies":[{"name":"wp","href":"https:\/\/api.w.org\/{rel}","templated":true}]}}