{"id":48201,"date":"2024-02-29T00:30:29","date_gmt":"2024-02-28T23:30:29","guid":{"rendered":"https:\/\/www.infokuryr.cz\/n\/?p=48201"},"modified":"2024-02-28T19:12:25","modified_gmt":"2024-02-28T18:12:25","slug":"erik-best-rehka-zpochybnil-nato-a-zustava-ve-funkci","status":"publish","type":"post","link":"https:\/\/www.infokuryr.cz\/n\/2024\/02\/29\/erik-best-rehka-zpochybnil-nato-a-zustava-ve-funkci\/","title":{"rendered":"Erik Best: \u0158ehka zpochybnil NATO a z\u016fst\u00e1v\u00e1 ve funkci"},"content":{"rendered":"<div id=\"fb-root\"><\/div>\n<p>Kolikr\u00e1t jsme sly\u0161eli Joea Bidena prohl\u00e1sit, \u017ee USA budou br\u00e1nit \u201eka\u017ed\u00fd centimetr \u00fazem\u00ed NATO\u201c? Nejm\u00e9n\u011b desetkr\u00e1t. Naposledy\u00a0<a href=\"https:\/\/www.whitehouse.gov\/briefing-room\/speeches-remarks\/2024\/02\/16\/remarks-by-president-biden-on-the-reported-death-of-aleksey-navalny\/\" target=\"_blank\" rel=\"noopener\">p\u0159ed dv\u011bma t\u00fddny<\/a>, kdy \u0159ekl, \u017ee \u201ePutin a\u00a0cel\u00fd sv\u011bt by m\u011bli v\u011bd\u011bt: Kdyby na n\u00e1s za\u00fato\u010dil jak\u00fdkoli protivn\u00edk, na\u0161i spojenci z\u00a0NATO by n\u00e1s podpo\u0159ili. A\u00a0pokud by Putin za\u00fato\u010dil na spojence z\u00a0NATO, Spojen\u00e9 st\u00e1ty by br\u00e1nily ka\u017ed\u00fd centimetr \u00fazem\u00ed NATO\u201c.<\/p>\n<p><a href=\"https:\/\/stranapro.cz\/\"><img decoding=\"async\" loading=\"lazy\" class=\"wp-image-40285 aligncenter\" src=\"http:\/\/www.infokuryr.cz\/n\/wp-content\/uploads\/2023\/11\/11pro-300x79.png\" alt=\"\" width=\"509\" height=\"134\" srcset=\"https:\/\/www.infokuryr.cz\/n\/wp-content\/uploads\/2023\/11\/11pro-300x79.png 300w, https:\/\/www.infokuryr.cz\/n\/wp-content\/uploads\/2023\/11\/11pro.png 363w\" sizes=\"(max-width: 509px) 100vw, 509px\" \/><\/a><\/p>\n<p>P\u0159ed rokem ve Var\u0161av\u011b Biden uvedl, \u017ee \u201e\u010dl\u00e1nek 5 je\u00a0<a href=\"https:\/\/www.whitehouse.gov\/briefing-room\/speeches-remarks\/2023\/02\/22\/remarks-by-president-biden-before-meeting-with-the-leaders-of-the-bucharest-nine\/\" target=\"_blank\" rel=\"noopener\">posv\u00e1tn\u00fd z\u00e1vazek<\/a>, kter\u00fd Spojen\u00e9 st\u00e1ty p\u0159ijaly\u201c. P\u0159esto se 13. \u00fanora tohoto roku pon\u011bkud pojistil, kdy\u017e k\u00a0vy\u0159\u010den\u00e9mu dodal, \u017ee to plat\u00ed \u201e<a href=\"https:\/\/www.whitehouse.gov\/briefing-room\/speeches-remarks\/2024\/02\/13\/remarks-by-president-biden-on-senate-passage-of-the-bipartisan-supplemental-agreement\/\" target=\"_blank\" rel=\"noopener\">dokud budu prezidentem<\/a>&#8230;.&#8220;.<\/p>\n<p>Za Donalda Trumpa se zaru\u010dit necht\u011bl. Pokud je n\u00e1m zn\u00e1mo, \u017e\u00e1dn\u00fd \u010desk\u00fd vysok\u00fd vl\u00e1dn\u00ed \u010di vojensk\u00fd \u010dinitel dosud \u201eposv\u00e1tn\u00fd z\u00e1vazek\u201c \u010dl\u00e1nku 5 nezpochybnil.\u00a0<a href=\"https:\/\/www.denik.cz\/z_domova\/petr-pavel-do-politiky-nechci-je-kontaminovana-20181006.html\" target=\"_blank\" rel=\"noopener\">Petr Pavel<\/a>\u00a0tak u\u010dinil v\u00a0roce 2018 a\u00a0<a href=\"https:\/\/www.facebook.com\/100063629803829\/posts\/715757496754975\/\" target=\"_blank\" rel=\"noopener\">Andrej Babi\u0161<\/a>\u00a0v\u00a0roce 2023, ale tehdy nezast\u00e1vali \u017e\u00e1dn\u00e9 vysok\u00e9 vl\u00e1dn\u00ed ani vojensk\u00e9 posty. P\u0159esto\u00a0<a href=\"https:\/\/www.fsfinalword.cz\/?page=archive&amp;show=1&amp;day=2024-2-27\" target=\"_blank\" rel=\"noopener\">n\u00e1\u010deln\u00edk gener\u00e1ln\u00edho \u0161t\u00e1bu arm\u00e1dy \u010cR Karel \u0158ehka<\/a>\u00a0nyn\u00ed vyslovil o\u0161klivou pravdu: \u010dl\u00e1nek 5 nen\u00ed z\u00e1rukou obrany. A\u00a0je st\u00e1le ve funkci.<\/p>\n<p><a href=\"https:\/\/www.fsfinalword.cz\/?page=archive&amp;day=2024-02-28&amp;utm_source=utm_source%3Dnewsletter&amp;utm_medium=utm_medium%3De-mail&amp;utm_campaign=utm_campaign%3Dfinal_word_28.2.2024\">Erik Best<\/a><\/p>\n<p><img decoding=\"async\" loading=\"lazy\" class=\"alignnone  wp-image-1179\" src=\"http:\/\/www.infokuryr.cz\/n\/wp-content\/uploads\/2021\/04\/erik-best.jpg\" alt=\"\" width=\"139\" height=\"156\" \/><\/p>\n<p><img decoding=\"async\" loading=\"lazy\" class=\" wp-image-47634 aligncenter\" src=\"http:\/\/www.infokuryr.cz\/n\/wp-content\/uploads\/2024\/02\/Pozvanka_Praha-_23.3.24-300x229.jpg\" alt=\"\" width=\"702\" height=\"536\" srcset=\"https:\/\/www.infokuryr.cz\/n\/wp-content\/uploads\/2024\/02\/Pozvanka_Praha-_23.3.24-300x229.jpg 300w, https:\/\/www.infokuryr.cz\/n\/wp-content\/uploads\/2024\/02\/Pozvanka_Praha-_23.3.24.jpg 595w\" sizes=\"(max-width: 702px) 100vw, 702px\" \/><\/p>\n<p>&nbsp;<\/p>\n<p>&nbsp;<\/p>\n","protected":false},"excerpt":{"rendered":"<p>Kolikr\u00e1t jsme sly\u0161eli Joea Bidena prohl\u00e1sit, \u017ee USA budou br\u00e1nit \u201eka\u017ed\u00fd centimetr \u00fazem\u00ed NATO\u201c? Nejm\u00e9n\u011b&#8230;<\/p>\n","protected":false},"author":2,"featured_media":29069,"comment_status":"closed","ping_status":"closed","sticky":false,"template":"","format":"standard","meta":[],"categories":[6],"tags":[5086,29,39],"_links":{"self":[{"href":"https:\/\/www.infokuryr.cz\/n\/wp-json\/wp\/v2\/posts\/48201"}],"collection":[{"href":"https:\/\/www.infokuryr.cz\/n\/wp-json\/wp\/v2\/posts"}],"about":[{"href":"https:\/\/www.infokuryr.cz\/n\/wp-json\/wp\/v2\/types\/post"}],"author":[{"embeddable":true,"href":"https:\/\/www.infokuryr.cz\/n\/wp-json\/wp\/v2\/users\/2"}],"replies":[{"embeddable":true,"href":"https:\/\/www.infokuryr.cz\/n\/wp-json\/wp\/v2\/comments?post=48201"}],"version-history":[{"count":0,"href":"https:\/\/www.infokuryr.cz\/n\/wp-json\/wp\/v2\/posts\/48201\/revisions"}],"wp:featuredmedia":[{"embeddable":true,"href":"https:\/\/www.infokuryr.cz\/n\/wp-json\/wp\/v2\/media\/29069"}],"wp:attachment":[{"href":"https:\/\/www.infokuryr.cz\/n\/wp-json\/wp\/v2\/media?parent=48201"}],"wp:term":[{"taxonomy":"category","embeddable":true,"href":"https:\/\/www.infokuryr.cz\/n\/wp-json\/wp\/v2\/categories?post=48201"},{"taxonomy":"post_tag","embeddable":true,"href":"https:\/\/www.infokuryr.cz\/n\/wp-json\/wp\/v2\/tags?post=48201"}],"curies":[{"name":"wp","href":"https:\/\/api.w.org\/{rel}","templated":true}]}}