{"id":48185,"date":"2024-02-29T00:44:38","date_gmt":"2024-02-28T23:44:38","guid":{"rendered":"https:\/\/www.infokuryr.cz\/n\/?p=48185"},"modified":"2024-02-28T18:12:09","modified_gmt":"2024-02-28T17:12:09","slug":"nemecko-muz-ze-severni-afriky-pobodal-dve-17lete-divky-pri-pokusu-o-loupez-z-nichz-jedna-je-v-kritickem-stavu","status":"publish","type":"post","link":"https:\/\/www.infokuryr.cz\/n\/2024\/02\/29\/nemecko-muz-ze-severni-afriky-pobodal-dve-17lete-divky-pri-pokusu-o-loupez-z-nichz-jedna-je-v-kritickem-stavu\/","title":{"rendered":"N\u011bmecko: \u201eMu\u017e ze Severn\u00ed Afriky\u201c pobodal dv\u011b 17let\u00e9 d\u00edvky p\u0159i pokusu o loupe\u017e, z nich\u017e jedna je v kritick\u00e9m stavu"},"content":{"rendered":"<div id=\"fb-root\"><\/div>\n<p><span style=\"font-size: 18pt;\"><strong>Policie po pachateli st\u00e1le p\u00e1tr\u00e1<\/strong><\/span><\/p>\n<p><span>Policie p\u00e1tr\u00e1 po mu\u017ei, jeho\u017e vzhled je \u201eseveroafrick\u00fd\u201c, kter\u00fd v n\u011bmeck\u00e9m m\u011bst\u011b Erkath pobodal dv\u011b 17let\u00e9 d\u00edvky p\u0159i pokusu o loupe\u017e.<\/span><\/p>\n<p><span>Ob\u011b d\u00edvky sed\u011bly na chr\u00e1n\u011bn\u00e9 lavi\u010dce na odlehl\u00e9 poln\u00ed cest\u011b, kdy\u017e zastavilo auto a mu\u017e se do\u017eadoval jejich kabelek.\u00a0Kdy\u017e ob\u011b ob\u011bti odm\u00edtly, mu\u017e zareagoval tak, \u017ee je oba brut\u00e1ln\u011b pobodal, co\u017e m\u011blo za n\u00e1sledek t\u011b\u017ek\u00e1 zran\u011bn\u00ed obou ob\u011bt\u00ed.<\/span><\/p>\n<p><span>Mu\u017e pot\u00e9 utekl ve st\u0159\u00edbrno-\u0161ed\u00e9m kup\u00e9 Mercedes.\u00a0I p\u0159es zran\u011bn\u00ed se ob\u011bma d\u00edvk\u00e1m poda\u0159ilo zavolat z\u00e1chrannou slu\u017ebu.\u00a0Na m\u00edsto dorazili z\u00e1chran\u00e1\u0159i, kte\u0159\u00ed zran\u011bn\u00e9 p\u0159evezli do nemocnice, jedna z nich je v kritick\u00e9m stavu.<\/span><\/p>\n<p><span>Mu\u017ee podle policie doprov\u00e1zel komplic, kter\u00fd st\u00e1l mimo. Oblast prohled\u00e1vali policist\u00e9, v\u010detn\u011b za pou\u017eit\u00ed vrtuln\u00edku, ale policist\u016fm se podle n\u011bmeck\u00e9ho listu <\/span><a class=\"ek-link\" href=\"https:\/\/www.welt.de\/vermischtes\/article250301212\/Brutaler-Raubueberfall-Taeter-wollte-Handtaschen-Zwei-17-jaehrige-Maedchen-mit-Messer-schwer-verletzt.html\"><span>Welt<\/span><\/a><span>\u00a0nepoda\u0159ilo pachatele naj\u00edt .<\/span><\/p>\n<p><span>V n\u011bmeck\u00e9 spolkov\u00e9 zemi Severn\u00ed Por\u00fdn\u00ed-Vestf\u00e1lsko nyn\u00ed po podez\u0159el\u00fdch p\u00e1tr\u00e1 jednotka na vra\u017edy, p\u0159i\u010dem\u017e jeden z mu\u017e\u016f je obvin\u011bn z pokusu o vra\u017edu.<\/span><\/p>\n<p><span>\u00dato\u010dn\u00edkovi je podle popisu mezi 15 a 22 lety, 1,75 metru vysok\u00fd (5&#8217;9\u2033) a m\u00e1 severoafrick\u00fd vzhled.<\/span><\/p>\n<p><span>Na \u00fatok u\u017e zareagovala protiimigra\u010dn\u00ed Alternativa pro N\u011bmecko (AfD).<\/span><\/p>\n<p><span>\u201eOb\u011b ob\u011bti jsou v\u00e1\u017en\u011b zran\u011bny a jedn\u00e9 z d\u00edvek nyn\u00ed hroz\u00ed smrt.\u00a0Takov\u00e9 zpr\u00e1vy jsou nesnesiteln\u00e9 a vy\u017eaduj\u00ed okam\u017eitou a d\u016fslednou akci: Zastavit masovou migraci, tvrd\u011b potrestat pachatele a okam\u017eit\u011b deportovat zahrani\u010dn\u00ed zlo\u010dince,\u201c napsala strana v prohl\u00e1\u0161en\u00ed.<\/span><\/p>\n<p><span>N\u011bmecko v posledn\u00edch letech zaznamenalo n\u00e1r\u016fst \u00fatok\u016f no\u017eem a loupe\u017e\u00ed.<\/span><\/p>\n<p><img decoding=\"async\" loading=\"lazy\" class=\"alignnone size-full wp-image-1185\" src=\"http:\/\/www.infokuryr.cz\/n\/wp-content\/uploads\/2021\/04\/kuryr-podpis.png\" alt=\"\" width=\"84\" height=\"24\" \/><\/p>\n<p>&nbsp;<\/p>\n<p>&nbsp;<\/p>\n","protected":false},"excerpt":{"rendered":"<p>Policie po pachateli st\u00e1le p\u00e1tr\u00e1 Policie p\u00e1tr\u00e1 po mu\u017ei, jeho\u017e vzhled je \u201eseveroafrick\u00fd\u201c, kter\u00fd v&#8230;<\/p>\n","protected":false},"author":2,"featured_media":37718,"comment_status":"closed","ping_status":"closed","sticky":false,"template":"","format":"standard","meta":[],"categories":[7],"tags":[1611,551,369,84],"_links":{"self":[{"href":"https:\/\/www.infokuryr.cz\/n\/wp-json\/wp\/v2\/posts\/48185"}],"collection":[{"href":"https:\/\/www.infokuryr.cz\/n\/wp-json\/wp\/v2\/posts"}],"about":[{"href":"https:\/\/www.infokuryr.cz\/n\/wp-json\/wp\/v2\/types\/post"}],"author":[{"embeddable":true,"href":"https:\/\/www.infokuryr.cz\/n\/wp-json\/wp\/v2\/users\/2"}],"replies":[{"embeddable":true,"href":"https:\/\/www.infokuryr.cz\/n\/wp-json\/wp\/v2\/comments?post=48185"}],"version-history":[{"count":0,"href":"https:\/\/www.infokuryr.cz\/n\/wp-json\/wp\/v2\/posts\/48185\/revisions"}],"wp:featuredmedia":[{"embeddable":true,"href":"https:\/\/www.infokuryr.cz\/n\/wp-json\/wp\/v2\/media\/37718"}],"wp:attachment":[{"href":"https:\/\/www.infokuryr.cz\/n\/wp-json\/wp\/v2\/media?parent=48185"}],"wp:term":[{"taxonomy":"category","embeddable":true,"href":"https:\/\/www.infokuryr.cz\/n\/wp-json\/wp\/v2\/categories?post=48185"},{"taxonomy":"post_tag","embeddable":true,"href":"https:\/\/www.infokuryr.cz\/n\/wp-json\/wp\/v2\/tags?post=48185"}],"curies":[{"name":"wp","href":"https:\/\/api.w.org\/{rel}","templated":true}]}}