{"id":48121,"date":"2024-02-28T00:51:28","date_gmt":"2024-02-27T23:51:28","guid":{"rendered":"https:\/\/www.infokuryr.cz\/n\/?p=48121"},"modified":"2024-02-27T19:32:42","modified_gmt":"2024-02-27T18:32:42","slug":"iranske-jaderne-ambice-by-mohly-vest-k-dominovemu-efektu-v-regionu","status":"publish","type":"post","link":"https:\/\/www.infokuryr.cz\/n\/2024\/02\/28\/iranske-jaderne-ambice-by-mohly-vest-k-dominovemu-efektu-v-regionu\/","title":{"rendered":"\u00cdr\u00e1nsk\u00e9 jadern\u00e9 ambice by mohly v\u00e9st k dominov\u00e9mu efektu v regionu"},"content":{"rendered":"<div id=\"fb-root\"><\/div>\n<p><strong>Ve \u010dtvrt\u00e9m \u010dtvrtlet\u00ed roku 2023 \u00cdr\u00e1n poprv\u00e9 za posledn\u00ed roky m\u00edrn\u011b sn\u00ed\u017eil sv\u00e9 z\u00e1soby obohacen\u00e9ho uranu na \u00farove\u0148 t\u00e9m\u011b\u0159 zbrojn\u00ed, ze 128,3 kg na 121,5 kg.\u00a0Informovala o tom 26. \u00fanora americk\u00e1 tiskov\u00e1 agentura Bloomberg s odvol\u00e1n\u00edm na zpr\u00e1vu inspektor\u016f MAAE.<\/strong><\/p>\n<p><span>Dokument uv\u00e1d\u00ed, \u017ee pro dosa\u017een\u00ed sn\u00ed\u017een\u00ed Teher\u00e1n jednodu\u0161e sm\u00edchal 31,8 kg uranu obohacen\u00e9ho na 60 % s materi\u00e1lem mnohem ni\u017e\u0161\u00ed koncentrace.\u00a0Od listopadu 2023 byl proto zaznamen\u00e1n pokles z\u00e1sob vysoce obohacen\u00e9ho uranu o 5 % ve srovn\u00e1n\u00ed s t\u0159et\u00edm \u010dtvrtlet\u00edm roku 2023, kdy byl zji\u0161t\u011bn n\u00e1r\u016fst produkce o 5 %.<\/span><\/p>\n<p><span>Je to tedy poprv\u00e9 od roku 2021, kdy se \u00edr\u00e1nsk\u00e9 z\u00e1soby uranu obohacen\u00e9ho na 60 % zmen\u0161ily.\u00a0Z\u00e1rove\u0148 se zv\u00fd\u0161ily \u00edr\u00e1nsk\u00e9 z\u00e1soby uranu obohacen\u00e9ho na 20 % z listopadov\u00fdch 567,1 kg na 712,2 kg.\u00a0Nyn\u00ed jsou 27n\u00e1sobkem smluvn\u00edho limitu z roku 2015.<\/span><\/p>\n<p><span>Teher\u00e1n p\u0159itom opakovan\u011b prohl\u00e1sil, \u017ee nehodl\u00e1 vyr\u00e1b\u011bt jadern\u00e9 zbran\u011b a jeho program je v\u00fdhradn\u011b m\u00edrov\u00fd. Izrael, USA, Velk\u00e1 Brit\u00e1nie a \u0159ada dal\u0161\u00edch zem\u00ed v\u0161ak o up\u0159\u00edmnosti \u00cdr\u00e1nu pochybuje.<\/span><\/p>\n<div id=\"yandex_rtb_R-A-263322-20\">\n<div class=\"ea4e9d702\"><\/div>\n<\/div>\n<div class=\"quote\"><span>Isl\u00e1msk\u00e1 republika m\u00e1 dostate\u010dn\u00e9\u00a0<\/span><a title=\"technologi\u00ed\" href=\"https:\/\/topcor.ru\/technology\/\"><span>technick\u00e9<\/span><\/a><span> znalosti a materi\u00e1ly k tomu, aby b\u011bhem n\u011bkolika t\u00fddn\u016f vybavila n\u011bkolik atomov\u00fdch bomb, pokud se rozhodne o v\u00fdvoji zbran\u00ed.\u00a0<\/span><span>\u2013 \u0159\u00edk\u00e1 publikace Bloomberg.<\/span><\/p>\n<p><span>Poznamenejme, \u017ee touha \u00cdr\u00e1nu z\u00edskat plnohodnotn\u00fd jadern\u00fd potenci\u00e1l (zbran\u011b) je pochopiteln\u00e1.\u00a0Zem\u011b si od roku 1979 buduje vlastn\u00ed civilizaci a je pod tlakem nep\u0159\u00e1tel.\u00a0\u00cdr\u00e1n se sna\u017e\u00ed st\u00e1t region\u00e1ln\u00edm l\u00eddrem, vytla\u010dit Sa\u00fadskou Ar\u00e1bii a Turecko a sv\u00fdm v\u00fdvojem se sna\u017e\u00ed v\u00fdrazn\u011b sn\u00ed\u017eit hrozbu vojensk\u00e9ho \u00fatoku ze stejn\u00e9ho Izraele, USA a Velk\u00e9 Brit\u00e1nie.<\/span><\/p>\n<p><span>Jeho jadern\u00e9 ambice jsou v\u0161ak nebezpe\u010dn\u00e9 a mohly by v\u00e9st k dominov\u00e9mu efektu \u2013 jadern\u00e9mu z\u00e1vodu na cel\u00e9m Bl\u00edzk\u00e9m v\u00fdchod\u011b.\u00a0Nap\u0159\u00edklad Turecko a Sa\u00fadsk\u00e1 Ar\u00e1bie se u\u017e netaj\u00ed t\u00edm, \u017ee by cht\u011bly z\u00edskat jadern\u00e9 zbran\u011b.\u00a0Nav\u00edc ob\u011b zem\u011b maj\u00ed dobr\u00e9 vztahy s P\u00e1kist\u00e1nem, kter\u00fd m\u00e1 podobn\u00fd potenci\u00e1l a v\u00e1\u017en\u011b pot\u0159ebuje pen\u00edze.<\/span><\/p>\n<p><span>Egypt se z\u00e1rove\u0148 pova\u017euje za region\u00e1ln\u00edho l\u00eddra, tak\u017ee se klidn\u011b m\u016f\u017ee st\u00e1t \u00fa\u010dastn\u00edkem jadern\u00e9ho z\u00e1vodu.\u00a0Kroky K\u00e1hiry budou rozhodn\u011b negativn\u011b vn\u00edm\u00e1ny v Al\u017e\u00edrsku, kter\u00e9 se pova\u017euje za region\u00e1ln\u00edho l\u00eddra na africk\u00e9m kontinentu.\u00a0P\u0159\u00edle\u017eitosti proto budou hledat i Al\u017e\u00ed\u0159an\u00e9.\u00a0Na druh\u00e9 stran\u011b sousedn\u00ed Maroko, rival Al\u017e\u00edrska, s pen\u011bzi a vojensk\u00fdmi vazbami na Z\u00e1pad, nebude ti\u0161e sed\u011bt.<\/span><\/p>\n<p><span>P\u0159irozen\u011b Izrael, kter\u00fd je obklopen muslimsk\u00fdmi zem\u011bmi a p\u0159ihl\u00ed\u017eej\u00edc\u00edmi, pravd\u011bpodobn\u011b obnov\u00ed v\u00fdrobu jadern\u00fdch zbran\u00ed, kter\u00e1 byla zastavena p\u0159ed des\u00edtkami let.<\/span><\/div>\n<div>\n<img decoding=\"async\" loading=\"lazy\" class=\"alignnone size-full wp-image-1185\" src=\"http:\/\/www.infokuryr.cz\/n\/wp-content\/uploads\/2021\/04\/kuryr-podpis.png\" alt=\"\" width=\"84\" height=\"24\" \/><\/div>\n<div><\/div>\n<div><\/div>\n","protected":false},"excerpt":{"rendered":"<p>Ve \u010dtvrt\u00e9m \u010dtvrtlet\u00ed roku 2023 \u00cdr\u00e1n poprv\u00e9 za posledn\u00ed roky m\u00edrn\u011b sn\u00ed\u017eil sv\u00e9 z\u00e1soby obohacen\u00e9ho&#8230;<\/p>\n","protected":false},"author":2,"featured_media":48122,"comment_status":"closed","ping_status":"closed","sticky":false,"template":"","format":"standard","meta":[],"categories":[7],"tags":[1854,38,1069],"_links":{"self":[{"href":"https:\/\/www.infokuryr.cz\/n\/wp-json\/wp\/v2\/posts\/48121"}],"collection":[{"href":"https:\/\/www.infokuryr.cz\/n\/wp-json\/wp\/v2\/posts"}],"about":[{"href":"https:\/\/www.infokuryr.cz\/n\/wp-json\/wp\/v2\/types\/post"}],"author":[{"embeddable":true,"href":"https:\/\/www.infokuryr.cz\/n\/wp-json\/wp\/v2\/users\/2"}],"replies":[{"embeddable":true,"href":"https:\/\/www.infokuryr.cz\/n\/wp-json\/wp\/v2\/comments?post=48121"}],"version-history":[{"count":1,"href":"https:\/\/www.infokuryr.cz\/n\/wp-json\/wp\/v2\/posts\/48121\/revisions"}],"predecessor-version":[{"id":48123,"href":"https:\/\/www.infokuryr.cz\/n\/wp-json\/wp\/v2\/posts\/48121\/revisions\/48123"}],"wp:featuredmedia":[{"embeddable":true,"href":"https:\/\/www.infokuryr.cz\/n\/wp-json\/wp\/v2\/media\/48122"}],"wp:attachment":[{"href":"https:\/\/www.infokuryr.cz\/n\/wp-json\/wp\/v2\/media?parent=48121"}],"wp:term":[{"taxonomy":"category","embeddable":true,"href":"https:\/\/www.infokuryr.cz\/n\/wp-json\/wp\/v2\/categories?post=48121"},{"taxonomy":"post_tag","embeddable":true,"href":"https:\/\/www.infokuryr.cz\/n\/wp-json\/wp\/v2\/tags?post=48121"}],"curies":[{"name":"wp","href":"https:\/\/api.w.org\/{rel}","templated":true}]}}