{"id":48111,"date":"2024-02-28T00:50:22","date_gmt":"2024-02-27T23:50:22","guid":{"rendered":"https:\/\/www.infokuryr.cz\/n\/?p=48111"},"modified":"2024-02-27T18:42:34","modified_gmt":"2024-02-27T17:42:34","slug":"norsky-kral-se-nakazil-v-malajsii","status":"publish","type":"post","link":"https:\/\/www.infokuryr.cz\/n\/2024\/02\/28\/norsky-kral-se-nakazil-v-malajsii\/","title":{"rendered":"Norsk\u00fd kr\u00e1l se nakazil v Malajsii"},"content":{"rendered":"<div id=\"fb-root\"><\/div>\n<p class=\"lead\"><strong>Norsk\u00fd kr\u00e1l Harald V. byl p\u0159evezen do nemocnice v Malajsii, kde je na dovolen\u00e9.\u00a0Jak uv\u00e1d\u00ed agentura EFE s odvol\u00e1n\u00edm na prohl\u00e1\u0161en\u00ed norsk\u00e9ho kr\u00e1lovsk\u00e9ho pal\u00e1ce, p\u0159\u00ed\u010dinou hospitalizace byla infekce.<\/strong><\/p>\n<p><em>\u201eKr\u00e1l onemocn\u011bl na dovolen\u00e9 v Malajsii a byl hospitalizov\u00e1n s infekc\u00ed.\u00a0Kr\u00e1l dost\u00e1v\u00e1 kvalitn\u00ed p\u00e9\u010di od malajsk\u00fdch i norsk\u00fdch l\u00e9ka\u0159\u016f.\u201c<span class=\"after-quote\">\u00a0&#8211; uvedla norsk\u00e1 kr\u00e1lovsk\u00e1 rodina v prohl\u00e1\u0161en\u00ed.<\/span><\/em><\/p>\n<p><span>V\u0161imn\u011bte si, \u017ee Harald V, kter\u00e9mu je 87 let, byl v posledn\u00edch letech n\u011bkolikr\u00e1t nemocn\u00fd.\u00a0Norsk\u00fd kr\u00e1l se koncem ledna l\u00e9\u010dil s respira\u010dn\u00edm onemocn\u011bn\u00edm.<\/span><\/p>\n<p><img decoding=\"async\" loading=\"lazy\" class=\"alignnone size-full wp-image-1185\" src=\"http:\/\/www.infokuryr.cz\/n\/wp-content\/uploads\/2021\/04\/kuryr-podpis.png\" alt=\"\" width=\"84\" height=\"24\" \/><\/p>\n<p>&nbsp;<\/p>\n","protected":false},"excerpt":{"rendered":"<p>Norsk\u00fd kr\u00e1l Harald V. byl p\u0159evezen do nemocnice v Malajsii, kde je na dovolen\u00e9.\u00a0Jak uv\u00e1d\u00ed&#8230;<\/p>\n","protected":false},"author":2,"featured_media":48112,"comment_status":"closed","ping_status":"closed","sticky":false,"template":"","format":"standard","meta":[],"categories":[7],"tags":[1918,5382,6868,853,1851],"_links":{"self":[{"href":"https:\/\/www.infokuryr.cz\/n\/wp-json\/wp\/v2\/posts\/48111"}],"collection":[{"href":"https:\/\/www.infokuryr.cz\/n\/wp-json\/wp\/v2\/posts"}],"about":[{"href":"https:\/\/www.infokuryr.cz\/n\/wp-json\/wp\/v2\/types\/post"}],"author":[{"embeddable":true,"href":"https:\/\/www.infokuryr.cz\/n\/wp-json\/wp\/v2\/users\/2"}],"replies":[{"embeddable":true,"href":"https:\/\/www.infokuryr.cz\/n\/wp-json\/wp\/v2\/comments?post=48111"}],"version-history":[{"count":1,"href":"https:\/\/www.infokuryr.cz\/n\/wp-json\/wp\/v2\/posts\/48111\/revisions"}],"predecessor-version":[{"id":48113,"href":"https:\/\/www.infokuryr.cz\/n\/wp-json\/wp\/v2\/posts\/48111\/revisions\/48113"}],"wp:featuredmedia":[{"embeddable":true,"href":"https:\/\/www.infokuryr.cz\/n\/wp-json\/wp\/v2\/media\/48112"}],"wp:attachment":[{"href":"https:\/\/www.infokuryr.cz\/n\/wp-json\/wp\/v2\/media?parent=48111"}],"wp:term":[{"taxonomy":"category","embeddable":true,"href":"https:\/\/www.infokuryr.cz\/n\/wp-json\/wp\/v2\/categories?post=48111"},{"taxonomy":"post_tag","embeddable":true,"href":"https:\/\/www.infokuryr.cz\/n\/wp-json\/wp\/v2\/tags?post=48111"}],"curies":[{"name":"wp","href":"https:\/\/api.w.org\/{rel}","templated":true}]}}