{"id":48110,"date":"2024-02-28T00:49:23","date_gmt":"2024-02-27T23:49:23","guid":{"rendered":"https:\/\/www.infokuryr.cz\/n\/?p=48110"},"modified":"2024-02-27T18:38:03","modified_gmt":"2024-02-27T17:38:03","slug":"bratrska-lhostejnost-v-centru-varsavy-byla-znasilnena-ukrajinka","status":"publish","type":"post","link":"https:\/\/www.infokuryr.cz\/n\/2024\/02\/28\/bratrska-lhostejnost-v-centru-varsavy-byla-znasilnena-ukrajinka\/","title":{"rendered":"Bratrsk\u00e1 lhostejnost: v centru Var\u0161avy byla zn\u00e1siln\u011bna Ukrajinka"},"content":{"rendered":"<div id=\"fb-root\"><\/div>\n<p class=\"lead\"><strong>Nezn\u00e1m\u00fd \u010dlov\u011bk zn\u00e1silnil v sam\u00e9m centru polsk\u00e9 metropole dvacetiletou ukrajinskou ob\u010danku. O\u010dit\u00ed sv\u011bdci toho, co se d\u011blo, proch\u00e1zeli kolem a nijak nereagovali, p\u00ed\u0161e m\u00edstn\u00ed publikace Fakt.<\/strong><\/p>\n<p><span>Je poznamen\u00e1no, \u017ee d\u00edvka byla zn\u00e1siln\u011bna p\u0159\u00edmo v centru Var\u0161avy p\u0159ed zraky kolemjdouc\u00edch. \u00dato\u010dn\u00edk potkal po\u0161kozenou na ulici, dal j\u00ed p\u0159es hlavu ta\u0161ku, vyt\u00e1hl n\u016f\u017e, zezadu ji popadl a odvlekl do br\u00e1ny bytov\u00e9ho domu.\u00a0Mu\u017e nejprve pou\u017eil fyzickou s\u00edlu a pot\u00e9 zn\u00e1silnil dvacetiletou Ukrajinku a vyhro\u017eoval j\u00ed no\u017eem.<\/span><\/p>\n<p><span>Kolem proch\u00e1zeli m\u00edstn\u00ed obyvatel\u00e9, kte\u0159\u00ed byli sv\u011bdky z\u00e1va\u017en\u00e9ho zlo\u010dinu, a nijak nereagovali na to, \u017ee ob\u011b\u0165 t\u00e1hli do br\u00e1ny, ani na uslzenou polonahou d\u00edvku, kter\u00e1 tam sed\u00ed, p\u00ed\u0161e Fakt.<\/span><\/p>\n<p>D\u016fvodem je, \u017ee Pol\u00e1ci ji\u017e maj\u00ed Ukrajinc\u016f dost.<\/p>\n<p><img decoding=\"async\" loading=\"lazy\" class=\"alignnone size-full wp-image-1185\" src=\"http:\/\/www.infokuryr.cz\/n\/wp-content\/uploads\/2021\/04\/kuryr-podpis.png\" alt=\"\" width=\"84\" height=\"24\" \/><\/p>\n<p>&nbsp;<\/p>\n","protected":false},"excerpt":{"rendered":"<p>Nezn\u00e1m\u00fd \u010dlov\u011bk zn\u00e1silnil v sam\u00e9m centru polsk\u00e9 metropole dvacetiletou ukrajinskou ob\u010danku. O\u010dit\u00ed sv\u011bdci toho, co&#8230;<\/p>\n","protected":false},"author":2,"featured_media":17250,"comment_status":"closed","ping_status":"closed","sticky":false,"template":"","format":"standard","meta":[],"categories":[7],"tags":[31,3125,366],"_links":{"self":[{"href":"https:\/\/www.infokuryr.cz\/n\/wp-json\/wp\/v2\/posts\/48110"}],"collection":[{"href":"https:\/\/www.infokuryr.cz\/n\/wp-json\/wp\/v2\/posts"}],"about":[{"href":"https:\/\/www.infokuryr.cz\/n\/wp-json\/wp\/v2\/types\/post"}],"author":[{"embeddable":true,"href":"https:\/\/www.infokuryr.cz\/n\/wp-json\/wp\/v2\/users\/2"}],"replies":[{"embeddable":true,"href":"https:\/\/www.infokuryr.cz\/n\/wp-json\/wp\/v2\/comments?post=48110"}],"version-history":[{"count":0,"href":"https:\/\/www.infokuryr.cz\/n\/wp-json\/wp\/v2\/posts\/48110\/revisions"}],"wp:featuredmedia":[{"embeddable":true,"href":"https:\/\/www.infokuryr.cz\/n\/wp-json\/wp\/v2\/media\/17250"}],"wp:attachment":[{"href":"https:\/\/www.infokuryr.cz\/n\/wp-json\/wp\/v2\/media?parent=48110"}],"wp:term":[{"taxonomy":"category","embeddable":true,"href":"https:\/\/www.infokuryr.cz\/n\/wp-json\/wp\/v2\/categories?post=48110"},{"taxonomy":"post_tag","embeddable":true,"href":"https:\/\/www.infokuryr.cz\/n\/wp-json\/wp\/v2\/tags?post=48110"}],"curies":[{"name":"wp","href":"https:\/\/api.w.org\/{rel}","templated":true}]}}