{"id":48086,"date":"2024-02-28T00:38:57","date_gmt":"2024-02-27T23:38:57","guid":{"rendered":"https:\/\/www.infokuryr.cz\/n\/?p=48086"},"modified":"2024-02-27T16:16:35","modified_gmt":"2024-02-27T15:16:35","slug":"polsti-autodopravci-se-znovu-pripoji-k-farmarum-v-blokadach-hranicnich-prechodu","status":"publish","type":"post","link":"https:\/\/www.infokuryr.cz\/n\/2024\/02\/28\/polsti-autodopravci-se-znovu-pripoji-k-farmarum-v-blokadach-hranicnich-prechodu\/","title":{"rendered":"Pol\u0161t\u00ed autodopravci se znovu p\u0159ipoj\u00ed k farm\u00e1\u0159\u016fm v blok\u00e1d\u00e1ch hrani\u010dn\u00edch p\u0159echod\u016f"},"content":{"rendered":"<div id=\"fb-root\"><\/div>\n<p><span style=\"font-size: 14pt;\"><strong>K polsk\u00fdm farm\u00e1\u0159\u016fm protestuj\u00edc\u00edm proti klimatick\u00fdm politik\u00e1m EU a dovozu ukrajinsk\u00fdch zem\u011bd\u011blsk\u00fdch produkt\u016f se p\u0159ipojuj\u00ed pol\u0161t\u00ed \u0159idi\u010di kamion\u016f protestuj\u00edc\u00ed proti nekal\u00e9 konkurenci ze strany ukrajinsk\u00fdch autodopravc\u016f<\/strong><\/span><\/p>\n<p><a class=\"ek-link\" href=\"https:\/\/rmx.news\/poland\/polish-truckers-and-farmers-have-been-betrayed-by-polish-government-says-confederation-party\/\"><span>Pol\u0161t\u00ed autodopravci<\/span><\/a><span>\u00a0maj\u00ed obnovit protest proti blok\u00e1d\u011b hranic 1. b\u0159ezna pot\u00e9, co p\u0159edt\u00edm pozastavili sv\u00e9 protestn\u00ed akce na p\u0159elomu roku.\u00a0Autodopravci znovu demonstruj\u00ed, proto\u017ee nejsou spokojeni s t\u00edm, co bylo ud\u011bl\u00e1no, aby ukrajinsk\u00e9 p\u0159epravn\u00ed spole\u010dnosti zabr\u00e1nily vytv\u00e1\u0159en\u00ed nekal\u00e9 konkurence na polsk\u00e9m dopravn\u00edm trhu.\u00a0<\/span><\/p>\n<p><span>Pokra\u010duj\u00edc\u00ed\u00a0<\/span><a class=\"ek-link\" href=\"https:\/\/rmx.news\/article\/major-escalation-polish-farmers-block-germanys-vital-a2-autobahn\/\"><span>protesty zem\u011bd\u011blc\u016f<\/span><\/a><span>\u00a0se t\u00fdkaj\u00ed tak\u00e9 obchodn\u00edch vztah\u016f s Ukrajinou, p\u0159i\u010dem\u017e zem\u011bd\u011blci protestuj\u00ed proti rozhodnut\u00ed Evropsk\u00e9 komise prodlou\u017eit obchodn\u00ed dohodu s Ukrajinou, kter\u00e1 umo\u017en\u00ed ukrajinsk\u00fdm zem\u011bd\u011blsk\u00fdm produkt\u016fm proudit do EU, p\u0159esto\u017ee tyto produkty nespl\u0148uj\u00ed normy EU.<\/span><\/p>\n<figure class=\"wp-block-embed is-type-rich is-provider-twitter wp-block-embed-twitter\">\n<div class=\"wp-block-embed__wrapper\">\n<div class=\"twitter-tweet twitter-tweet-rendered\"><iframe id=\"twitter-widget-0\" class=\"\" title=\"X Post\" src=\"https:\/\/platform.twitter.com\/embed\/Tweet.html?dnt=true&amp;embedId=twitter-widget-0&amp;features=eyJ0ZndfdGltZWxpbmVfbGlzdCI6eyJidWNrZXQiOltdLCJ2ZXJzaW9uIjpudWxsfSwidGZ3X2ZvbGxvd2VyX2NvdW50X3N1bnNldCI6eyJidWNrZXQiOnRydWUsInZlcnNpb24iOm51bGx9LCJ0ZndfdHdlZXRfZWRpdF9iYWNrZW5kIjp7ImJ1Y2tldCI6Im9uIiwidmVyc2lvbiI6bnVsbH0sInRmd19yZWZzcmNfc2Vzc2lvbiI6eyJidWNrZXQiOiJvbiIsInZlcnNpb24iOm51bGx9LCJ0ZndfZm9zbnJfc29mdF9pbnRlcnZlbnRpb25zX2VuYWJsZWQiOnsiYnVja2V0Ijoib24iLCJ2ZXJzaW9uIjpudWxsfSwidGZ3X21peGVkX21lZGlhXzE1ODk3Ijp7ImJ1Y2tldCI6InRyZWF0bWVudCIsInZlcnNpb24iOm51bGx9LCJ0ZndfZXhwZXJpbWVudHNfY29va2llX2V4cGlyYXRpb24iOnsiYnVja2V0IjoxMjA5NjAwLCJ2ZXJzaW9uIjpudWxsfSwidGZ3X3Nob3dfYmlyZHdhdGNoX3Bpdm90c19lbmFibGVkIjp7ImJ1Y2tldCI6Im9uIiwidmVyc2lvbiI6bnVsbH0sInRmd19kdXBsaWNhdGVfc2NyaWJlc190b19zZXR0aW5ncyI6eyJidWNrZXQiOiJvbiIsInZlcnNpb24iOm51bGx9LCJ0ZndfdXNlX3Byb2ZpbGVfaW1hZ2Vfc2hhcGVfZW5hYmxlZCI6eyJidWNrZXQiOiJvbiIsInZlcnNpb24iOm51bGx9LCJ0ZndfdmlkZW9faGxzX2R5bmFtaWNfbWFuaWZlc3RzXzE1MDgyIjp7ImJ1Y2tldCI6InRydWVfYml0cmF0ZSIsInZlcnNpb24iOm51bGx9LCJ0ZndfbGVnYWN5X3RpbWVsaW5lX3N1bnNldCI6eyJidWNrZXQiOnRydWUsInZlcnNpb24iOm51bGx9LCJ0ZndfdHdlZXRfZWRpdF9mcm9udGVuZCI6eyJidWNrZXQiOiJvbiIsInZlcnNpb24iOm51bGx9fQ%3D%3D&amp;frame=false&amp;hideCard=false&amp;hideThread=false&amp;id=1759961630610219282&amp;lang=cs&amp;origin=https%3A%2F%2Frmx.news%2Farticle%2Fpolish-truckers-to-rejoin-the-farmers-in-border-crossing-blockades%2F&amp;sessionId=8946e8483c4659c1f0e82213fa3f0ea9ffe5b696&amp;theme=light&amp;widgetsVersion=2615f7e52b7e0%3A1702314776716&amp;width=550px\" frameborder=\"0\" scrolling=\"no\" allowfullscreen=\"allowfullscreen\" data-tweet-id=\"1759961630610219282\" data-mce-fragment=\"1\"><\/iframe><\/div>\n<\/div>\n<\/figure>\n<p><span>Zem\u011bd\u011blci jsou tak\u00e9 ve zbrani ohledn\u011b politik EU v oblasti klimatu, kter\u00e9 ovliv\u0148uj\u00ed n\u00e1klady na energii a chov dobytka.\u00a0V \u00fater\u00fd 27. \u00fanora maj\u00ed farm\u00e1\u0159i uspo\u0159\u00e1dat masov\u00fd protest v polsk\u00e9m hlavn\u00edm m\u011bst\u011b Var\u0161av\u011b.\u00a0\u00a0<\/span><\/p>\n<p><span>Akce trucker\u016f 1. b\u0159ezna bude znamenat obnoven\u00ed akce, kter\u00e1 za\u010dala 6. listopadu. Byla jim p\u0159isl\u00edbena vl\u00e1dn\u00ed akce ke zp\u0159\u00edsn\u011bn\u00ed kontrol ukrajinsk\u00fdch p\u0159epravn\u00edch firem, ale tyto sliby nebyly dodr\u017eeny.\u00a0Autodopravci po\u017eaduj\u00ed znovuzaveden\u00ed licenc\u00ed pro ukrajinsk\u00e9 autodopravce.<\/span><\/p>\n<p><span>B\u00fdval\u00fd polsk\u00fd konzervativn\u00ed premi\u00e9r (PiS) Mateusz Morawiecki v pond\u011bl\u00ed nav\u0161t\u00edvil X, aby podpo\u0159il protestuj\u00edc\u00ed farm\u00e1\u0159e.\u00a0Vyzval vl\u00e1du, aby zavedla embargo na\u00a0<\/span><a class=\"ek-link\" href=\"https:\/\/rmx.news\/article\/video-polish-farmers-dump-ukrainian-grain-in-protest-at-the-border\/\"><span>ukrajinsk\u00e9 zem\u011bd\u011blsk\u00e9 produkty<\/span><\/a><span>\u00a0.\u00a0<\/span><\/p>\n<figure class=\"wp-block-embed is-type-rich is-provider-twitter wp-block-embed-twitter\">\n<div class=\"wp-block-embed__wrapper\">\n<div class=\"twitter-tweet twitter-tweet-rendered\"><iframe id=\"twitter-widget-1\" class=\"\" title=\"X Post\" src=\"https:\/\/platform.twitter.com\/embed\/Tweet.html?dnt=true&amp;embedId=twitter-widget-1&amp;features=eyJ0ZndfdGltZWxpbmVfbGlzdCI6eyJidWNrZXQiOltdLCJ2ZXJzaW9uIjpudWxsfSwidGZ3X2ZvbGxvd2VyX2NvdW50X3N1bnNldCI6eyJidWNrZXQiOnRydWUsInZlcnNpb24iOm51bGx9LCJ0ZndfdHdlZXRfZWRpdF9iYWNrZW5kIjp7ImJ1Y2tldCI6Im9uIiwidmVyc2lvbiI6bnVsbH0sInRmd19yZWZzcmNfc2Vzc2lvbiI6eyJidWNrZXQiOiJvbiIsInZlcnNpb24iOm51bGx9LCJ0ZndfZm9zbnJfc29mdF9pbnRlcnZlbnRpb25zX2VuYWJsZWQiOnsiYnVja2V0Ijoib24iLCJ2ZXJzaW9uIjpudWxsfSwidGZ3X21peGVkX21lZGlhXzE1ODk3Ijp7ImJ1Y2tldCI6InRyZWF0bWVudCIsInZlcnNpb24iOm51bGx9LCJ0ZndfZXhwZXJpbWVudHNfY29va2llX2V4cGlyYXRpb24iOnsiYnVja2V0IjoxMjA5NjAwLCJ2ZXJzaW9uIjpudWxsfSwidGZ3X3Nob3dfYmlyZHdhdGNoX3Bpdm90c19lbmFibGVkIjp7ImJ1Y2tldCI6Im9uIiwidmVyc2lvbiI6bnVsbH0sInRmd19kdXBsaWNhdGVfc2NyaWJlc190b19zZXR0aW5ncyI6eyJidWNrZXQiOiJvbiIsInZlcnNpb24iOm51bGx9LCJ0ZndfdXNlX3Byb2ZpbGVfaW1hZ2Vfc2hhcGVfZW5hYmxlZCI6eyJidWNrZXQiOiJvbiIsInZlcnNpb24iOm51bGx9LCJ0ZndfdmlkZW9faGxzX2R5bmFtaWNfbWFuaWZlc3RzXzE1MDgyIjp7ImJ1Y2tldCI6InRydWVfYml0cmF0ZSIsInZlcnNpb24iOm51bGx9LCJ0ZndfbGVnYWN5X3RpbWVsaW5lX3N1bnNldCI6eyJidWNrZXQiOnRydWUsInZlcnNpb24iOm51bGx9LCJ0ZndfdHdlZXRfZWRpdF9mcm9udGVuZCI6eyJidWNrZXQiOiJvbiIsInZlcnNpb24iOm51bGx9fQ%3D%3D&amp;frame=false&amp;hideCard=false&amp;hideThread=false&amp;id=1762076521571774581&amp;lang=cs&amp;origin=https%3A%2F%2Frmx.news%2Farticle%2Fpolish-truckers-to-rejoin-the-farmers-in-border-crossing-blockades%2F&amp;sessionId=8946e8483c4659c1f0e82213fa3f0ea9ffe5b696&amp;theme=light&amp;widgetsVersion=2615f7e52b7e0%3A1702314776716&amp;width=550px\" frameborder=\"0\" scrolling=\"no\" allowfullscreen=\"allowfullscreen\" data-tweet-id=\"1762076521571774581\" data-mce-fragment=\"1\"><\/iframe><\/div>\n<\/div>\n<\/figure>\n<div class=\"wp-block-algori-social-share-buttons-block-algori-social-share-buttons\"><img decoding=\"async\" loading=\"lazy\" class=\"alignnone size-full wp-image-1185\" src=\"http:\/\/www.infokuryr.cz\/n\/wp-content\/uploads\/2021\/04\/kuryr-podpis.png\" alt=\"\" width=\"84\" height=\"24\" \/><\/p>\n<\/div>\n","protected":false},"excerpt":{"rendered":"<p>K polsk\u00fdm farm\u00e1\u0159\u016fm protestuj\u00edc\u00edm proti klimatick\u00fdm politik\u00e1m EU a dovozu ukrajinsk\u00fdch zem\u011bd\u011blsk\u00fdch produkt\u016f se p\u0159ipojuj\u00ed&#8230;<\/p>\n","protected":false},"author":2,"featured_media":41085,"comment_status":"closed","ping_status":"closed","sticky":false,"template":"","format":"standard","meta":[],"categories":[7],"tags":[2036,2739,31,95],"_links":{"self":[{"href":"https:\/\/www.infokuryr.cz\/n\/wp-json\/wp\/v2\/posts\/48086"}],"collection":[{"href":"https:\/\/www.infokuryr.cz\/n\/wp-json\/wp\/v2\/posts"}],"about":[{"href":"https:\/\/www.infokuryr.cz\/n\/wp-json\/wp\/v2\/types\/post"}],"author":[{"embeddable":true,"href":"https:\/\/www.infokuryr.cz\/n\/wp-json\/wp\/v2\/users\/2"}],"replies":[{"embeddable":true,"href":"https:\/\/www.infokuryr.cz\/n\/wp-json\/wp\/v2\/comments?post=48086"}],"version-history":[{"count":0,"href":"https:\/\/www.infokuryr.cz\/n\/wp-json\/wp\/v2\/posts\/48086\/revisions"}],"wp:featuredmedia":[{"embeddable":true,"href":"https:\/\/www.infokuryr.cz\/n\/wp-json\/wp\/v2\/media\/41085"}],"wp:attachment":[{"href":"https:\/\/www.infokuryr.cz\/n\/wp-json\/wp\/v2\/media?parent=48086"}],"wp:term":[{"taxonomy":"category","embeddable":true,"href":"https:\/\/www.infokuryr.cz\/n\/wp-json\/wp\/v2\/categories?post=48086"},{"taxonomy":"post_tag","embeddable":true,"href":"https:\/\/www.infokuryr.cz\/n\/wp-json\/wp\/v2\/tags?post=48086"}],"curies":[{"name":"wp","href":"https:\/\/api.w.org\/{rel}","templated":true}]}}