{"id":48085,"date":"2024-02-28T00:37:19","date_gmt":"2024-02-27T23:37:19","guid":{"rendered":"https:\/\/www.infokuryr.cz\/n\/?p=48085"},"modified":"2024-02-27T16:11:56","modified_gmt":"2024-02-27T15:11:56","slug":"putin-vstup-ukrajiny-do-nato-by-uvrhl-evropu-do-valky","status":"publish","type":"post","link":"https:\/\/www.infokuryr.cz\/n\/2024\/02\/28\/putin-vstup-ukrajiny-do-nato-by-uvrhl-evropu-do-valky\/","title":{"rendered":"Putin: Vstup Ukrajiny do NATO by uvrhl Evropu do v\u00e1lky"},"content":{"rendered":"<div id=\"fb-root\"><\/div>\n<p><strong><span>Podle gener\u00e1ln\u00edho tajemn\u00edka NATO Jense Stoltenberga se Ukrajina d\u0159\u00edve nebo pozd\u011bji p\u0159ipoj\u00ed k z\u00e1padn\u00ed vojensk\u00e9 alianci.\u00a0Rusk\u00fd prezident Vladimir Putin pak prohl\u00e1sil, \u017ee to Evropu automaticky uvrhne do v\u00e1lky s Ruskem.\u00a0Ukrajina mezit\u00edm st\u00e1le krv\u00e1c\u00ed.<\/span><\/strong><\/p>\n<p><span>Vstup Ukrajiny do NATO \u201enen\u00ed ot\u00e1zkou zda, ale kdy,\u201c \u0159ekl v ned\u00e1vn\u00e9m projevu Jens Stoltenberg.\u00a0Sl\u00edbil tak\u00e9 dal\u0161\u00ed dod\u00e1vky zbran\u00ed a st\u0159eliva do b\u00fdval\u00e9 sov\u011btsk\u00e9 republiky.\u00a0A to s v\u011bdom\u00edm, \u017ee Kreml se sna\u017e\u00ed zemi za ka\u017edou cenu zabr\u00e1nit ve vstupu do z\u00e1padn\u00ed vojensk\u00e9 aliance.\u00a0Proto\u017ee by to znamenalo americk\u00e9 rakety jen p\u00e1r set kilometr\u016f od Moskvy, co\u017e rusk\u00e9 veden\u00ed nem\u016f\u017ee tolerovat.<\/p>\n<p><\/span><\/p>\n<figure class=\"wp-block-embed is-type-rich is-provider-twitter wp-block-embed-twitter\">\n<div class=\"wp-block-embed__wrapper\">\n<div class=\"twitter-tweet twitter-tweet-rendered\"><iframe id=\"twitter-widget-0\" class=\"\" title=\"X p\u0159\u00edsp\u011bvek\" src=\"https:\/\/platform.twitter.com\/embed\/Tweet.html?dnt=true&amp;embedId=twitter-widget-0&amp;features=eyJ0ZndfdGltZWxpbmVfbGlzdCI6eyJidWNrZXQiOltdLCJ2ZXJzaW9uIjpudWxsfSwidGZ3X2ZvbGxvd2VyX2NvdW50X3N1bnNldCI6eyJidWNrZXQiOnRydWUsInZlcnNpb24iOm51bGx9LCJ0ZndfdHdlZXRfZWRpdF9iYWNrZW5kIjp7ImJ1Y2tldCI6Im9uIiwidmVyc2lvbiI6bnVsbH0sInRmd19yZWZzcmNfc2Vzc2lvbiI6eyJidWNrZXQiOiJvbiIsInZlcnNpb24iOm51bGx9LCJ0ZndfZm9zbnJfc29mdF9pbnRlcnZlbnRpb25zX2VuYWJsZWQiOnsiYnVja2V0Ijoib24iLCJ2ZXJzaW9uIjpudWxsfSwidGZ3X21peGVkX21lZGlhXzE1ODk3Ijp7ImJ1Y2tldCI6InRyZWF0bWVudCIsInZlcnNpb24iOm51bGx9LCJ0ZndfZXhwZXJpbWVudHNfY29va2llX2V4cGlyYXRpb24iOnsiYnVja2V0IjoxMjA5NjAwLCJ2ZXJzaW9uIjpudWxsfSwidGZ3X3Nob3dfYmlyZHdhdGNoX3Bpdm90c19lbmFibGVkIjp7ImJ1Y2tldCI6Im9uIiwidmVyc2lvbiI6bnVsbH0sInRmd19kdXBsaWNhdGVfc2NyaWJlc190b19zZXR0aW5ncyI6eyJidWNrZXQiOiJvbiIsInZlcnNpb24iOm51bGx9LCJ0ZndfdXNlX3Byb2ZpbGVfaW1hZ2Vfc2hhcGVfZW5hYmxlZCI6eyJidWNrZXQiOiJvbiIsInZlcnNpb24iOm51bGx9LCJ0ZndfdmlkZW9faGxzX2R5bmFtaWNfbWFuaWZlc3RzXzE1MDgyIjp7ImJ1Y2tldCI6InRydWVfYml0cmF0ZSIsInZlcnNpb24iOm51bGx9LCJ0ZndfbGVnYWN5X3RpbWVsaW5lX3N1bnNldCI6eyJidWNrZXQiOnRydWUsInZlcnNpb24iOm51bGx9LCJ0ZndfdHdlZXRfZWRpdF9mcm9udGVuZCI6eyJidWNrZXQiOiJvbiIsInZlcnNpb24iOm51bGx9fQ%3D%3D&amp;frame=false&amp;hideCard=false&amp;hideThread=false&amp;id=1761759842555879831&amp;lang=cs&amp;origin=https%3A%2F%2Freport24.news%2Fputin-nato-beitritt-der-ukraine-wuerde-europa-in-den-krieg-stuerzen%2F&amp;sessionId=eb328d52806610bb6694dbdd6d51ca4eb84fc10a&amp;theme=light&amp;widgetsVersion=2615f7e52b7e0%3A1702314776716&amp;width=550px\" frameborder=\"0\" scrolling=\"no\" allowfullscreen=\"allowfullscreen\" data-tweet-id=\"1761759842555879831\" data-mce-fragment=\"1\"><\/iframe><\/div>\n<\/div>\n<\/figure>\n<p><span><br \/>\n<strong>Stoltenbergova prohl\u00e1\u0161en\u00ed nyn\u00ed vyvolala i odpov\u00eddaj\u00edc\u00ed reakci Moskvy.\u00a0Rusk\u00e1 hlava st\u00e1tu vysv\u011btlila:<\/strong><\/span><\/p>\n<p><em>\u201ePokud Ukrajina vstoup\u00ed do NATO a pokus\u00ed se znovu dob\u00fdt Krym vojensk\u00fdmi prost\u0159edky, bude to znamenat, \u017ee evropsk\u00e9 zem\u011b budou automaticky vta\u017eeny do vojensk\u00e9ho konfliktu s Ruskem.\u00a0Potenci\u00e1l NATO a Ruska je samoz\u0159ejm\u011b nesrovnateln\u00fd.\u00a0Tomu rozum\u00edme.\u00a0Ale tak\u00e9 ch\u00e1peme, \u017ee Rusko je jednou z p\u0159edn\u00edch jadern\u00fdch mocnost\u00ed.\u00a0A s n\u011bkter\u00fdmi modern\u00edmi komponenty dokonce p\u0159ed\u010d\u00ed mnoh\u00e9 jin\u00e9.\u00a0V\u00edt\u011bzov\u00e9 nebudou.\u00a0A budete vta\u017eeni do tohoto konfliktu proti sv\u00e9 v\u016fli.\u00a0Kdy\u017e vykon\u00e1te \u010dl\u00e1nek 5, nebudete m\u00edt ani \u010das mrknout o\u010dima.&#8220;<\/p>\n<p><\/em><\/p>\n<figure class=\"wp-block-embed is-type-rich is-provider-twitter wp-block-embed-twitter\">\n<div class=\"wp-block-embed__wrapper\">\n<div class=\"twitter-tweet twitter-tweet-rendered\"><iframe id=\"twitter-widget-1\" class=\"\" title=\"X p\u0159\u00edsp\u011bvek\" src=\"https:\/\/platform.twitter.com\/embed\/Tweet.html?dnt=true&amp;embedId=twitter-widget-1&amp;features=eyJ0ZndfdGltZWxpbmVfbGlzdCI6eyJidWNrZXQiOltdLCJ2ZXJzaW9uIjpudWxsfSwidGZ3X2ZvbGxvd2VyX2NvdW50X3N1bnNldCI6eyJidWNrZXQiOnRydWUsInZlcnNpb24iOm51bGx9LCJ0ZndfdHdlZXRfZWRpdF9iYWNrZW5kIjp7ImJ1Y2tldCI6Im9uIiwidmVyc2lvbiI6bnVsbH0sInRmd19yZWZzcmNfc2Vzc2lvbiI6eyJidWNrZXQiOiJvbiIsInZlcnNpb24iOm51bGx9LCJ0ZndfZm9zbnJfc29mdF9pbnRlcnZlbnRpb25zX2VuYWJsZWQiOnsiYnVja2V0Ijoib24iLCJ2ZXJzaW9uIjpudWxsfSwidGZ3X21peGVkX21lZGlhXzE1ODk3Ijp7ImJ1Y2tldCI6InRyZWF0bWVudCIsInZlcnNpb24iOm51bGx9LCJ0ZndfZXhwZXJpbWVudHNfY29va2llX2V4cGlyYXRpb24iOnsiYnVja2V0IjoxMjA5NjAwLCJ2ZXJzaW9uIjpudWxsfSwidGZ3X3Nob3dfYmlyZHdhdGNoX3Bpdm90c19lbmFibGVkIjp7ImJ1Y2tldCI6Im9uIiwidmVyc2lvbiI6bnVsbH0sInRmd19kdXBsaWNhdGVfc2NyaWJlc190b19zZXR0aW5ncyI6eyJidWNrZXQiOiJvbiIsInZlcnNpb24iOm51bGx9LCJ0ZndfdXNlX3Byb2ZpbGVfaW1hZ2Vfc2hhcGVfZW5hYmxlZCI6eyJidWNrZXQiOiJvbiIsInZlcnNpb24iOm51bGx9LCJ0ZndfdmlkZW9faGxzX2R5bmFtaWNfbWFuaWZlc3RzXzE1MDgyIjp7ImJ1Y2tldCI6InRydWVfYml0cmF0ZSIsInZlcnNpb24iOm51bGx9LCJ0ZndfbGVnYWN5X3RpbWVsaW5lX3N1bnNldCI6eyJidWNrZXQiOnRydWUsInZlcnNpb24iOm51bGx9LCJ0ZndfdHdlZXRfZWRpdF9mcm9udGVuZCI6eyJidWNrZXQiOiJvbiIsInZlcnNpb24iOm51bGx9fQ%3D%3D&amp;frame=false&amp;hideCard=false&amp;hideThread=false&amp;id=1762035795781660794&amp;lang=cs&amp;origin=https%3A%2F%2Freport24.news%2Fputin-nato-beitritt-der-ukraine-wuerde-europa-in-den-krieg-stuerzen%2F&amp;sessionId=eb328d52806610bb6694dbdd6d51ca4eb84fc10a&amp;theme=light&amp;widgetsVersion=2615f7e52b7e0%3A1702314776716&amp;width=550px\" frameborder=\"0\" scrolling=\"no\" allowfullscreen=\"allowfullscreen\" data-tweet-id=\"1762035795781660794\" data-mce-fragment=\"1\"><\/iframe><\/div>\n<\/div>\n<\/figure>\n<p><span><br \/>\nPutin d\u00e1v\u00e1 najevo, \u017ee vojensk\u00e1 operace v sousedn\u00ed zemi zdaleka nekon\u010d\u00ed.\u00a0Vstup Ukrajiny do NATO ji\u017e d\u0159\u00edve kategoricky odm\u00edtl rusk\u00fd prezident a p\u0159i m\u00edrov\u00fdch jedn\u00e1n\u00edch (kter\u00e1 byla p\u0159eru\u0161ena po z\u00e1padn\u00edch intervenc\u00edch) kr\u00e1tce po zah\u00e1jen\u00ed rusk\u00e9 invaze byl neutr\u00e1ln\u00ed status zem\u011b uv\u00e1d\u011bn jako jedna z hlavn\u00edch podm\u00ednek rusk\u00e9 sta\u017een\u00ed.\u00a0A to nav\u00edc k po\u017eadovan\u00e9mu souhlasu se za\u010dlen\u011bn\u00edm Krymu do Rusk\u00e9 federace.<\/span><\/p>\n<p><span>Na Ukrajin\u011b pravd\u011bpodobn\u011b uvid\u00edme v\u00e1lku, kter\u00e1 bude je\u0161t\u011b dlouho pokra\u010dovat, co\u017e v\u00fdchodoevropskou zemi d\u00e1le vylidn\u00ed.\u00a0<\/span><a href=\"https:\/\/www.statista.com\/statistics\/1312584\/ukrainian-refugees-by-country\/\"><span>V\u00edce ne\u017e 6 milion\u016f<\/span><\/a><span>\u00a0Ukrajinc\u016f ji\u017e\u00a0uprchlo do zahrani\u010d\u00ed, p\u0159i\u010dem\u017e zhruba polovina z nich se soust\u0159edila ve t\u0159ech zem\u00edch (Rusko, N\u011bmecko a Polsko).\u00a0Krom\u011b toho je pravd\u011bpodobn\u011b kolem 300 000 voj\u00e1k\u016f, kte\u0159\u00ed zem\u0159eli na boji\u0161t\u00edch.\u00a0A kdy\u017e se pod\u00edv\u00e1te na\u00a0<\/span><a href=\"https:\/\/en.wikipedia.org\/wiki\/Demographics_of_Ukraine\"><span>demografii zem\u011b<\/span><\/a><span>\u00a0(na z\u00e1klad\u011b odhad\u016f) , je tak\u00e9 jasn\u00e9, \u017ee z t\u00e9m\u011b\u0159 42 milion\u016f obyvatel v roce 2020 jich za p\u00e1r let zbude sotva 30 milion\u016f.\u00a0V\u011bt\u0161ina z nich pak bude v d\u016fchodov\u00e9m v\u011bku.<\/span><\/p>\n<p><img decoding=\"async\" loading=\"lazy\" class=\"alignnone size-full wp-image-1185\" src=\"http:\/\/www.infokuryr.cz\/n\/wp-content\/uploads\/2021\/04\/kuryr-podpis.png\" alt=\"\" width=\"84\" height=\"24\" \/><\/p>\n<p>&nbsp;<\/p>\n","protected":false},"excerpt":{"rendered":"<p>Podle gener\u00e1ln\u00edho tajemn\u00edka NATO Jense Stoltenberga se Ukrajina d\u0159\u00edve nebo pozd\u011bji p\u0159ipoj\u00ed k z\u00e1padn\u00ed vojensk\u00e9&#8230;<\/p>\n","protected":false},"author":2,"featured_media":14138,"comment_status":"closed","ping_status":"closed","sticky":false,"template":"","format":"standard","meta":[],"categories":[7],"tags":[39,102,26],"_links":{"self":[{"href":"https:\/\/www.infokuryr.cz\/n\/wp-json\/wp\/v2\/posts\/48085"}],"collection":[{"href":"https:\/\/www.infokuryr.cz\/n\/wp-json\/wp\/v2\/posts"}],"about":[{"href":"https:\/\/www.infokuryr.cz\/n\/wp-json\/wp\/v2\/types\/post"}],"author":[{"embeddable":true,"href":"https:\/\/www.infokuryr.cz\/n\/wp-json\/wp\/v2\/users\/2"}],"replies":[{"embeddable":true,"href":"https:\/\/www.infokuryr.cz\/n\/wp-json\/wp\/v2\/comments?post=48085"}],"version-history":[{"count":0,"href":"https:\/\/www.infokuryr.cz\/n\/wp-json\/wp\/v2\/posts\/48085\/revisions"}],"wp:featuredmedia":[{"embeddable":true,"href":"https:\/\/www.infokuryr.cz\/n\/wp-json\/wp\/v2\/media\/14138"}],"wp:attachment":[{"href":"https:\/\/www.infokuryr.cz\/n\/wp-json\/wp\/v2\/media?parent=48085"}],"wp:term":[{"taxonomy":"category","embeddable":true,"href":"https:\/\/www.infokuryr.cz\/n\/wp-json\/wp\/v2\/categories?post=48085"},{"taxonomy":"post_tag","embeddable":true,"href":"https:\/\/www.infokuryr.cz\/n\/wp-json\/wp\/v2\/tags?post=48085"}],"curies":[{"name":"wp","href":"https:\/\/api.w.org\/{rel}","templated":true}]}}