{"id":48083,"date":"2024-02-28T00:36:39","date_gmt":"2024-02-27T23:36:39","guid":{"rendered":"https:\/\/www.infokuryr.cz\/n\/?p=48083"},"modified":"2024-02-27T16:04:01","modified_gmt":"2024-02-27T15:04:01","slug":"mobilizujte-vsechny-uspory-evropanu","status":"publish","type":"post","link":"https:\/\/www.infokuryr.cz\/n\/2024\/02\/28\/mobilizujte-vsechny-uspory-evropanu\/","title":{"rendered":"Mobilizujte v\u0161echny \u00faspory Evropan\u016f!"},"content":{"rendered":"<div id=\"fb-root\"><\/div>\n<div class=\"elementor-element elementor-element-1fb4c2c elementor-widget elementor-widget-theme-post-content\" data-id=\"1fb4c2c\" data-element_type=\"widget\" data-widget_type=\"theme-post-content.default\">\n<div class=\"elementor-widget-container\">\n<p><span>Toto je Bruno Le Maire, francouzsk\u00fd ministr hospod\u00e1\u0159stv\u00ed.\u00a0Mo\u017en\u00e1 ho zn\u00e1te jako geni\u00e1ln\u00edho strat\u00e9ga, kter\u00fd \u0159ekl, \u017ee<strong><em> \u201ezp\u016fsob\u00ed kolaps rusk\u00e9 ekonomiky\u201c<\/em><\/strong>\u2026<\/span><\/p>\n<p><span>Nyn\u00ed otev\u0159en\u011b prohla\u0161uje, \u017ee Evrop\u011b doch\u00e1zej\u00ed pen\u00edze (m\u00e1 \u201enedostate\u010dn\u00e9 finan\u010dn\u00ed rezervy\u201c) a pot\u0159ebuje \u201emobilizovat v\u0161echny \u00faspory Evropan\u016f, kter\u00e9 v sou\u010dasnosti le\u017e\u00ed ladem na evropsk\u00fdch bankovn\u00edch \u00fa\u010dtech\u201c, aby mohla financovat budoucnost, v\u010detn\u011b \u201eevropsk\u00e9ho obrann\u00e9ho \u00fasil\u00ed\u201c. .<\/span><\/p>\n<p><span style=\"font-size: 14pt;\"><strong>Toto je \u00fapln\u00fd a p\u0159\u00edm\u00fd p\u0159eklad jeho slov:<\/strong><\/span><\/p>\n<p><span>\u201eJsem na Rad\u011b ministr\u016f financ\u00ed v belgick\u00e9m Gentu a pr\u00e1v\u011b jsem ud\u011blal povyk kv\u016fli tomu, \u017ee unie kapit\u00e1lov\u00fdch trh\u016f nepostupuje kup\u0159edu.\u00a0Co je unie kapit\u00e1lov\u00fdch trh\u016f?\u00a0Jde o schopnost mobilizovat v\u0161echny \u00faspory Evropan\u016f \u2013 35 bilion\u016f eur \u2013 k financov\u00e1n\u00ed zm\u011bny klimatu, financov\u00e1n\u00ed na\u0161eho obrann\u00e9ho \u00fasil\u00ed a investic do um\u011bl\u00e9 inteligence.<\/span><\/p>\n<p><span>Vzhledem k tomu, \u017ee v\u011bci nepokra\u010duj\u00ed se v\u0161emi 27 \u010dlensk\u00fdmi st\u00e1ty, navrhl jsem, abychom s mal\u00fdm po\u010dtem \u010dlensk\u00fdch st\u00e1t\u016f dobrovoln\u011b postoupili vp\u0159ed a v nadch\u00e1zej\u00edc\u00edch m\u011bs\u00edc\u00edch navrhli evropsk\u00fd spo\u0159ic\u00ed produkt, abychom navrhli evropsk\u00fd dohled nad kapit\u00e1lov\u00fdmi trhy, abychom zajistili regulaci funguje spolehliv\u011b a s c\u00edlem z\u00edskat des\u00edtky miliard eur na financov\u00e1n\u00ed na\u0161eho r\u016fstu a prosperity.<\/span><\/p>\n<p><span>Evropa nesm\u00ed dopustit, aby hospod\u00e1\u0159sky oslabila, jak tomu bylo ji\u017e n\u011bkolik m\u011bs\u00edc\u016f, proto\u017ee nem\u00e1 dostate\u010dn\u00e9 finan\u010dn\u00ed rezervy.\u00a0Evropa nesm\u00ed prome\u0161kat zm\u011bnu klimatu, proto\u017ee nem\u00e1 dostate\u010dn\u00e9 finan\u010dn\u00ed rezervy.\u00a0Evropa nesm\u00ed prome\u0161kat bod obratu v um\u011bl\u00e9 inteligenci, proto\u017ee se nedok\u00e1\u017ee dohodnout na t\u00e9to unii kapit\u00e1lov\u00fdch trh\u016f a vyu\u017e\u00edt \u00faspory Evropan\u016f.<\/span><\/p>\n<p><span>35 000 miliard eur, kter\u00e9 dnes le\u017e\u00ed ladem na evropsk\u00fdch bankovn\u00edch \u00fa\u010dtech m\u00edsto toho, aby podporovaly prosperitu Evropy z\u00edt\u0159ka, m\u00edsto financov\u00e1n\u00ed um\u011bl\u00e9 inteligence, m\u00edsto financov\u00e1n\u00ed zm\u011bny klimatu, to ji\u017e nen\u00ed p\u0159ijateln\u00e9.\u00a0To je podstata m\u00e9ho projevu dnes r\u00e1no v Gentu.&#8220;<\/span><\/p>\n<p><span>Docela neskute\u010dn\u00e9&#8230; A to ze zem\u011b jako Francie, kter\u00e1 u\u017e dnes vyb\u00edr\u00e1 na dan\u00edch 50 % sv\u00e9ho HDP, co\u017e je druh\u00e9 nejvy\u0161\u0161\u00ed na sv\u011bt\u011b (po D\u00e1nsku, dal\u0161\u00ed zemi EU).\u00a0A pak chcete tak\u00e9 z\u00edskat p\u0159\u00edstup k \u00faspor\u00e1m lid\u00ed?<\/span><\/p>\n<p><span>A je neuv\u011b\u0159itelnou ironi\u00ed, \u017ee P\u00e1n \u201eZhrout\u00edm ruskou ekonomiku\u201c se k n\u00e1m vrac\u00ed o dva roky pozd\u011bji a \u0159\u00edk\u00e1 n\u00e1m: \u201eEvropa nem\u016f\u017ee ekonomicky oslabit, jak to d\u011bl\u00e1 u\u017e n\u011bkolik m\u011bs\u00edc\u016f\u201c, mus\u00edme v\u00e1m d\u00e1t va\u0161e Odeb\u00edr\u00e1n\u00ed \u00faspor &#8230; Rusk\u00e1 ekonomika se nezhroutila, ale roste rychleji ne\u017e v\u0161echny evropsk\u00e9 zem\u011b.<\/span><\/p>\n<p><span>A to v\u0161e pro \u201efinancov\u00e1n\u00ed na\u0161eho obrann\u00e9ho \u00fasil\u00ed\u201c, co\u017e je pravd\u011bpodobn\u011b k\u00f3d pro \u201epo\u0161lete to Ukrajin\u011b\u201c, nejzkorumpovan\u011bj\u0161\u00ed zemi na kontinentu, kter\u00e1 v sou\u010dasnosti vede nekone\u010dnou v\u00e1lku o pen\u00edze, kterou nem\u016f\u017ee vyhr\u00e1t.\u00a0To je \u0161\u00edlenstv\u00ed.<\/span><\/p>\n<div class=\"twitter-tweet twitter-tweet-rendered\"><iframe id=\"twitter-widget-0\" class=\"\" title=\"X Post\" src=\"https:\/\/platform.twitter.com\/embed\/Tweet.html?creatorScreenName=uncutnewsCH&amp;dnt=false&amp;embedId=twitter-widget-0&amp;features=eyJ0ZndfdGltZWxpbmVfbGlzdCI6eyJidWNrZXQiOltdLCJ2ZXJzaW9uIjpudWxsfSwidGZ3X2ZvbGxvd2VyX2NvdW50X3N1bnNldCI6eyJidWNrZXQiOnRydWUsInZlcnNpb24iOm51bGx9LCJ0ZndfdHdlZXRfZWRpdF9iYWNrZW5kIjp7ImJ1Y2tldCI6Im9uIiwidmVyc2lvbiI6bnVsbH0sInRmd19yZWZzcmNfc2Vzc2lvbiI6eyJidWNrZXQiOiJvbiIsInZlcnNpb24iOm51bGx9LCJ0ZndfZm9zbnJfc29mdF9pbnRlcnZlbnRpb25zX2VuYWJsZWQiOnsiYnVja2V0Ijoib24iLCJ2ZXJzaW9uIjpudWxsfSwidGZ3X21peGVkX21lZGlhXzE1ODk3Ijp7ImJ1Y2tldCI6InRyZWF0bWVudCIsInZlcnNpb24iOm51bGx9LCJ0ZndfZXhwZXJpbWVudHNfY29va2llX2V4cGlyYXRpb24iOnsiYnVja2V0IjoxMjA5NjAwLCJ2ZXJzaW9uIjpudWxsfSwidGZ3X3Nob3dfYmlyZHdhdGNoX3Bpdm90c19lbmFibGVkIjp7ImJ1Y2tldCI6Im9uIiwidmVyc2lvbiI6bnVsbH0sInRmd19kdXBsaWNhdGVfc2NyaWJlc190b19zZXR0aW5ncyI6eyJidWNrZXQiOiJvbiIsInZlcnNpb24iOm51bGx9LCJ0ZndfdXNlX3Byb2ZpbGVfaW1hZ2Vfc2hhcGVfZW5hYmxlZCI6eyJidWNrZXQiOiJvbiIsInZlcnNpb24iOm51bGx9LCJ0ZndfdmlkZW9faGxzX2R5bmFtaWNfbWFuaWZlc3RzXzE1MDgyIjp7ImJ1Y2tldCI6InRydWVfYml0cmF0ZSIsInZlcnNpb24iOm51bGx9LCJ0ZndfbGVnYWN5X3RpbWVsaW5lX3N1bnNldCI6eyJidWNrZXQiOnRydWUsInZlcnNpb24iOm51bGx9LCJ0ZndfdHdlZXRfZWRpdF9mcm9udGVuZCI6eyJidWNrZXQiOiJvbiIsInZlcnNpb24iOm51bGx9fQ%3D%3D&amp;frame=false&amp;hideCard=false&amp;hideThread=false&amp;id=1761059954860216484&amp;lang=cs&amp;origin=https%3A%2F%2Funcutnews.ch%2Falle-ersparnisse-der-europaeer-mobilisieren%2F&amp;sessionId=f59475c10d68405ba49223abe63786bf4ec4514f&amp;theme=light&amp;widgetsVersion=2615f7e52b7e0%3A1702314776716&amp;width=550px\" frameborder=\"0\" scrolling=\"no\" allowfullscreen=\"allowfullscreen\" data-tweet-id=\"1761059954860216484\" data-mce-fragment=\"1\"><\/iframe><\/div>\n<\/div>\n<\/div>\n<div class=\"elementor-element elementor-element-46a8472 elementor-grid-3 elementor-grid-tablet-2 elementor-grid-mobile-1 elementor-posts--thumbnail-top elementor-widget elementor-widget-posts\" data-id=\"46a8472\" data-element_type=\"widget\" data-settings=\"{&quot;classic_row_gap&quot;:{&quot;unit&quot;:&quot;px&quot;,&quot;size&quot;:25,&quot;sizes&quot;:[]},&quot;classic_columns&quot;:&quot;3&quot;,&quot;classic_columns_tablet&quot;:&quot;2&quot;,&quot;classic_columns_mobile&quot;:&quot;1&quot;,&quot;classic_row_gap_tablet&quot;:{&quot;unit&quot;:&quot;px&quot;,&quot;size&quot;:&quot;&quot;,&quot;sizes&quot;:[]},&quot;classic_row_gap_mobile&quot;:{&quot;unit&quot;:&quot;px&quot;,&quot;size&quot;:&quot;&quot;,&quot;sizes&quot;:[]}}\" data-widget_type=\"posts.classic\">\n<div class=\"elementor-widget-container\">\n<div class=\"elementor-posts-container elementor-posts elementor-posts--skin-classic elementor-grid elementor-has-item-ratio\">\n<img decoding=\"async\" loading=\"lazy\" class=\"alignnone size-full wp-image-1185\" src=\"http:\/\/www.infokuryr.cz\/n\/wp-content\/uploads\/2021\/04\/kuryr-podpis.png\" alt=\"\" width=\"84\" height=\"24\" \/><\/p>\n<\/div>\n<\/div>\n<\/div>\n","protected":false},"excerpt":{"rendered":"<p>Toto je Bruno Le Maire, francouzsk\u00fd ministr hospod\u00e1\u0159stv\u00ed.\u00a0Mo\u017en\u00e1 ho zn\u00e1te jako geni\u00e1ln\u00edho strat\u00e9ga, kter\u00fd \u0159ekl,&#8230;<\/p>\n","protected":false},"author":2,"featured_media":48084,"comment_status":"closed","ping_status":"closed","sticky":false,"template":"","format":"standard","meta":[],"categories":[7],"tags":[503,41,3729,90,811],"_links":{"self":[{"href":"https:\/\/www.infokuryr.cz\/n\/wp-json\/wp\/v2\/posts\/48083"}],"collection":[{"href":"https:\/\/www.infokuryr.cz\/n\/wp-json\/wp\/v2\/posts"}],"about":[{"href":"https:\/\/www.infokuryr.cz\/n\/wp-json\/wp\/v2\/types\/post"}],"author":[{"embeddable":true,"href":"https:\/\/www.infokuryr.cz\/n\/wp-json\/wp\/v2\/users\/2"}],"replies":[{"embeddable":true,"href":"https:\/\/www.infokuryr.cz\/n\/wp-json\/wp\/v2\/comments?post=48083"}],"version-history":[{"count":0,"href":"https:\/\/www.infokuryr.cz\/n\/wp-json\/wp\/v2\/posts\/48083\/revisions"}],"wp:featuredmedia":[{"embeddable":true,"href":"https:\/\/www.infokuryr.cz\/n\/wp-json\/wp\/v2\/media\/48084"}],"wp:attachment":[{"href":"https:\/\/www.infokuryr.cz\/n\/wp-json\/wp\/v2\/media?parent=48083"}],"wp:term":[{"taxonomy":"category","embeddable":true,"href":"https:\/\/www.infokuryr.cz\/n\/wp-json\/wp\/v2\/categories?post=48083"},{"taxonomy":"post_tag","embeddable":true,"href":"https:\/\/www.infokuryr.cz\/n\/wp-json\/wp\/v2\/tags?post=48083"}],"curies":[{"name":"wp","href":"https:\/\/api.w.org\/{rel}","templated":true}]}}