{"id":48080,"date":"2024-02-28T00:34:00","date_gmt":"2024-02-27T23:34:00","guid":{"rendered":"https:\/\/www.infokuryr.cz\/n\/?p=48080"},"modified":"2024-02-27T15:52:37","modified_gmt":"2024-02-27T14:52:37","slug":"caitlin-johnstoneova-nemuzete-byt-mensim-zlem-pokud-podporujete-genocidu","status":"publish","type":"post","link":"https:\/\/www.infokuryr.cz\/n\/2024\/02\/28\/caitlin-johnstoneova-nemuzete-byt-mensim-zlem-pokud-podporujete-genocidu\/","title":{"rendered":"Caitlin Johnstoneov\u00e1: Nem\u016f\u017eete b\u00fdt \u201emen\u0161\u00edm zlem\u201c, pokud podporujete genocidu"},"content":{"rendered":"<div id=\"fb-root\"><\/div>\n<div class=\"elementor-element elementor-element-1fb4c2c elementor-widget elementor-widget-theme-post-content\" data-id=\"1fb4c2c\" data-element_type=\"widget\" data-widget_type=\"theme-post-content.default\">\n<div class=\"elementor-widget-container\">\n<p><span>Prezidenta, kter\u00fd podporuje p\u0159\u00edmou genocidu, nelze ozna\u010dit za \u201emen\u0161\u00ed zlo\u201c.\u00a0N\u011bco takov\u00e9ho neexistuje.<\/span><\/p>\n<p><span>\u2756<\/span><\/p>\n<p><span>Nem\u016f\u017eete naz\u00fdvat prezidenta, kter\u00fd podporuje doslova genocidu, \u201emen\u0161\u00edm zlem\u201c.\u00a0N\u011bco takov\u00e9ho neexistuje.\u00a0V ur\u010dit\u00e9m bod\u011b jste prost\u011b zl\u00ed.<\/span><\/p>\n<p><span>Pokud by n\u011bkdo m\u011bl sestavit seznam absolutn\u011b nejhor\u0161\u00edch v\u011bc\u00ed, kter\u00e9 m\u016f\u017ee mocn\u00fd v\u016fdce ud\u011blat, genocida a bezohledn\u00e9 pou\u017eit\u00ed jadern\u00fdch zbran\u00ed by musely b\u00fdt na vrcholu tohoto seznamu.\u00a0Biden ud\u011blal oboj\u00ed.\u00a0Takov\u00fd \u010dlov\u011bk nem\u016f\u017ee b\u00fdt pr\u00e1vem naz\u00fdv\u00e1n \u201emen\u0161\u00edm zlem\u201c.<\/span><\/p>\n<p><span>\u2756<\/span><\/p>\n<p><span>P\u0159\u00edznivci Izraele jsou \u0161mejdi.\u00a0Hor\u0161\u00ed ne\u017e oni jsou p\u0159\u00edznivci Bidena, kte\u0159\u00ed se vyh\u00fdbaj\u00ed p\u0159\u00edli\u0161n\u00e9mu p\u0159em\u00fd\u0161len\u00ed a omlouv\u00e1n\u00ed genocidy v Gaze, proto\u017ee alespo\u0148 p\u0159\u00edznivci Izraele jsou up\u0159\u00edmn\u00ed v tom, kdo jsou.\u00a0Je\u0161t\u011b hor\u0161\u00ed ne\u017e zjevn\u00ed p\u0159\u00edznivci Bidena jsou \u201eprogresivist\u00e9\u201c, kte\u0159\u00ed na jedn\u00e9 stran\u011b odsuzuj\u00ed izraelsk\u00e9 \u010diny, zat\u00edmco na druh\u00e9 stran\u011b st\u00e1le zd\u016fraz\u0148uj\u00ed pot\u0159ebu volit Bidena, proto\u017ee jsou k sob\u011b je\u0161t\u011b m\u00e9n\u011b up\u0159\u00edmn\u00ed ne\u017e zjevn\u00ed sr\u00e1\u010di. .\u00a0Pokud z v\u00e1s bude genocidn\u00ed pejsek, ud\u011blejte to alespo\u0148 bez toho, abyste zp\u016fsobili zmatek a kalili vody.<\/span><\/p>\n<p><span>\u2756<\/span><\/p>\n<p><span>Ukazuje se, \u017ee New York Times najaly skute\u010dn\u00e9ho zast\u00e1nce genocidy, kter\u00fd nikdy nepracoval jako report\u00e9r, aby se stal spoluautorem krut\u00e9 propagandy o masov\u00e9m zn\u00e1sil\u0148ov\u00e1n\u00ed 7. \u0159\u00edjna.\u00a0Pokud by z\u00e1padn\u00ed m\u00e9dia skute\u010dn\u011b \u0159ekla a informovala o pravd\u011b, bylo by toto odhalen\u00ed dnes velk\u00fdm mezin\u00e1rodn\u00edm p\u0159\u00edb\u011bhem.<\/span><\/p>\n<p><em><span>Bo\u017ee m\u016fj.\u00a0Jedn\u00edm ze t\u0159\u00ed autor\u016f propagandistick\u00e9ho podvodu New York Times o \u201ehromadn\u00e9m zn\u00e1sil\u0148ov\u00e1n\u00ed\u201c je Anat Schwartz.\u00a0L\u00edbily se j\u00ed p\u0159\u00edsp\u011bvky vyz\u00fdvaj\u00edc\u00ed k p\u0159em\u011bn\u011b Gazy na \u201ejatka\u201c.\u00a0Toto je osoba, kterou NYT najala, aby psala o Palestinc\u00edch a vykreslovala je jako podlidsk\u00e1 monstra<\/span><\/em><\/p>\n<div class=\"twitter-tweet twitter-tweet-rendered\"><iframe id=\"twitter-widget-0\" class=\"\" title=\"X Post\" src=\"https:\/\/platform.twitter.com\/embed\/Tweet.html?creatorScreenName=uncutnewsCH&amp;dnt=false&amp;embedId=twitter-widget-0&amp;features=eyJ0ZndfdGltZWxpbmVfbGlzdCI6eyJidWNrZXQiOltdLCJ2ZXJzaW9uIjpudWxsfSwidGZ3X2ZvbGxvd2VyX2NvdW50X3N1bnNldCI6eyJidWNrZXQiOnRydWUsInZlcnNpb24iOm51bGx9LCJ0ZndfdHdlZXRfZWRpdF9iYWNrZW5kIjp7ImJ1Y2tldCI6Im9uIiwidmVyc2lvbiI6bnVsbH0sInRmd19yZWZzcmNfc2Vzc2lvbiI6eyJidWNrZXQiOiJvbiIsInZlcnNpb24iOm51bGx9LCJ0ZndfZm9zbnJfc29mdF9pbnRlcnZlbnRpb25zX2VuYWJsZWQiOnsiYnVja2V0Ijoib24iLCJ2ZXJzaW9uIjpudWxsfSwidGZ3X21peGVkX21lZGlhXzE1ODk3Ijp7ImJ1Y2tldCI6InRyZWF0bWVudCIsInZlcnNpb24iOm51bGx9LCJ0ZndfZXhwZXJpbWVudHNfY29va2llX2V4cGlyYXRpb24iOnsiYnVja2V0IjoxMjA5NjAwLCJ2ZXJzaW9uIjpudWxsfSwidGZ3X3Nob3dfYmlyZHdhdGNoX3Bpdm90c19lbmFibGVkIjp7ImJ1Y2tldCI6Im9uIiwidmVyc2lvbiI6bnVsbH0sInRmd19kdXBsaWNhdGVfc2NyaWJlc190b19zZXR0aW5ncyI6eyJidWNrZXQiOiJvbiIsInZlcnNpb24iOm51bGx9LCJ0ZndfdXNlX3Byb2ZpbGVfaW1hZ2Vfc2hhcGVfZW5hYmxlZCI6eyJidWNrZXQiOiJvbiIsInZlcnNpb24iOm51bGx9LCJ0ZndfdmlkZW9faGxzX2R5bmFtaWNfbWFuaWZlc3RzXzE1MDgyIjp7ImJ1Y2tldCI6InRydWVfYml0cmF0ZSIsInZlcnNpb24iOm51bGx9LCJ0ZndfbGVnYWN5X3RpbWVsaW5lX3N1bnNldCI6eyJidWNrZXQiOnRydWUsInZlcnNpb24iOm51bGx9LCJ0ZndfdHdlZXRfZWRpdF9mcm9udGVuZCI6eyJidWNrZXQiOiJvbiIsInZlcnNpb24iOm51bGx9fQ%3D%3D&amp;frame=false&amp;hideCard=false&amp;hideThread=false&amp;id=1761249450998022442&amp;lang=cs&amp;origin=https%3A%2F%2Funcutnews.ch%2Fman-kann-kein-kleineres-uebel-sein-wenn-man-einen-voelkermord-unterstuetzt%2F&amp;sessionId=bd5ffa6a9ed6806a7cd9a532518e34aafe124fd6&amp;theme=light&amp;widgetsVersion=2615f7e52b7e0%3A1702314776716&amp;width=550px\" frameborder=\"0\" scrolling=\"no\" allowfullscreen=\"allowfullscreen\" data-tweet-id=\"1761249450998022442\" data-mce-fragment=\"1\"><\/iframe><\/div>\n<p><span>\u2756<\/span><\/p>\n<p><span>B\u00fdt zem\u00ed spojenou s USA je jako p\u0159\u00e1telit se s krutou kr\u00e1lovnou dramatu, kter\u00e1 sm\u00ed pouze pom\u00e1hat zni\u010dit sv\u00e9 soci\u00e1ln\u00ed nep\u0159\u00e1tele a kter\u00e1 nikdy nesm\u00ed mluvit o tom, co d\u011bl\u00e1, aby zp\u016fsobila v\u0161echny konflikty v jej\u00edm \u017eivot\u011b, proto\u017ee kdy\u017e to ud\u011bl\u00e1\u0161, ona za tebou p\u0159ijde p\u0159\u00ed\u0161t\u011b.<\/span><\/p>\n<p><span>\u2756<\/span><\/p>\n<p><span>Palestinsk\u00e9 \u017eivoty jsou d\u016fle\u017eit\u011bj\u0161\u00ed ne\u017e z\u00e1padn\u00ed pocity.\u00a0Nez\u00e1le\u017e\u00ed na tom, jestli v\u00e1s kritika Bidenov\u00fdch \u010din\u016f znerv\u00f3z\u0148uje kv\u016fli Trumpovi.\u00a0Nez\u00e1le\u017e\u00ed na tom, jestli se c\u00edt\u00edte pron\u00e1sledov\u00e1ni propalestinsk\u00fdm aktivismem.\u00a0Na va\u0161ich pocitech nez\u00e1le\u017e\u00ed.<\/span><\/p>\n<p><span>\u2756<\/span><\/p>\n<p><span>Z\u00e1padn\u00ed liber\u00e1ln\u00ed v\u016fdci se v\u00e1s v\u017edy sna\u017e\u00ed p\u0159im\u011bt, abyste vym\u011bnili city za konkr\u00e9tn\u00ed zlep\u0161en\u00ed materi\u00e1ln\u00edch podm\u00ednek.\u00a0Nyn\u00ed p\u0159edstavitel\u00e9 Bidenovy administrativy oznamuj\u00ed, jak jsou \u201ezklam\u00e1ni\u201c v Netanjahuov\u011b vl\u00e1d\u011b, \u017ee schv\u00e1lila tis\u00edce nov\u00fdch osad na Z\u00e1padn\u00edm b\u0159ehu a pokra\u010dovala v bezpodm\u00edne\u010dn\u00e9 materi\u00e1ln\u00ed podpo\u0159e izraelsk\u00e9ho masakru Palestinc\u016f.\u00a0P\u0159edt\u00edm z\u00e1padn\u00ed v\u016fdci vyjad\u0159ovali obavy z bl\u00ed\u017e\u00edc\u00edho se \u00fatoku na Rafah a z\u00e1rove\u0148 do Izraele dod\u00e1vali v\u00edce zbran\u00ed.\u00a0P\u0159edt\u00edm v\u0161em \u0159ekli, \u017ee bychom se m\u011bli zam\u011b\u0159it na skute\u010dnost, \u017ee n\u011bkte\u0159\u00ed \u017eidov\u0161t\u00ed sionist\u00e9 se c\u00edt\u00ed ohro\u017eeni propalestinsk\u00fdmi demonstracemi, m\u00edsto abychom se soust\u0159edili na lidsk\u00e9 krveprolit\u00ed, kter\u00e9 lid\u00e9 v Gaze za\u017e\u00edvaj\u00ed.<\/span><\/p>\n<p><span>Vid\u00edte to znovu a znovu, u v\u0161ech t\u00e9mat.\u00a0Kdy\u017e vol\u00e1te po ukon\u010den\u00ed genocidy, slavnostn\u011b \u0159\u00edk\u00e1te, \u017ee sympatizujete s obyvateli Gazy, kte\u0159\u00ed za\u017e\u00edvaj\u00ed nep\u0159edstaviteln\u00e9 utrpen\u00ed \u2013 ale nikdy neud\u011bl\u00e1te nic, abyste tomu zabr\u00e1nili.\u00a0Cht\u011bj\u00ed skoncovat s policejn\u00ed brutalitou, \u0159\u00edkaj\u00ed v\u00e1m, \u017ee v\u00e1s poslouchaj\u00ed, \u017ee v\u00e1s podporuj\u00ed, \u017ee stoj\u00ed p\u0159i v\u00e1s \u2013 ale ve skute\u010dnosti nikdy nic nem\u011bn\u00ed na policejn\u00ed politice.\u00a0Chcete zdravotn\u00ed p\u00e9\u010di, \u0159eknou v\u00e1m, abyste se zam\u011b\u0159ili na to, abyste se stali emocion\u00e1ln\u00ed hysteri\u00ed ohledn\u011b Donalda Trumpa, m\u00edsto abyste pom\u00e1hali zlep\u0161ovat sv\u00e9 materi\u00e1ln\u00ed podm\u00ednky.\u00a0Chcete-li ekonomickou spravedlnost, \u0159eknou v\u00e1m, abyste se m\u00edsto toho starali o probl\u00e9my kulturn\u00ed v\u00e1lky, o kter\u00e9 se ti u moci nezaj\u00edmaj\u00ed, a soust\u0159edili se na to, jak dobr\u00fd je pocit b\u00fdt na t\u00e9 spr\u00e1vn\u00e9 stran\u011b t\u00e9to v\u00e1lky.<\/span><\/p>\n<p><span>Vytvo\u0159ili syst\u00e9m pad\u011blan\u00fdch pen\u011bz, ve kter\u00e9m jim d\u00e1v\u00e1te politickou moc a souhlas s vra\u017ed\u011bn\u00edm, tyrani\u00ed a vyko\u0159is\u0165ov\u00e1n\u00edm sv\u011btov\u00e9ho imp\u00e9ria \u2013 a oni v\u00e1m za to plat\u00ed city.<\/span><\/p>\n<p><span>&#8222;Tady je unipol\u00e1rn\u00ed planet\u00e1rn\u00ed hegemonie,&#8220; \u0159\u00edk\u00e1me jim.<\/span><\/p>\n<p><span>&#8222;A tady jsou va\u0161e pocity,&#8220; odpov\u011bd\u011bli velkoryse.<\/span><\/p>\n<p><span>\u201eZde je n\u00e1\u0161 souhlas s bezuzdn\u00fdm kapitalismem, neoliber\u00e1ln\u00edm imperialistick\u00fdm vyko\u0159is\u0165ov\u00e1n\u00edm, v\u00e1lkami, militarismem, hladov\u00fdmi sankcemi a z\u00e1stupn\u00fdmi konflikty,\u201c \u0159\u00edk\u00e1me.<\/span><\/p>\n<p><span>\u201eA jako platbu za v\u00e1\u0161 produkt v\u00e1m d\u00e1me n\u011bjak\u00e9 pocity,\u201c \u0159\u00edkaj\u00ed s v\u0159el\u00fdm \u00fasm\u011bvem.<\/span><\/p>\n<p><span>\u201eZde je na\u0161e zdrav\u00ed, zdrav\u00ed na\u0161\u00ed biosf\u00e9ry, na\u0161e budoucnost a na\u0161e du\u0161evn\u00ed zdrav\u00ed,\u201c \u0159\u00edk\u00e1me.<\/span><\/p>\n<p><span>&#8222;A tady je velk\u00e1 tlust\u00e1 aktovka pln\u00e1 pocit\u016f,&#8220; odpov\u011bd\u011bli.<\/span><\/p>\n<p><span>Poselstv\u00ed, kter\u00e9 je do n\u00e1s opakovan\u011b vrt\u00e1no, je, \u017ee city jsou d\u016fle\u017eit\u011bj\u0161\u00ed ne\u017e \u017eivoty Palestinc\u016f.\u00a0Pocity jsou d\u016fle\u017eit\u011bj\u0161\u00ed ne\u017e to, \u017ee soused\u00e9 maj\u00ed st\u0159echu nad hlavou a mohou zajistit sv\u00e9 d\u011bti.\u00a0Pocity jsou d\u016fle\u017eit\u011bj\u0161\u00ed ne\u017e osvobozen\u00ed od tyranie a zneu\u017e\u00edv\u00e1n\u00ed.\u00a0Pocity jsou d\u016fle\u017eit\u011bj\u0161\u00ed ne\u017e ekosyst\u00e9m, na kter\u00fd spol\u00e9h\u00e1me p\u0159i p\u0159e\u017eit\u00ed.\u00a0Pocity jsou d\u016fle\u017eit\u011bj\u0161\u00ed ne\u017e zabr\u00e1nit jadern\u00e9mu armagedonu.<\/span><\/p>\n<p><span>A v\u0161echno je hor\u0161\u00ed a hor\u0161\u00ed a v\u00edcem\u00e9n\u011b v\u0161echny tyto pocity, se kter\u00fdmi jsme obchodov\u00e1ni, n\u00e1s ve skute\u010dnosti nezlep\u0161uj\u00ed.\u00a0N\u011bjak nepom\u00e1h\u00e1 ani podpora spr\u00e1vn\u00fdch l\u00eddr\u016f, kte\u0159\u00ed \u0159\u00edkaj\u00ed spr\u00e1vn\u00e1 slova.\u00a0Prodali jsme tyto lidi sv\u011btu a te\u010f dr\u017e\u00edme velkou igelitovou ta\u0161ku plnou pen\u011bz Monopoly.<\/span><\/p>\n<\/div>\n<\/div>\n<div class=\"elementor-element elementor-element-8c57238 quelle dc-has-condition dc-condition-empty elementor-widget elementor-widget-heading\" data-id=\"8c57238\" data-element_type=\"widget\" data-widget_type=\"heading.default\">\n<div class=\"elementor-widget-container\">\n<h3 class=\"elementor-heading-title elementor-size-default\"><span style=\"font-size: 10pt;\"><a href=\"https:\/\/caitlinjohnstone.com.au\/2024\/02\/25\/you-cant-be-a-lesser-evil-when-youre-sponsoring-a-genocide\/\" target=\"_blank\" rel=\"nofollow noopener\">ZDROJ<\/a><\/span><\/h3>\n<p>&nbsp;<\/p>\n<\/div>\n<\/div>\n","protected":false},"excerpt":{"rendered":"<p>Prezidenta, kter\u00fd podporuje p\u0159\u00edmou genocidu, nelze ozna\u010dit za \u201emen\u0161\u00ed zlo\u201c.\u00a0N\u011bco takov\u00e9ho neexistuje. \u2756 Nem\u016f\u017eete naz\u00fdvat&#8230;<\/p>\n","protected":false},"author":2,"featured_media":45169,"comment_status":"closed","ping_status":"closed","sticky":false,"template":"","format":"standard","meta":[],"categories":[7],"tags":[72,178,107],"_links":{"self":[{"href":"https:\/\/www.infokuryr.cz\/n\/wp-json\/wp\/v2\/posts\/48080"}],"collection":[{"href":"https:\/\/www.infokuryr.cz\/n\/wp-json\/wp\/v2\/posts"}],"about":[{"href":"https:\/\/www.infokuryr.cz\/n\/wp-json\/wp\/v2\/types\/post"}],"author":[{"embeddable":true,"href":"https:\/\/www.infokuryr.cz\/n\/wp-json\/wp\/v2\/users\/2"}],"replies":[{"embeddable":true,"href":"https:\/\/www.infokuryr.cz\/n\/wp-json\/wp\/v2\/comments?post=48080"}],"version-history":[{"count":0,"href":"https:\/\/www.infokuryr.cz\/n\/wp-json\/wp\/v2\/posts\/48080\/revisions"}],"wp:featuredmedia":[{"embeddable":true,"href":"https:\/\/www.infokuryr.cz\/n\/wp-json\/wp\/v2\/media\/45169"}],"wp:attachment":[{"href":"https:\/\/www.infokuryr.cz\/n\/wp-json\/wp\/v2\/media?parent=48080"}],"wp:term":[{"taxonomy":"category","embeddable":true,"href":"https:\/\/www.infokuryr.cz\/n\/wp-json\/wp\/v2\/categories?post=48080"},{"taxonomy":"post_tag","embeddable":true,"href":"https:\/\/www.infokuryr.cz\/n\/wp-json\/wp\/v2\/tags?post=48080"}],"curies":[{"name":"wp","href":"https:\/\/api.w.org\/{rel}","templated":true}]}}