{"id":48065,"date":"2024-02-27T06:10:15","date_gmt":"2024-02-27T05:10:15","guid":{"rendered":"https:\/\/www.infokuryr.cz\/n\/?p=48065"},"modified":"2024-02-27T07:20:23","modified_gmt":"2024-02-27T06:20:23","slug":"tamas-szuyok-zvolen-prezidentem-madarska","status":"publish","type":"post","link":"https:\/\/www.infokuryr.cz\/n\/2024\/02\/27\/tamas-szuyok-zvolen-prezidentem-madarska\/","title":{"rendered":"Tamas Szuyok zvolen prezidentem Ma\u010farska"},"content":{"rendered":"<div id=\"fb-root\"><\/div>\n<p class=\"lead\"><strong>Ma\u010farsk\u00fd parlament v\u011bt\u0161inou hlas\u016f zvolil kandid\u00e1ta strany Fidesz-Ma\u010farsk\u00e1 ob\u010dansk\u00e1 unie Tam\u00e1se Szujoka prezidentem republiky. Informuje o tom server Index.hu.<\/strong><\/p>\n<p><span>Dnes parlament zvolil Tam\u00e1se Sz\u00fajoka prezidentem Ma\u010farska 134 hlasy pro a 5 proti.\u00a0Do funkce se ujme 5. b\u0159ezna.<\/span><\/p>\n<p><span>Je t\u0159eba poznamenat, \u017ee Shuyok d\u0159\u00edve p\u016fsobil jako p\u0159edseda \u00fastavn\u00edho soudu zem\u011b.<\/span><\/p>\n<p><span>Jak informoval <strong>InfoKur\u00fdr<\/strong><\/span><span><strong>\u00a0<\/strong>10. \u00fanora , ma\u010farsk\u00e1 prezidentka\u00a0<\/span><strong><span>Katalin Nov\u00e1kov\u00e1 <\/span><\/strong><span>odstoupila<\/span><span>\u00a0, uvedl stejn\u00fd Index.<\/span><\/p>\n<p><span>\u201eKatalin Nov\u00e1kov\u00e1 ozn\u00e1mila svou rezignaci pot\u00e9, co vyvolala obrovsk\u00e9 ve\u0159ejn\u00e9 pobou\u0159en\u00ed sv\u00fdm rozhodnut\u00edm omilostnit odsouzenou osobu zapojenou do p\u0159\u00edpadu pedofilie. Nov\u00e1 hlava st\u00e1tu mus\u00ed b\u00fdt zvolena parlamentem do t\u0159iceti dn\u016f po skon\u010den\u00ed prezidentsk\u00e9ho mand\u00e1tu,\u201c napsala publikace.<\/span><\/p>\n<p><img decoding=\"async\" loading=\"lazy\" class=\"alignnone size-full wp-image-1185\" src=\"http:\/\/www.infokuryr.cz\/n\/wp-content\/uploads\/2021\/04\/kuryr-podpis.png\" alt=\"\" width=\"84\" height=\"24\" \/><\/p>\n<p>&nbsp;<\/p>\n","protected":false},"excerpt":{"rendered":"<p>Ma\u010farsk\u00fd parlament v\u011bt\u0161inou hlas\u016f zvolil kandid\u00e1ta strany Fidesz-Ma\u010farsk\u00e1 ob\u010dansk\u00e1 unie Tam\u00e1se Szujoka prezidentem republiky. Informuje&#8230;<\/p>\n","protected":false},"author":2,"featured_media":48066,"comment_status":"closed","ping_status":"closed","sticky":false,"template":"","format":"standard","meta":[],"categories":[7],"tags":[78,557,6867,27],"_links":{"self":[{"href":"https:\/\/www.infokuryr.cz\/n\/wp-json\/wp\/v2\/posts\/48065"}],"collection":[{"href":"https:\/\/www.infokuryr.cz\/n\/wp-json\/wp\/v2\/posts"}],"about":[{"href":"https:\/\/www.infokuryr.cz\/n\/wp-json\/wp\/v2\/types\/post"}],"author":[{"embeddable":true,"href":"https:\/\/www.infokuryr.cz\/n\/wp-json\/wp\/v2\/users\/2"}],"replies":[{"embeddable":true,"href":"https:\/\/www.infokuryr.cz\/n\/wp-json\/wp\/v2\/comments?post=48065"}],"version-history":[{"count":1,"href":"https:\/\/www.infokuryr.cz\/n\/wp-json\/wp\/v2\/posts\/48065\/revisions"}],"predecessor-version":[{"id":48067,"href":"https:\/\/www.infokuryr.cz\/n\/wp-json\/wp\/v2\/posts\/48065\/revisions\/48067"}],"wp:featuredmedia":[{"embeddable":true,"href":"https:\/\/www.infokuryr.cz\/n\/wp-json\/wp\/v2\/media\/48066"}],"wp:attachment":[{"href":"https:\/\/www.infokuryr.cz\/n\/wp-json\/wp\/v2\/media?parent=48065"}],"wp:term":[{"taxonomy":"category","embeddable":true,"href":"https:\/\/www.infokuryr.cz\/n\/wp-json\/wp\/v2\/categories?post=48065"},{"taxonomy":"post_tag","embeddable":true,"href":"https:\/\/www.infokuryr.cz\/n\/wp-json\/wp\/v2\/tags?post=48065"}],"curies":[{"name":"wp","href":"https:\/\/api.w.org\/{rel}","templated":true}]}}