{"id":4806,"date":"2021-09-17T08:32:05","date_gmt":"2021-09-17T06:32:05","guid":{"rendered":"http:\/\/www.infokuryr.cz\/n\/?p=4806"},"modified":"2021-09-17T08:33:26","modified_gmt":"2021-09-17T06:33:26","slug":"americka-jizni-hranice-se-hrouti-tisice-nelegalnich-pristehovalcu-cekaji-pod-mostem-v-texasu","status":"publish","type":"post","link":"https:\/\/www.infokuryr.cz\/n\/2021\/09\/17\/americka-jizni-hranice-se-hrouti-tisice-nelegalnich-pristehovalcu-cekaji-pod-mostem-v-texasu\/","title":{"rendered":"Americk\u00e1 ji\u017en\u00ed hranice se hrout\u00ed: Tis\u00edce neleg\u00e1ln\u00edch p\u0159ist\u011bhovalc\u016f \u010dekaj\u00ed pod mostem v Texasu"},"content":{"rendered":"<div id=\"fb-root\"><\/div>\n<p>Sn\u00edmky, zve\u0159ejn\u011bn\u00e9 ve \u010dtvrtek 16. z\u00e1\u0159\u00ed, ukazuj\u00ed dal\u0161\u00ed kritickou situaci na ji\u017en\u00edch hranic\u00edch USA, kde se do zem\u011b pokou\u0161\u00ed dostat v\u00edce ne\u017e 8 000 neleg\u00e1ln\u00edch p\u0159ist\u011bhovalc\u016f, kte\u0159\u00ed \u010dekaj\u00ed na registraci a evidenci pohrani\u010dn\u00edmi org\u00e1ny.<\/p>\n<p>\u0160okuj\u00edc\u00ed sn\u00edmky zachycen\u00e9 dronem Fox News odhaluj\u00ed, \u017ee podle odhad\u016f se nejm\u00e9n\u011b 8200 neleg\u00e1ln\u00edch p\u0159ist\u011bhovalc\u016f, v\u011bt\u0161inou z Haiti, shroma\u017e\u010fuje pod mostem v Texasu a \u010dek\u00e1, a\u017e se dostanou k\u00a0 pohrani\u010dn\u00edm hl\u00eddk\u00e1m USA, aby mohli vstoupit do zem\u011b\u00a0 jako uprchl\u00edci.<\/p>\n<p>Zve\u0159ejn\u011bn\u00e9 sn\u00edmky ukazuj\u00ed tis\u00edce lid\u00ed pod mostem, kte\u0159\u00ed \u010dekaj\u00ed na vyzvednut\u00ed pohrani\u010dn\u00ed polici\u00ed.\u00a0Podle ofici\u00e1ln\u00edch zpr\u00e1v se po\u010det za m\u00e9n\u011b ne\u017e 24 hodin zdvojn\u00e1sobil.<\/p>\n<div class=\"twitter-tweet twitter-tweet-rendered\"><iframe id=\"twitter-widget-0\" class=\"\" title=\"Twitter Tweet\" src=\"https:\/\/platform.twitter.com\/embed\/Tweet.html?dnt=false&amp;embedId=twitter-widget-0&amp;features=eyJ0ZndfZXhwZXJpbWVudHNfY29va2llX2V4cGlyYXRpb24iOnsiYnVja2V0IjoxMjA5NjAwLCJ2ZXJzaW9uIjpudWxsfSwidGZ3X2hvcml6b25fdHdlZXRfZW1iZWRfOTU1NSI6eyJidWNrZXQiOiJodGUiLCJ2ZXJzaW9uIjpudWxsfSwidGZ3X3NwYWNlX2NhcmQiOnsiYnVja2V0Ijoib2ZmIiwidmVyc2lvbiI6bnVsbH19&amp;frame=false&amp;hideCard=false&amp;hideThread=false&amp;id=1438488795398250500&amp;lang=cs&amp;origin=https%3A%2F%2Funcutnews.ch%2Fus-suedgrenze-bricht-zusammen-tausende-illegale-einwanderer-warten-unter-der-bruecke-in-texas-auf-ihre-abfertigung%2F&amp;sessionId=273f196ce1cd0d71751b9eca83f1150bb77b55a3&amp;theme=light&amp;widgetsVersion=1890d59c%3A1627936082797&amp;width=550px\" frameborder=\"0\" scrolling=\"no\" allowfullscreen=\"allowfullscreen\" data-tweet-id=\"1438488795398250500\" data-mce-fragment=\"1\"><\/iframe><\/div>\n<p>Korespondent Fox News p\u0159ed n\u011bkolika hodinami zve\u0159ejnil video s podrobnostmi o\u00a0 tis\u00edcovce\u00a0 lid\u00ed se\u0159azen\u00fdmi pod mezin\u00e1rodn\u00edm mostem v Del Rio v Texasu, kte\u0159\u00ed zde hledaj\u00ed \u00fakryt p\u0159ed sluncem.<\/p>\n<div class=\"twitter-tweet twitter-tweet-rendered\"><iframe id=\"twitter-widget-1\" class=\"\" title=\"Twitter Tweet\" src=\"https:\/\/platform.twitter.com\/embed\/Tweet.html?dnt=false&amp;embedId=twitter-widget-1&amp;features=eyJ0ZndfZXhwZXJpbWVudHNfY29va2llX2V4cGlyYXRpb24iOnsiYnVja2V0IjoxMjA5NjAwLCJ2ZXJzaW9uIjpudWxsfSwidGZ3X2hvcml6b25fdHdlZXRfZW1iZWRfOTU1NSI6eyJidWNrZXQiOiJodGUiLCJ2ZXJzaW9uIjpudWxsfSwidGZ3X3NwYWNlX2NhcmQiOnsiYnVja2V0Ijoib2ZmIiwidmVyc2lvbiI6bnVsbH19&amp;frame=false&amp;hideCard=false&amp;hideThread=false&amp;id=1438489399902212100&amp;lang=cs&amp;origin=https%3A%2F%2Funcutnews.ch%2Fus-suedgrenze-bricht-zusammen-tausende-illegale-einwanderer-warten-unter-der-bruecke-in-texas-auf-ihre-abfertigung%2F&amp;sessionId=273f196ce1cd0d71751b9eca83f1150bb77b55a3&amp;theme=light&amp;widgetsVersion=1890d59c%3A1627936082797&amp;width=550px\" frameborder=\"0\" scrolling=\"no\" allowfullscreen=\"allowfullscreen\" data-tweet-id=\"1438489399902212100\" data-mce-fragment=\"1\"><\/iframe><\/div>\n<p>Ve st\u0159edu bylo pod mostem asi 4 000 migrant\u016f, ale po\u010det p\u0159es noc stoupl na asi 8 200.<\/p>\n<p>Ohromuj\u00edc\u00ed sn\u00edmky p\u0159ich\u00e1zej\u00ed den pot\u00e9, co bylo ozn\u00e1meno, \u017ee v srpnu bylo na ji\u017en\u00ed hranici zadr\u017eeno v\u00edce ne\u017e 200 000 neleg\u00e1ln\u00edch p\u0159ist\u011bhovalc\u016f, co\u017e znamenalo druh\u00fd m\u011bs\u00edc v \u0159ad\u011b, kdy po\u010det p\u0159ekro\u010dil toto \u010d\u00edslo.<\/p>\n<p>Neleg\u00e1ln\u00ed imigranti \u010dekaj\u00ed v oblasti na p\u0159ed\u00e1n\u00ed americk\u00fdm pohrani\u010dn\u00edm \u00fa\u0159edn\u00edk\u016fm, kte\u0159\u00ed je p\u0159evezou do za\u0159\u00edzen\u00ed pohrani\u010dn\u00ed policie k ubytov\u00e1n\u00ed a zaevidov\u00e1n\u00ed.<\/p>\n<p>V d\u016fsledku masivn\u00edho p\u0159\u00edlivu cizinc\u016f v t\u00e9to oblasti americk\u00e9 \u00fa\u0159ady um\u00edstily pod most pitnou vodu, ru\u010dn\u00edky a chemick\u00e9 toalety, co\u017e vedlo mnoh\u00e9 k tomu, aby se tam shrom\u00e1\u017edili.<\/p>\n<p>Republik\u00e1ni vin\u00ed Bidenovu administrativu z pohrani\u010dn\u00ed krize, proto\u017ee prezident zvr\u00e1til mnoho imigra\u010dn\u00edch z\u00e1kon\u016f a na\u0159\u00edzen\u00edch b\u00fdval\u00e9ho prezidenta Donalda Trumpa zam\u011b\u0159en\u00fdch pr\u00e1v\u011b na odrazov\u00e1n\u00ed neleg\u00e1ln\u00edch p\u0159ist\u011bhovalc\u016f.<\/p>\n<p>Jedn\u00edm z nejv\u011bt\u0161\u00edch kritik\u016f t\u011bchto progresivn\u00edch krok\u016f B\u00edl\u00e9ho domu je texask\u00fd republik\u00e1nsk\u00fd sen\u00e1tor Ted Cruz, kter\u00fd na sv\u016fj twitterov\u00fd \u00fa\u010det napsal: <em>\u201eZa to m\u016f\u017ee Joe Biden.\u00a0M\u016f\u017ee za to Kamala Harris.\u00a0To je &#8230; barbarsk\u00e9 \u201c.<\/em><\/p>\n<div class=\"twitter-tweet twitter-tweet-rendered\"><iframe id=\"twitter-widget-2\" class=\"\" title=\"Twitter Tweet\" src=\"https:\/\/platform.twitter.com\/embed\/Tweet.html?dnt=false&amp;embedId=twitter-widget-2&amp;features=eyJ0ZndfZXhwZXJpbWVudHNfY29va2llX2V4cGlyYXRpb24iOnsiYnVja2V0IjoxMjA5NjAwLCJ2ZXJzaW9uIjpudWxsfSwidGZ3X2hvcml6b25fdHdlZXRfZW1iZWRfOTU1NSI6eyJidWNrZXQiOiJodGUiLCJ2ZXJzaW9uIjpudWxsfSwidGZ3X3NwYWNlX2NhcmQiOnsiYnVja2V0Ijoib2ZmIiwidmVyc2lvbiI6bnVsbH19&amp;frame=false&amp;hideCard=false&amp;hideThread=false&amp;id=1438521390328528903&amp;lang=cs&amp;origin=https%3A%2F%2Funcutnews.ch%2Fus-suedgrenze-bricht-zusammen-tausende-illegale-einwanderer-warten-unter-der-bruecke-in-texas-auf-ihre-abfertigung%2F&amp;sessionId=273f196ce1cd0d71751b9eca83f1150bb77b55a3&amp;theme=light&amp;widgetsVersion=1890d59c%3A1627936082797&amp;width=550px\" frameborder=\"0\" scrolling=\"no\" allowfullscreen=\"allowfullscreen\" data-tweet-id=\"1438521390328528903\" data-mce-fragment=\"1\"><\/iframe><\/div>\n<p>Po n\u011bkolika t\u00fddnech, kdy se nejv\u00fdznamn\u011bj\u0161\u00ed kritici situace zam\u011b\u0159ili na vypov\u011bzen\u00ed a pod\u00e1v\u00e1n\u00ed zpr\u00e1v o chaotick\u00e9m sta\u017een\u00ed USA z Afgh\u00e1nist\u00e1nu , co se k moci dostal Taliban, tyto nov\u00e9 obrazy p\u0159ivedly pozornost zp\u011bt k imigra\u010dn\u00ed krizi v zemi.<\/p>\n<p>Sen\u00e1tor Lindsey Graham byl dal\u0161\u00edm z t\u011bch, kte\u0159\u00ed obvi\u0148ovali Bidena z jeho manipulace s hranic\u00ed ve stra\u0161ideln\u00e9 zpr\u00e1v\u011b na Twitteru, kter\u00e1 tak\u00e9 p\u0159ipom\u00ednala \u0161patn\u00e1 rozhodnut\u00ed u\u010din\u011bn\u00e1 v Afgh\u00e1nist\u00e1nu:<\/p>\n<p><em>&#8222;P\u0159i ve\u0161ker\u00e9m chaosu ve sv\u011bt\u011b zp\u016fsoben\u00e9m Bidenovou nezodpov\u011bdnou zahrani\u010dn\u00ed politikou by bylo snadn\u00e9 p\u0159ehl\u00e9dnout probl\u00e9my na na\u0161\u00ed rozbit\u00e9 ji\u017en\u00ed hranici. Nezapomn\u011bl jsem na ne\u00fasp\u011b\u0161nou pohrani\u010dn\u00ed politiku prezidenta Bidena. \u201c<\/em><\/p>\n<p><img decoding=\"async\" loading=\"lazy\" class=\"alignnone size-full wp-image-1185\" src=\"http:\/\/www.infokuryr.cz\/n\/wp-content\/uploads\/2021\/04\/kuryr-podpis.png\" alt=\"\" width=\"84\" height=\"24\" \/><\/p>\n<p>&nbsp;<\/p>\n","protected":false},"excerpt":{"rendered":"<p>Sn\u00edmky, zve\u0159ejn\u011bn\u00e9 ve \u010dtvrtek 16. z\u00e1\u0159\u00ed, ukazuj\u00ed dal\u0161\u00ed kritickou situaci na ji\u017en\u00edch hranic\u00edch USA, kde&#8230;<\/p>\n","protected":false},"author":2,"featured_media":4807,"comment_status":"closed","ping_status":"closed","sticky":false,"template":"","format":"standard","meta":[],"categories":[7],"tags":[119,371,37],"_links":{"self":[{"href":"https:\/\/www.infokuryr.cz\/n\/wp-json\/wp\/v2\/posts\/4806"}],"collection":[{"href":"https:\/\/www.infokuryr.cz\/n\/wp-json\/wp\/v2\/posts"}],"about":[{"href":"https:\/\/www.infokuryr.cz\/n\/wp-json\/wp\/v2\/types\/post"}],"author":[{"embeddable":true,"href":"https:\/\/www.infokuryr.cz\/n\/wp-json\/wp\/v2\/users\/2"}],"replies":[{"embeddable":true,"href":"https:\/\/www.infokuryr.cz\/n\/wp-json\/wp\/v2\/comments?post=4806"}],"version-history":[{"count":0,"href":"https:\/\/www.infokuryr.cz\/n\/wp-json\/wp\/v2\/posts\/4806\/revisions"}],"wp:featuredmedia":[{"embeddable":true,"href":"https:\/\/www.infokuryr.cz\/n\/wp-json\/wp\/v2\/media\/4807"}],"wp:attachment":[{"href":"https:\/\/www.infokuryr.cz\/n\/wp-json\/wp\/v2\/media?parent=4806"}],"wp:term":[{"taxonomy":"category","embeddable":true,"href":"https:\/\/www.infokuryr.cz\/n\/wp-json\/wp\/v2\/categories?post=4806"},{"taxonomy":"post_tag","embeddable":true,"href":"https:\/\/www.infokuryr.cz\/n\/wp-json\/wp\/v2\/tags?post=4806"}],"curies":[{"name":"wp","href":"https:\/\/api.w.org\/{rel}","templated":true}]}}