{"id":48052,"date":"2024-02-27T05:47:55","date_gmt":"2024-02-27T04:47:55","guid":{"rendered":"https:\/\/www.infokuryr.cz\/n\/?p=48052"},"modified":"2024-02-27T05:47:55","modified_gmt":"2024-02-27T04:47:55","slug":"jak-je-lidstvu-vnucovana-totalni-cenzura","status":"publish","type":"post","link":"https:\/\/www.infokuryr.cz\/n\/2024\/02\/27\/jak-je-lidstvu-vnucovana-totalni-cenzura\/","title":{"rendered":"Jak je lidstvu vnucov\u00e1na tot\u00e1ln\u00ed cenzura"},"content":{"rendered":"<div id=\"fb-root\"><\/div>\n<p><span style=\"font-size: 18pt;\"><strong>Omezen\u00ed se zp\u0159\u00eds\u0148uj\u00ed a jsou zav\u00e1d\u011bna v\u0161ude na Z\u00e1pad\u011b<\/strong><\/span><\/p>\n<p><strong>Za\u010d\u00e1tkem leto\u0161n\u00edho roku auto\u0159i davosk\u00e9 zpr\u00e1vy o glob\u00e1ln\u00edch rizic\u00edch do roku 2024 ozna\u010dili \u201edezinformace a nedostatek spr\u00e1vn\u00fdch informac\u00ed\u201c za nejv\u011bt\u0161\u00ed a nejz\u00e1va\u017en\u011bj\u0161\u00ed glob\u00e1ln\u00ed rizika pro bl\u00edzkou budoucnost. A davos\u0161t\u00ed odborn\u00edci poprv\u00e9 za\u0159adili dezinformace na prvn\u00ed m\u00edsto mezi sv\u011btov\u00fdmi riziky. Uv\u00e1d\u00ed se to ve\u00a0<a href=\"https:\/\/www.weforum.org\/agenda\/2024\/01\/global-risk-report-2024-risks-are-growing-but-theres-hope\/\" target=\"_blank\" rel=\"external noopener\">Zpr\u00e1v\u011b o glob\u00e1ln\u00edch rizic\u00edch<\/a>, zve\u0159ejn\u011bn\u00e9 10. ledna, kterou vypracovalo WEF \u2013 Sv\u011btov\u00e9 ekonomick\u00e9 f\u00f3rum (World Economic Forum).<\/strong><\/p>\n<p>Ursula von der Leyenov\u00e1 a m\u00edstop\u0159edsedkyn\u011b Evropsk\u00e9 komise V. Jourov\u00e1 z\u00e1rove\u0148 ozn\u00e1mily vytvo\u0159en\u00ed nov\u00e9ho centra pro glob\u00e1ln\u00ed rizika. V. \u017durov\u00e1 ozn\u00e1mila vytvo\u0159en\u00ed nov\u00e9ho \u201edigit\u00e1ln\u00edho z\u00e1kona\u201c, kter\u00fd bude regulovat v\u0161echny s\u00edt\u011b, platformy a slu\u017eby Evropsk\u00e9 unie a zajist\u00ed d\u016fkladn\u00e9 prov\u011b\u0159ov\u00e1n\u00ed a omezen\u00ed p\u0159\u00edstupu ob\u010dan\u016f k jak\u00fdmkoli nespr\u00e1vn\u00fdm a glob\u00e1ln\u00edm spojenc\u016fm neloaj\u00e1ln\u00edm informac\u00edm. Zazn\u011bla tak\u00e9 my\u0161lenka p\u0159irovnat v\u0161echny komplicisty \u2013 \u201ep\u0159\u00edznivce konspira\u010dn\u00edch teori\u00ed, kte\u0159\u00ed rozs\u00e9vaj\u00ed \u0161patn\u00e9 my\u0161lenky o Evropsk\u00e9 unii, jej\u00edch z\u00e1m\u011brech a spojenc\u00edch\u201c \u2013 k terorist\u016fm. Tento z\u00e1kon, kter\u00fd Evropan\u016fm fakticky vnucuje tot\u00e1ln\u00ed cenzuru v\u0161ech m\u00e9di\u00ed, vstoup\u00ed pro EU v platnost 17. \u00fanora 2024.<\/p>\n<p>Sou\u010dasn\u011b s t\u00edm vy\u0161lo najevo, \u017ee se v Izraeli p\u0159ipravuje zaveden\u00ed cenzury v\u016f\u010di zahrani\u010dn\u00edm m\u00e9di\u00edm. Den\u00edk Times of Israel\u00a0<a href=\"https:\/\/www.timesofisrael.com\/liveblog_entry\/knesset-advances-bill-to-allow-ban-of-al-jazeera-would-also-require-political-will\/\" target=\"_blank\" rel=\"external noopener\">informoval<\/a>, \u017ee Kneset schv\u00e1lil v prvn\u00edm \u010dten\u00ed n\u00e1vrh z\u00e1kona, kter\u00fd by vl\u00e1d\u011b umo\u017enil omezovat \u010dinnost zahrani\u010dn\u00edch m\u00e9di\u00ed. P\u0159edpokl\u00e1d\u00e1 se, \u017ee pokud ministr obrany bude pova\u017eovat pr\u00e1ci zahrani\u010dn\u00edho m\u00e9dia za hrozbu pro bezpe\u010dnost Izraele, bude jeho \u010dinnost v zemi zastavena, kancel\u00e1\u0159e uzav\u0159eny a za\u0159\u00edzen\u00ed zabaveno.<\/p>\n<p>WEF ozn\u00e1mil spojen\u00ed sil s OSN za \u00fa\u010delem monitorov\u00e1n\u00ed\/omezen\u00ed svobody slova na internetu ji\u017e koncem podzimu. Ji\u017e tehdy se nevolen\u00ed \u010dlenov\u00e9 t\u011bchto dvou globalistick\u00fdch organizac\u00ed otev\u0159en\u011b stav\u011bli do role glob\u00e1ln\u00edch regul\u00e1tor\u016f cenzury svobody projevu. Do t\u00e9 doby propagandist\u00e9 WEF a Organizace OSN pro v\u00fdchovu, v\u011bdu a kulturu (UNESCO) ozn\u00e1mili, \u017ee vypracovali \u201esoubor n\u00e1stroj\u016f digit\u00e1ln\u00ed bezpe\u010dnosti\u201c, kter\u00fd cht\u011bj\u00ed vnutit vl\u00e1d\u00e1m suver\u00e9nn\u00edch st\u00e1t\u016f.<\/p>\n<p>EU z\u00e1rove\u0148 zd\u016fraznila, \u017ee tento soubor n\u00e1stroj\u016f je ur\u010den k boji proti \u201enen\u00e1vistn\u00fdm projev\u016fm\u201c a \u201ekyber\u0161ikan\u011b\u201c, zat\u00edmco v Izraeli bylo zavedeno v\u011bzen\u00ed za \u010dten\u00ed zak\u00e1zan\u00e9ho obsahu, nebo\u0165 Kneset schv\u00e1lil i n\u00e1vrh z\u00e1kona, kter\u00fd ukl\u00e1d\u00e1 ro\u010dn\u00ed v\u011bzen\u00ed za \u010dten\u00ed propagandy teroristick\u00fdch organizac\u00ed (nelze sledovat videa, \u010d\u00edst, lajkovat \u010di p\u0159epos\u00edlat p\u0159\u00edsp\u011bvky atd.).<\/p>\n<p>Schwab a spol. kyberzlo\u010dinci v OSN, UNESCO a WEF trvaj\u00ed na tom, \u017ee prosazovan\u00e1 \u201epravidla\u201c zajist\u00ed, \u017ee jimi kontrolovan\u00e1 verze internetu bude jedin\u00fdm \u201espolehliv\u00fdm\u201c zp\u016fsobem informov\u00e1n\u00ed a ochrany p\u0159ed dezinformacemi. \u0160\u00e9f WHO, washingtonsk\u00fd patentovan\u00fd terorista T. Gebreyesus, rovn\u011b\u017e\u00a0<a href=\"https:\/\/tsargrad.tv\/articles\/skelet-prezidenta-v-shkafu-neizvestnaja-zhizn-glavy-vsemirnogo-zdravoohranenija_592794\" target=\"_blank\" rel=\"external noopener\">vyz\u00fdv\u00e1<\/a>\u00a0ke glob\u00e1ln\u00edmu zv\u00fd\u0161en\u00ed cenzury ve jm\u00e9nu dal\u0161\u00ed \u201epandemick\u00e9 katastrofy\u201c.<\/p>\n<p>Za t\u00edmto \u00fa\u010delem pravideln\u011b p\u0159ipom\u00edn\u00e1, \u017ee WHO m\u00e1 z\u00e1jem na brzk\u00e9m vstupu tzv. sv\u011btov\u00e9 pandemick\u00e9 smlouvy v platnost a byla by r\u00e1da, kdyby \u010dlensk\u00e9 st\u00e1ty OSN tento proces urychlily, nebo\u0165 t\u00edm WHO z\u00edsk\u00e1 nejen nov\u00e9 pravomoci v oblasti zdravotn\u00ed politiky, ale tak\u00e9 re\u00e1ln\u011b umo\u017en\u00ed bojovat proti tzv. dezinformac\u00edm prost\u0159ednictv\u00edm p\u0159\u00edsn\u00e9ho dohledu.<\/p>\n<p>Ghebreyesus z\u00e1rove\u0148 nal\u00e9h\u00e1 na zem\u011b, aby si s dokon\u010den\u00edm dokumentu posp\u00ed\u0161ily, proto\u017ee \u201edal\u0161\u00ed pandemie nebo celosv\u011btov\u00e1 zdravotn\u00ed krize m\u016f\u017ee nastat kdykoli, jako tomu bylo v roce 2019\u201c. Gener\u00e1ln\u00ed \u0159editel WHO si st\u011b\u017euje, \u017ee \u201e\u0161\u00ed\u0159en\u00ed dezinformac\u00ed\u201c podkop\u00e1v\u00e1 \u201ed\u016fv\u011bru v na\u0161e instituce\u201c. Je to star\u00e1 p\u00edsni\u010dka, kterou se globalistick\u00e9 skupiny stoj\u00edc\u00ed za nejvy\u0161\u0161\u00edm zdravotnick\u00fdm teroristou planety neust\u00e1le sna\u017e\u00ed vnutit sv\u011btu. Jejich poselstv\u00ed zn\u00ed takto: v prvn\u00ed \u0159ad\u011b to nebyly jejich \u201einstituce\u201c a projekty, kter\u00e9 selhaly, ale \u201edezinformace\u201c, kter\u00e9 je k tomu p\u0159im\u011bly. A nyn\u00ed jde o to, jak lidi p\u0159esv\u011bd\u010dit, \u017ee je v\u0161e v po\u0159\u00e1dku, a o nutnost bojovat proti \u201edezinformac\u00edm\u201c st\u00e1le tot\u00e1ln\u011bj\u0161\u00ed cenzurou.<\/p>\n<p>To je Gebreyes\u016fv postoj, jak uvedl ve zvl\u00e1\u0161tn\u00edm videoposelstv\u00ed \u00fa\u010dastn\u00edk\u016fm summitu WHO v N\u011bmecku. Podobn\u011b se vyjad\u0159uj\u00ed i n\u011bkte\u0159\u00ed jeho spolupracovn\u00edci, kte\u0159\u00ed maj\u00ed na starosti n\u00e1rodn\u00ed zdravotnick\u00e9 syst\u00e9my. Nap\u0159\u00edklad n\u011bmeck\u00fd ministr zdravotnictv\u00ed Lauterbach je velmi\u00a0<a href=\"https:\/\/vk.com\/wall-68757437_31627\" target=\"_blank\" rel=\"external noopener\">znepokojen<\/a>\u00a0t\u00edm, \u017ee architekti \u201enov\u00e9ho norm\u00e1lu\u201c maj\u00ed nyn\u00ed co do \u010din\u011bn\u00ed s \u201einforma\u010dn\u00ed pandemi\u00ed\u201c, v n\u00ed\u017e je v\u0161e zpochyb\u0148ov\u00e1no, co\u017e jim velmi zt\u011b\u017euje vnucov\u00e1n\u00ed jejich agendy lidstvu.<\/p>\n<p>Aby podpo\u0159ili sv\u00e9 komplice z WHO a WEF,\u00a0<a href=\"https:\/\/en.unesco.org\/themes\/gced\/thinkbeforesharing?fbclid=IwAR1_0P7voy_EUeC7n9C3-S6vRia-tCaIJ8-53po9P_QQhejhfyNMPqq_yVY\" target=\"_blank\" rel=\"external noopener\">prohl\u00e1sili<\/a>\u00a0jejich stejn\u011b sm\u00fd\u0161lej\u00edc\u00ed kolegov\u00e9 z OSN po\u010d\u00e1tkem lo\u0148sk\u00e9ho l\u00e9ta v\u0161echna t\u00e9mata, kter\u00e1 se jim nel\u00edbila, za nebezpe\u010dn\u00e1 a ozna\u010dili je za \u201ekonspira\u010dn\u00ed teorie\u201c. Od t\u00e9 doby mus\u00ed ka\u017ed\u00fd slu\u0161n\u00fd ob\u010dan z pohledu Schwaba, Gatese a dal\u0161\u00edch lobbist\u016f \u201enov\u00e9 normalizace\u201c p\u0159edpokl\u00e1dat, \u017ee \u017e\u00e1dn\u00e1 sv\u011btov\u00e1 elita neexistuje, \u017e\u00e1dn\u00ed globalist\u00e9 tajn\u011b nemanipuluj\u00ed ud\u00e1lostmi ve sv\u011bt\u011b, mocn\u00ed jsou mimo\u0159\u00e1dn\u011b \u010destn\u00ed, starostliv\u00ed a otev\u0159en\u00ed lid\u00e9 a Soros, Gates, Rothschildov\u00e9, st\u00e1t Izrael atd. nemohou b\u00fdt v \u017e\u00e1dn\u00e9m p\u0159\u00edpad\u011b spojov\u00e1ni s \u017e\u00e1dn\u00fdmi \u201e\u00fadajn\u00fdmi spiknut\u00edmi\u201c.<\/p>\n<p>A pokud se setk\u00e1te s n\u011bk\u00fdm, kdo n\u011bco takov\u00e9ho tvrd\u00ed, m\u011bli byste okam\u017eit\u011b \u201ezakro\u010dit\u201c a nahl\u00e1sit ho m\u00edstn\u00ed \u201emy\u0161lenkov\u00e9 policii\u201c nebo nov\u00e9mu syst\u00e9mu OSN pro ov\u011b\u0159ov\u00e1n\u00ed fakt\u016f iVerify. Tento automatizovan\u00fd n\u00e1stroj pro \u201eov\u011b\u0159ov\u00e1n\u00ed fakt\u016f\u201c byl vyvinut ve spolupr\u00e1ci s OSN a Facebookem a financov\u00e1n Sorosem. Syst\u00e9m je ur\u010den \u201ek celosv\u011btov\u00e9mu boji proti dezinformac\u00edm\u201c a je aktivn\u011b podporov\u00e1n spole\u010dnost\u00ed Google, kter\u00e1 od druh\u00e9 poloviny roku 2023 zav\u00e1d\u00ed cenzuru WHO\/WEF\/OSN v oblastech, jako jsou: pandemie a covid-19, velk\u00e1 farmacie a Big Pharma, globalist\u00e9 a jedna sv\u011btov\u00e1 vl\u00e1da, Sv\u011btov\u00e1 banka, masov\u00e1 migrace atd. To v\u0161e bude nyn\u00ed je\u0161t\u011b siln\u011bji cenzurov\u00e1no. To, \u010d\u00edm si lid\u00e9 pro\u0161li p\u0159edt\u00edm (blokov\u00e1n\u00ed, maz\u00e1n\u00ed \u00fa\u010dt\u016f, st\u00ednov\u00e9 z\u00e1kazy), bylo jen zkou\u0161kou nebo, chcete-li, testem syst\u00e9mu, proto\u017ee pokud \u017e\u00e1dn\u00e9 konspirace neexistuj\u00ed, pro\u010d proti nim tak horliv\u011b \u201ebojovat\u201c, \u010deho se b\u00e1t?<\/p>\n<p>Nov\u00e1 glob\u00e1ln\u00ed cenzurn\u00ed politika Googlu \u201eFact Checking Tools\u201c, kter\u00e1 m\u00e1 eliminovat nesouhlas s jak\u00fdmkoli t\u00e9matem vybran\u00fdm korporac\u00ed, byla zavedena 7. srpna 2023. Tehdy Google tak\u00e9 ozn\u00e1mil pl\u00e1ny na \u00fapln\u00e9 odstran\u011bn\u00ed v\u0161ech nez\u00e1visl\u00fdch m\u00e9di\u00ed z v\u00fdsledk\u016f vyhled\u00e1v\u00e1n\u00ed. Podle vedouc\u00ed Google News Lab Latoyi Drakeov\u00e9 spolupracuje Google na v\u00fdvoji nov\u00e9ho cenzurn\u00edho n\u00e1stroje s OSN, WHO a dal\u0161\u00edmi organizacemi. T\u00e9m\u011b\u0159 ihned pot\u00e9, 15. srpna, aktualizoval YouTube sv\u00e1 pravidla pro l\u00e9ka\u0159sk\u00e9 informace a\u00a0<a href=\"https:\/\/thehill.com\/policy\/technology\/4153540-youtube-announces-new-policies-to-target-medical-misinformation\/\" target=\"_blank\" rel=\"external noopener\">rozhodl se<\/a>\u00a0odstranit ve\u0161ker\u00fd obsah, kter\u00fd je v rozporu s doporu\u010den\u00edmi zdravotnick\u00fdch org\u00e1n\u016f pro prevenci a p\u0159enos n\u011bkter\u00fdch onemocn\u011bn\u00ed, v\u010detn\u011b vakc\u00edn.<\/p>\n<p>Kyjevsk\u00fd re\u017eim cht\u011bl okam\u017eit\u011b vyu\u017e\u00edt tot\u00e1ln\u00ed cenzury a dezinformac\u00ed, kter\u00e9 byly lidstvu v kyberprostoru vnuceny. Za t\u00edmto \u00fa\u010delem m\u011bla man\u017eelka ukrajinsk\u00e9ho prezidenta Jelena Zelensk\u00e1 loni na podzim zvl\u00e1\u0161tn\u00ed sch\u016fzku se z\u00e1stupci spole\u010dnosti Google, kter\u00fdm sd\u011blila n\u00e1sleduj\u00edc\u00ed p\u0159\u00e1n\u00ed a tu\u017eby sou\u010dasn\u00fdch ukrajinsk\u00fdch \u00fa\u0159ad\u016f: derusifikovat v\u00fdstupy vyhled\u00e1v\u00e1n\u00ed v Googlu a doporu\u010den\u00ed na YouTube; zm\u011bnit automatick\u00fd v\u00fdstup doporu\u010den\u00e9ho a obl\u00edben\u00e9ho obsahu pro Ukrajince z rusk\u00e9ho jazyka na ukrajinsk\u00fd a evropsk\u00fd; odpojit Ukrajinu od jej\u00ed geografick\u00e9 p\u0159\u00edslu\u0161nosti k SNS; zobrazovat Krym v\u0161em u\u017eivatel\u016fm Google Maps jako \u00fazem\u00ed Ukrajiny.<\/p>\n<p>Nejen Google a farmaceutick\u00e9 korporace agresivn\u011b lobbuj\u00edc\u00ed za \u201eo\u010dkov\u00e1n\u00ed\u201c v\u0161eho a \u010dehokoli, ale i banky v Austr\u00e1lii (kter\u00e1 d\u00edky sv\u00fdm geografick\u00fdm specifik\u016fm slou\u017e\u00ed jako jak\u00e9si pole experiment\u016f a testovac\u00edch n\u00e1stroj\u016f pro architekty \u201enov\u00e9 normalizace\u201c), kter\u00e9 nyn\u00ed mohou zru\u0161it \u00fa\u010det, pokud se klient \u201edopust\u00ed ur\u00e1\u017eliv\u00fdch nebo diskrimina\u010dn\u00edch koment\u00e1\u0159\u016f na soci\u00e1ln\u00edch s\u00edt\u00edch\u201c, ukazuj\u00ed, jak\u00e1 je touha po tot\u00e1ln\u00ed cenzu\u0159e v zem\u00edch tzv. zlat\u00e9 miliardy.<\/p>\n<p>P\u0159\u00edklad: N\u00e1rodn\u00ed australsk\u00e1 banka (NAB) stanovila nov\u00e1 krit\u00e9ria pro vylou\u010den\u00ed klient\u016f a od 1. listopadu 2023 m\u016f\u017ee zak\u00e1zat klient\u016fm vyu\u017e\u00edvat jej\u00ed slu\u017eby, \u201epokud negativn\u011b ovliv\u0148uj\u00ed citovou pohodu jin\u00e9 osoby\u201c. To zahrnuje z\u00e1kazn\u00edky, kte\u0159\u00ed zanech\u00e1vaj\u00ed \u201eur\u00e1\u017eliv\u00e9 nebo diskrimina\u010dn\u00ed p\u0159\u00edsp\u011bvky \u010di koment\u00e1\u0159e\u201c na internetu nebo zp\u016fsobuj\u00ed \u201edu\u0161evn\u00ed \u00fajmu\u201c na soci\u00e1ln\u00edch s\u00edt\u00edch!<\/p>\n<p>V N\u011bmecku jsou nespokojenci a ti, kte\u0159\u00ed kladou nepohodln\u00e9 ot\u00e1zky s n\u011bmeckou neomalenost\u00ed, ji\u017e nyn\u00ed klasifikov\u00e1ni jako \u201ekonspira\u010dn\u00ed teoretici\u201c a vyz\u00fdv\u00e1ni, aby se p\u0159ihl\u00e1sili speci\u00e1ln\u011b vytvo\u0159en\u00e9 \u201e<a href=\"https:\/\/entschwoert.de\/berlinweite-beratung\/\" target=\"_blank\" rel=\"external noopener\">my\u0161lenkov\u00e9 policii<\/a>\u201c v podob\u011b \u201eporadensk\u00e9 slu\u017eby pro lidi v oblasti Velk\u00e9ho Berl\u00edna, kte\u0159\u00ed vn\u00edmaj\u00ed ideologick\u00e1 konspira\u010dn\u00ed tvrzen\u00ed u sv\u00fdch rodinn\u00fdch p\u0159\u00edslu\u0161n\u00edk\u016f, p\u0159\u00e1tel nebo zn\u00e1m\u00fdch a cht\u011bj\u00ed nebo pot\u0159ebuj\u00ed naj\u00edt zp\u016fsob, jak se s nimi vypo\u0159\u00e1dat\u201c.<\/p>\n<p>M\u00edstn\u00ed n\u00e1sledovn\u00edci Orwella a Schwaba svou \u010dinnost zat\u00edm r\u00e1muj\u00ed a rozmis\u0165uj\u00ed takto: \u201eNab\u00edz\u00edme pomoc p\u0159i jedn\u00e1n\u00ed s p\u0159\u00edbuzn\u00fdmi, kte\u0159\u00ed hovo\u0159\u00ed pouze o hrub\u00fdch &#8218;teori\u00edch&#8216; a konspira\u010dn\u00edch m\u00fdtech, jsou ji\u017e p\u0159ipout\u00e1ni ke konspira\u010dn\u00edm p\u0159\u00edb\u011bh\u016fm a p\u0159\u00edpadn\u011b p\u016fsob\u00ed v konspira\u010dn\u00edch ideologick\u00fdch kruz\u00edch: a\u0165 u\u017e digit\u00e1ln\u011b, ve skupin\u00e1ch na Telegramu nebo na demonstrac\u00edch takzvan\u00e9ho hnut\u00ed &#8218;later\u00e1ln\u00edho my\u0161len\u00ed&#8216;.\u201c<\/p>\n<p>V Rakousku p\u0159evzalo funkci \u201emy\u0161lenkov\u00e9 policie\u201c \u0158editelstv\u00ed pro ochranu st\u00e1tu a zpravodajstv\u00ed (DSN). Jeho digit\u00e1ln\u00ed kriminalist\u00e9, kte\u0159\u00ed monitoruj\u00ed \u201e\u0161\u00ed\u0159en\u00ed konspira\u010dn\u00edch m\u00fdt\u016f v zemi\u201c,\u00a0<a href=\"https:\/\/www.profil.at\/oesterreich\/staatsschutz-fordert-strafen-fuer-fake-news\/402510721\" target=\"_blank\" rel=\"external noopener\">se ob\u00e1vaj\u00ed<\/a>, \u017ee se \u0161i\u0159itel\u00e9 t\u011bchto informac\u00ed st\u00e1le v\u00edce profesionalizuj\u00ed: \u201ePodle DSN je v\u011b\u010dn\u00fdm favoritem mezi konspira\u010dn\u00edmi m\u00fdty takzvan\u00fd &#8218;Velk\u00fd reset&#8216;. Mimo jin\u00e9 zahrnuje tvrzen\u00ed, \u017ee elity usiluj\u00ed o sv\u011btovl\u00e1du a cht\u011bj\u00ed prov\u00e9st v\u00fdm\u011bnu obyvatelstva. Roz\u0161\u00ed\u0159en\u00e1 z\u016fst\u00e1vaj\u00ed tak\u00e9 fale\u0161n\u00e1 sd\u011blen\u00ed o \u0161kodlivosti o\u010dkov\u00e1n\u00ed.\u201c<\/p>\n<p>Orwellova vlastn\u00ed \u201ealma mater\u201c ve Velk\u00e9 Brit\u00e1nii nechala b\u011bhem tzv. pandemie z\u0159\u00eddit vlastn\u00ed \u201emy\u0161lenkovou policii\u201c \u2013 v podob\u011b tajn\u00e9 vl\u00e1dn\u00ed \u201edezinforma\u010dn\u00ed jednotky\u201c -, kter\u00e1 m\u011bla j\u00edt po t\u011bch, kdo se kriticky vyjad\u0159ovali ke karant\u00e9n\u011b a zpochyb\u0148ovali moudrost masov\u00e9ho o\u010dkov\u00e1n\u00ed d\u011bt\u00ed. Den\u00edk Telegraph tuto speci\u00e1ln\u00ed strukturu z\u0159\u00edzenou britsk\u00fdmi ministry\u00a0<a href=\"https:\/\/www.telegraph.co.uk\/news\/2023\/06\/02\/counter-disinformation-unit-government-covid-lockdown\/\" target=\"_blank\" rel=\"external noopener\">ozna\u010duje<\/a>\u00a0za \u201ed\u011bsivou tajnou jednotku, kter\u00e1 m\u011bla omezit nesouhlas s uzav\u00edrkou\u201c.<\/p>\n<p>P\u0159\u00edslu\u0161n\u00e9 technologie se ji\u017e n\u011bkolik let praktikuj\u00ed na \u00fazem\u00ed Austr\u00e1lie a Nov\u00e9ho Z\u00e9landu, kter\u00e9 jsou \u010dleny britsk\u00e9ho Spole\u010denstv\u00ed n\u00e1rod\u016f. Premi\u00e9rka posledn\u011b jmenovan\u00e9ho st\u00e1tu D. Ardern podepsala p\u0159edloni s B. Gatesem dohodu o partnerstv\u00ed p\u0159i tich\u00e9m zav\u00e1d\u011bn\u00ed tzv. digit\u00e1ln\u00edch identifika\u010dn\u00edch karet na cel\u00e9m \u00fazem\u00ed zem\u011b. V d\u016fsledku toho za\u010dal vl\u00e1dn\u00ed program \u0159\u00edzen\u00e9 izolace a karant\u00e9ny (MIQ), kter\u00fd byl b\u011bhem pandemie \u0159\u00edzen prost\u0159ednictv\u00edm manu\u00e1ln\u00ed evidence, p\u0159ech\u00e1zet na softwarov\u00e9 n\u00e1stroje vyvinut\u00e9 JNCTN k ov\u011b\u0159ov\u00e1n\u00ed digit\u00e1ln\u00edch pr\u016fkaz\u016f toto\u017enosti pro pracovn\u00edky MIQ.<\/p>\n<p>Sou\u010dasn\u011b novoz\u00e9landsk\u00fd premi\u00e9r navrhl z tribuny OSN z\u00e1kaz \u0161\u00ed\u0159en\u00ed neautorizovan\u00fdch informac\u00ed s t\u00edm, \u017ee \u201esvoboda slova je zbran\u00ed nep\u0159\u00edtele a pr\u00e1v\u011b pluralita n\u00e1zor\u016f plod\u00ed v\u00e1lky, glob\u00e1ln\u00ed oteplov\u00e1n\u00ed a rasismus\u201c a vl\u00e1dn\u00ed \u00fa\u0159edn\u00edci jsou jedin\u00fdm zdrojem pravdy, a proto mus\u00ed b\u00fdt internet cenzurov\u00e1n.<\/p>\n<p>V dob\u011b t\u011bchto prohl\u00e1\u0161en\u00ed ji\u017e na samotn\u00e9m Nov\u00e9m Z\u00e9landu m\u00edstn\u00ed zpravodajsk\u00e9 agentury aktivn\u011b vyd\u00e1valy let\u00e1ky, v nich\u017e informovaly ve\u0159ejnost, \u017ee ka\u017ed\u00fd, kdo m\u00e1 podez\u0159en\u00ed, \u017ee jeho p\u0159\u00e1tel\u00e9 nebo \u010dlenov\u00e9 rodiny vystupuj\u00ed proti politice, kter\u00e1 zahrnuje cenzuru a protik\u0159es\u0165ansk\u00e1 omezen\u00ed, by je m\u011bl urychlen\u011b nahl\u00e1sit, proto\u017ee je to znamen\u00ed, \u017ee va\u0161i p\u0159\u00e1tel\u00e9 a \u010dlenov\u00e9 rodiny jsou terorist\u00e9&#8230;..<\/p>\n<p><b>Valerij Ilyin<\/b><\/p>\n<div class=\"podcarou\">\n<p><a href=\"https:\/\/www.fondsk.ru\/news\/2024\/02\/21\/kak-chelovechestvu-navyazyvayut-totalnuyu-cenzuru.html\" target=\"_blank\" rel=\"external noopener\">\u041a\u0430\u043a \u0447\u0435\u043b\u043e\u0432\u0435\u0447\u0435\u0441\u0442\u0432\u0443 \u043d\u0430\u0432\u044f\u0437\u044b\u0432\u0430\u044e\u0442 \u0442\u043e\u0442\u0430\u043b\u044c\u043d\u0443\u044e \u0446\u0435\u043d\u0437\u0443\u0440\u0443?\u00a0<\/a>vy\u0161el 21.2.2024 na fondsk.ru. P\u0159eklad\u00a0<a href=\"https:\/\/zvedavec.news\/komentare\/2024\/02\/9988-jak-je-lidstvu-vnucovana-totalni-cenzura.htm\">Zvedavec.org<\/a><\/p>\n<p>&nbsp;<\/p>\n<p>&nbsp;<\/p>\n<\/div>\n","protected":false},"excerpt":{"rendered":"<p>Omezen\u00ed se zp\u0159\u00eds\u0148uj\u00ed a jsou zav\u00e1d\u011bna v\u0161ude na Z\u00e1pad\u011b Za\u010d\u00e1tkem leto\u0161n\u00edho roku auto\u0159i davosk\u00e9 zpr\u00e1vy&#8230;<\/p>\n","protected":false},"author":2,"featured_media":5609,"comment_status":"closed","ping_status":"closed","sticky":false,"template":"","format":"standard","meta":[],"categories":[7],"tags":[63,48,365],"_links":{"self":[{"href":"https:\/\/www.infokuryr.cz\/n\/wp-json\/wp\/v2\/posts\/48052"}],"collection":[{"href":"https:\/\/www.infokuryr.cz\/n\/wp-json\/wp\/v2\/posts"}],"about":[{"href":"https:\/\/www.infokuryr.cz\/n\/wp-json\/wp\/v2\/types\/post"}],"author":[{"embeddable":true,"href":"https:\/\/www.infokuryr.cz\/n\/wp-json\/wp\/v2\/users\/2"}],"replies":[{"embeddable":true,"href":"https:\/\/www.infokuryr.cz\/n\/wp-json\/wp\/v2\/comments?post=48052"}],"version-history":[{"count":0,"href":"https:\/\/www.infokuryr.cz\/n\/wp-json\/wp\/v2\/posts\/48052\/revisions"}],"wp:featuredmedia":[{"embeddable":true,"href":"https:\/\/www.infokuryr.cz\/n\/wp-json\/wp\/v2\/media\/5609"}],"wp:attachment":[{"href":"https:\/\/www.infokuryr.cz\/n\/wp-json\/wp\/v2\/media?parent=48052"}],"wp:term":[{"taxonomy":"category","embeddable":true,"href":"https:\/\/www.infokuryr.cz\/n\/wp-json\/wp\/v2\/categories?post=48052"},{"taxonomy":"post_tag","embeddable":true,"href":"https:\/\/www.infokuryr.cz\/n\/wp-json\/wp\/v2\/tags?post=48052"}],"curies":[{"name":"wp","href":"https:\/\/api.w.org\/{rel}","templated":true}]}}