{"id":48048,"date":"2024-02-27T00:51:20","date_gmt":"2024-02-26T23:51:20","guid":{"rendered":"https:\/\/www.infokuryr.cz\/n\/?p=48048"},"modified":"2024-02-26T19:37:11","modified_gmt":"2024-02-26T18:37:11","slug":"madarsko-schvalilo-clenstvi-svedska-v-nato","status":"publish","type":"post","link":"https:\/\/www.infokuryr.cz\/n\/2024\/02\/27\/madarsko-schvalilo-clenstvi-svedska-v-nato\/","title":{"rendered":"Ma\u010farsko schv\u00e1lilo \u010dlenstv\u00ed \u0160v\u00e9dska v NATO"},"content":{"rendered":"<div id=\"fb-root\"><\/div>\n<p><span style=\"font-size: 18pt;\"><strong>Premi\u00e9r Viktor Orb\u00e1n \u0159ekl, \u017ee dohoda o bojov\u00fdch letadlech pomohla zajistit souhlas Budape\u0161ti<\/strong><\/span><\/p>\n<p><span>Ma\u010farsk\u00fd parlament drtivou v\u011bt\u0161inou hlasoval pro povolen\u00ed vstupu \u0160v\u00e9dska do NATO, t\u00e9m\u011b\u0159 dva roky pot\u00e9, co Stockholm po\u017e\u00e1dal o \u010dlenstv\u00ed ve vojensk\u00e9m bloku veden\u00e9m USA.\u00a0Hlasov\u00e1n\u00ed uzav\u00edr\u00e1 posledn\u00ed kolo roz\u0161i\u0159ov\u00e1n\u00ed NATO, p\u0159i\u010dem\u017e \u0160v\u00e9dsko je 32. \u010dlenem paktu.<\/span><\/p>\n<p><span>Hlasov\u00e1n\u00ed se uskute\u010dnilo v pond\u011bl\u00ed pot\u00e9, co \u0161v\u00e9dsk\u00fd premi\u00e9r Ulf Kristersson v p\u00e1tek odcestoval do Budape\u0161ti, aby se setkal se sv\u00fdm ma\u010farsk\u00fdm prot\u011bj\u0161kem Viktorem Orbanem.\u00a0Na spole\u010dn\u00e9 tiskov\u00e9 konferenci oba v\u016fdci uvedli, \u017ee odlo\u017eili sv\u00e9 neshody, p\u0159i\u010dem\u017e Orban prohl\u00e1sil, \u017ee \u010dlenstv\u00ed v NATO znamen\u00e1, \u017ee Ma\u010fa\u0159i a \u0160v\u00e9dov\u00e9 jsou\u00a0<\/span><em><span>\u201ep\u0159ipraveni zem\u0159\u00edt jeden za druh\u00e9ho\u201c.<\/span><\/em><\/p>\n<p><span>Pro ratifikaci hlasovalo asi 188 z\u00e1konod\u00e1rc\u016f, zat\u00edmco \u0161est hlasovalo proti.<\/span><\/p>\n<p><span>\u0160v\u00e9dsko a Finsko po\u017e\u00e1daly o vstup do NATO v roce 2022 s odkazem na vn\u00edmanou hrozbu, kterou p\u0159edstavuje Rusko.\u00a0Zat\u00edmco v\u011bt\u0161ina \u010dlen\u016f bloku ob\u011b \u017e\u00e1dosti rychle ratifikovala, Ma\u010farsko a T\u00fcrkiye vydr\u017eely, p\u0159i\u010dem\u017e tureck\u00fd prezident Recep Tayyip Erdogan po\u017eadoval, aby seversk\u00e9 st\u00e1ty nejprve vydaly \u00fadajn\u00e9 kurdsk\u00e9 a gulenistick\u00e9 teroristy, a Orban obvinil Stockholm a Helsinky z \u201e\u00a0<\/span><em><span>\u0161\u00ed\u0159en\u00ed nehor\u00e1zn\u00fdch l\u017e\u00ed o Ma\u010farsku. \u201c<\/span><\/em><\/p>\n<p><span>\u0160v\u00e9dsko a Finsko ost\u0159e kritizovaly ma\u010farskou konzervativn\u00ed vl\u00e1du, p\u0159i\u010dem\u017e ob\u011b podporovaly zadr\u017eov\u00e1n\u00ed finan\u010dn\u00edch prost\u0159edk\u016f EU z Budape\u0161ti kv\u016fli Orbanovu \u00fadajn\u00e9mu potla\u010dov\u00e1n\u00ed pr\u00e1v LGBT a migrant\u016f a tak\u00e9 kv\u016fli obav\u00e1m o nez\u00e1vislost soud\u016f.\u00a0Ma\u010farsko loni schv\u00e1lilo \u017e\u00e1dost Finska, ale Orb\u00e1nova strana Fidesz odm\u00edtla hlasovat o \u0161v\u00e9dsk\u00e9 nab\u00eddce, dokud Kristersson nep\u0159ijede do Budape\u0161ti, aby si promluvil s ma\u010farsk\u00fdm v\u016fdcem.<\/span><\/p>\n<p><span>B\u011bhem p\u00e1te\u010dn\u00edch jedn\u00e1n\u00ed Kristersson souhlasil, \u017ee \u0160v\u00e9dsko prod\u00e1 Ma\u010farsku \u010dty\u0159i st\u00edhac\u00ed letouny Saab Gripen, kter\u00e9 roz\u0161\u00ed\u0159\u00ed 14\u010dlennou flotilu ma\u010farsk\u00e9 arm\u00e1dy. Orban novin\u00e1\u0159\u016fm \u0159ekl, \u017ee prodej pomohl\u00a0<\/span><em><span>\u201eobnovit d\u016fv\u011bru\u201c<\/span><\/em><span>\u00a0mezi ob\u011bma zem\u011bmi.<\/span><\/p>\n<p><span>P\u0159i \u017e\u00e1dosti o vstup do NATO se \u0160v\u00e9dsko z\u0159eklo sv\u00e9 politiky neutrality trvaj\u00edc\u00ed dv\u011b stolet\u00ed.\u00a0Rusko opakovan\u011b odsoudilo expanzi NATO po studen\u00e9 v\u00e1lce na v\u00fdchod, p\u0159i\u010dem\u017e rusk\u00fd ministr zahrani\u010d\u00ed Sergej Lavrov minul\u00fd m\u011bs\u00edc obvinil USA, \u017ee\u00a0<\/span><em><span>\u201ezat\u00e1hly neutr\u00e1ln\u00ed zem\u011b\u201c<\/span><\/em><span>\u00a0do bloku za \u00fa\u010delem konfrontace s Ruskem.<\/span><\/p>\n<p><span>Pot\u00e9, co se loni k alianci p\u0159ipojilo Finsko, rusk\u00fd prezident Vladimir Putin ozn\u00e1mil vytvo\u0159en\u00ed nov\u00e9ho vojensk\u00e9ho okruhu soused\u00edc\u00edho se seversk\u00fdm n\u00e1rodem.\u00a0<\/span><em><span>&#8222;Nebyly \u017e\u00e1dn\u00e9 pot\u00ed\u017ee&#8220;<\/span><\/em><span>\u00a0, ne\u017e se Finsko p\u0159ipojilo k bloku, \u0159ekl v prosinci a dodal:\u00a0<\/span><em><span>&#8222;te\u010f budou.&#8220;<\/span><\/em><\/p>\n<p><img decoding=\"async\" loading=\"lazy\" class=\"alignnone size-full wp-image-1185\" src=\"http:\/\/www.infokuryr.cz\/n\/wp-content\/uploads\/2021\/04\/kuryr-podpis.png\" alt=\"\" width=\"84\" height=\"24\" \/><\/p>\n<p>&nbsp;<\/p>\n","protected":false},"excerpt":{"rendered":"<p>Premi\u00e9r Viktor Orb\u00e1n \u0159ekl, \u017ee dohoda o bojov\u00fdch letadlech pomohla zajistit souhlas Budape\u0161ti Ma\u010farsk\u00fd parlament&#8230;<\/p>\n","protected":false},"author":2,"featured_media":48049,"comment_status":"closed","ping_status":"closed","sticky":false,"template":"","format":"standard","meta":[],"categories":[7],"tags":[78,39,1947,124],"_links":{"self":[{"href":"https:\/\/www.infokuryr.cz\/n\/wp-json\/wp\/v2\/posts\/48048"}],"collection":[{"href":"https:\/\/www.infokuryr.cz\/n\/wp-json\/wp\/v2\/posts"}],"about":[{"href":"https:\/\/www.infokuryr.cz\/n\/wp-json\/wp\/v2\/types\/post"}],"author":[{"embeddable":true,"href":"https:\/\/www.infokuryr.cz\/n\/wp-json\/wp\/v2\/users\/2"}],"replies":[{"embeddable":true,"href":"https:\/\/www.infokuryr.cz\/n\/wp-json\/wp\/v2\/comments?post=48048"}],"version-history":[{"count":1,"href":"https:\/\/www.infokuryr.cz\/n\/wp-json\/wp\/v2\/posts\/48048\/revisions"}],"predecessor-version":[{"id":48050,"href":"https:\/\/www.infokuryr.cz\/n\/wp-json\/wp\/v2\/posts\/48048\/revisions\/48050"}],"wp:featuredmedia":[{"embeddable":true,"href":"https:\/\/www.infokuryr.cz\/n\/wp-json\/wp\/v2\/media\/48049"}],"wp:attachment":[{"href":"https:\/\/www.infokuryr.cz\/n\/wp-json\/wp\/v2\/media?parent=48048"}],"wp:term":[{"taxonomy":"category","embeddable":true,"href":"https:\/\/www.infokuryr.cz\/n\/wp-json\/wp\/v2\/categories?post=48048"},{"taxonomy":"post_tag","embeddable":true,"href":"https:\/\/www.infokuryr.cz\/n\/wp-json\/wp\/v2\/tags?post=48048"}],"curies":[{"name":"wp","href":"https:\/\/api.w.org\/{rel}","templated":true}]}}