{"id":48042,"date":"2024-02-27T00:42:16","date_gmt":"2024-02-26T23:42:16","guid":{"rendered":"https:\/\/www.infokuryr.cz\/n\/?p=48042"},"modified":"2024-02-26T19:15:04","modified_gmt":"2024-02-26T18:15:04","slug":"jiri-paroubek-podle-r-fica-jde-do-tuheho","status":"publish","type":"post","link":"https:\/\/www.infokuryr.cz\/n\/2024\/02\/27\/jiri-paroubek-podle-r-fica-jde-do-tuheho\/","title":{"rendered":"Ji\u0159\u00ed Paroubek: Podle R. Fica jde do tuh\u00e9ho\u2026"},"content":{"rendered":"<div id=\"fb-root\"><\/div>\n<p><strong>I m\u011b v\u010dera premi\u00e9r Robert Fico p\u0159ekvapil jasn\u00fdm a tvrd\u00fdm vyj\u00e1d\u0159en\u00edm ke konfliktu na v\u00fdchod\u011b Ukrajiny.<\/strong><\/p>\n<p>Nebudu se zab\u00fdvat v\u0161emi aspekty jeho vyj\u00e1d\u0159en\u00ed. D\u016fle\u017eit\u00e9 podle m\u011b jsou n\u011bkter\u00e1 jeho tvrzen\u00ed, se kter\u00fdmi se pln\u011b ztoto\u017e\u0148uji.<\/p>\n<p>P\u0159edev\u0161\u00edm si, tak jako on, mysl\u00edm, \u017ee konflikt na Ukrajin\u011b nem\u00e1 vojensk\u00e9 \u0159e\u0161en\u00ed. A \u017ee si Z\u00e1pad nedok\u00e1\u017ee p\u0159iznat, \u017ee jeho strategie \u201evyu\u017e\u00edt konflikt na Ukrajin\u011b ke zni\u010den\u00ed Rusk\u00e9 federace, nefunguje\u201c. Souhlas\u00edm tak\u00e9 s t\u00edm, co je \u010d\u00edm d\u00e1l z\u0159ejm\u011bj\u0161\u00ed, a to je, \u017ee to byl Z\u00e1pad v osob\u011b tehdej\u0161\u00edho britsk\u00e9ho premi\u00e9ra B. Johnsona, kter\u00fd znemo\u017enil Ukrajin\u011b dos\u00e1hnout m\u00edrov\u00e9 dohody s Ruskem, kr\u00e1tce po zah\u00e1jen\u00ed ozbrojen\u00e9ho konfliktu.<\/p>\n<p>K dal\u0161\u00edm vyj\u00e1d\u0159en\u00edm R. Fica se ji\u017e vyjad\u0159ovat nebudu, proto\u017ee si mysl\u00edm, \u017ee nejsou tak d\u016fle\u017eit\u00e1 a z m\u00e9ho hlediska za n\u011b nechci n\u00e9st politick\u00e9 n\u00e1klady.<\/p>\n<p><a href=\"https:\/\/stranapro.cz\/\"><img decoding=\"async\" loading=\"lazy\" class=\"alignnone  wp-image-40285 aligncenter\" src=\"http:\/\/www.infokuryr.cz\/n\/wp-content\/uploads\/2023\/11\/11pro-300x79.png\" alt=\"\" width=\"615\" height=\"162\" srcset=\"https:\/\/www.infokuryr.cz\/n\/wp-content\/uploads\/2023\/11\/11pro-300x79.png 300w, https:\/\/www.infokuryr.cz\/n\/wp-content\/uploads\/2023\/11\/11pro.png 363w\" sizes=\"(max-width: 615px) 100vw, 615px\" \/><\/a><\/p>\n<p>Robert Fico v dal\u0161\u00edm sv\u00e9m emotivn\u00edm vyj\u00e1d\u0159en\u00ed v\u010dera ve\u010der (na videu, kter\u00e9 jsem\u00a0 vid\u011bl), hovo\u0159\u00ed o tom, \u017ee svolal na dne\u0161n\u00ed r\u00e1no sch\u016fzku Bezpe\u010dnost\u00ed rady st\u00e1tu, \u010dlen\u016f vl\u00e1dy a \u0161pi\u010dek koali\u010dn\u00edch stran s t\u00edm, \u017ee s nimi hodl\u00e1 hovo\u0159it o taktice sv\u00e9ho vystoupen\u00ed na narychlo francouzsk\u00fdm p\u0159edsednictv\u00edm EU svolan\u00e9 roz\u0161\u00ed\u0159en\u00e9 Evropsk\u00e9 rady. R. Fico ve sv\u00e9m videoprohl\u00e1\u0161en\u00ed se znalost\u00ed agendy dne\u0161n\u00edho evropsk\u00e9ho summitu hovo\u0159\u00ed o tom, \u017ee Macronovo p\u0159edsednictv\u00ed EU chce vyzvat k p\u0159\u00edm\u00e9 vojensk\u00e9 \u00fa\u010dasti jednotliv\u00fdch \u010dlensk\u00fdch st\u00e1t\u016f ve v\u00e1lce na Ukrajin\u011b. Znamenalo by to mj. i nasazen\u00ed \u010desk\u00fdch voj\u00e1k\u016f.<\/p>\n<p>Uvid\u00edme, zda se toto prohl\u00e1\u0161en\u00ed Roberta Fica, kter\u00e9ho pova\u017euji za seri\u00f3zn\u00edho politika, prok\u00e1\u017ee na v\u00fdsledc\u00edch summitu, jeho\u017e se z\u00fa\u010dast\u0148uj\u00ed nejen \u010dlenov\u00e9 EU27, ale tak\u00e9 dal\u0161\u00ed evropsk\u00e9 zem\u011b, kter\u00e9 nejsou \u010dleny EU, ale jsou \u010dleny NATO.<\/p>\n<p>Ukrajin\u011b v podstat\u011b doch\u00e1zej\u00ed voj\u00e1ci a \u017eiv\u00e1 s\u00edla se ned\u00e1 nahradit vojenskou technikou. Pokud by k n\u011b\u010demu takov\u00e9mu do\u0161lo, m\u011blo by to ov\u0161em nedoz\u00edrn\u00e9 n\u00e1sledky. Podobn\u00e9 t\u011bm, kter\u00e9 zp\u016fsobily evropsk\u00e9 elity p\u0159ed vznikem I. sv\u011btov\u00e9 v\u00e1lky. S ohledem na pravd\u011bpodobn\u00fd jin\u00fd rozm\u011br dne\u0161n\u00edho v\u00e1le\u010dn\u00e9ho konfliktu, a to s pou\u017eit\u00edm nejmodern\u011bj\u0161\u00edch zbran\u00ed, v\u010detn\u011b pou\u017eit\u00ed jadern\u00fdch zbran\u00ed z obou stran, lze p\u0159edpokl\u00e1dat, \u017ee by takov\u00fd v\u00e1le\u010dn\u00fd konflikt neskon\u010dil &#8222;jen&#8220; des\u00edtkami miliony mrtv\u00fdch jako I. sv\u011btov\u00e1 v\u00e1lka, ale prakticky koncem civilizace.<\/p>\n<p>Je zvl\u00e1\u0161tn\u00ed, jak\u00fd klid vl\u00e1dne dnes v \u010desk\u00fdch vl\u00e1dn\u00edch kruz\u00edch i v \u010desk\u00fdch mainstreamov\u00fdch m\u00e9di\u00edch p\u0159ed takto kl\u00ed\u010dov\u00fdm summitem zem\u00ed EU\u2026<\/p>\n<p>Jen p\u0159ipom\u00edn\u00e1m, \u017ee podle v minul\u00e9m t\u00fddnu publikovan\u00e9ho pr\u016fzkumu ve\u0159ejn\u00e9ho m\u00edn\u011bn\u00ed (agentura STEM) 69% obyvatel \u010ceska je pro ukon\u010den\u00ed konfliktu na Ukrajin\u011b m\u00edrovou cestou, a to i za cenu odstoupen\u00ed \u010d\u00e1sti \u00fazem\u00ed Ukrajiny Rusku.<\/p>\n<p><a href=\"https:\/\/vasevec.info\/komentare\/podle-r-fica-jde-do-tuheho\">Ji\u0159\u00ed Paroubek<\/a><\/p>\n<p><img decoding=\"async\" loading=\"lazy\" class=\"alignnone size-medium wp-image-2342\" src=\"http:\/\/www.infokuryr.cz\/n\/wp-content\/uploads\/2021\/06\/paroubek-300x208.jpg\" alt=\"\" width=\"300\" height=\"208\" srcset=\"https:\/\/www.infokuryr.cz\/n\/wp-content\/uploads\/2021\/06\/paroubek-300x208.jpg 300w, https:\/\/www.infokuryr.cz\/n\/wp-content\/uploads\/2021\/06\/paroubek.jpg 318w\" sizes=\"(max-width: 300px) 100vw, 300px\" \/><\/p>\n<p><img decoding=\"async\" loading=\"lazy\" class=\"wp-image-47634 aligncenter\" src=\"http:\/\/www.infokuryr.cz\/n\/wp-content\/uploads\/2024\/02\/Pozvanka_Praha-_23.3.24-300x229.jpg\" alt=\"\" width=\"766\" height=\"585\" srcset=\"https:\/\/www.infokuryr.cz\/n\/wp-content\/uploads\/2024\/02\/Pozvanka_Praha-_23.3.24-300x229.jpg 300w, https:\/\/www.infokuryr.cz\/n\/wp-content\/uploads\/2024\/02\/Pozvanka_Praha-_23.3.24.jpg 595w\" sizes=\"(max-width: 766px) 100vw, 766px\" \/><\/p>\n<p>&nbsp;<\/p>\n<p>&nbsp;<\/p>\n","protected":false},"excerpt":{"rendered":"<p>I m\u011b v\u010dera premi\u00e9r Robert Fico p\u0159ekvapil jasn\u00fdm a tvrd\u00fdm vyj\u00e1d\u0159en\u00edm ke konfliktu na v\u00fdchod\u011b&#8230;<\/p>\n","protected":false},"author":2,"featured_media":2543,"comment_status":"closed","ping_status":"closed","sticky":false,"template":"","format":"standard","meta":[],"categories":[6],"tags":[636,29,26,40],"_links":{"self":[{"href":"https:\/\/www.infokuryr.cz\/n\/wp-json\/wp\/v2\/posts\/48042"}],"collection":[{"href":"https:\/\/www.infokuryr.cz\/n\/wp-json\/wp\/v2\/posts"}],"about":[{"href":"https:\/\/www.infokuryr.cz\/n\/wp-json\/wp\/v2\/types\/post"}],"author":[{"embeddable":true,"href":"https:\/\/www.infokuryr.cz\/n\/wp-json\/wp\/v2\/users\/2"}],"replies":[{"embeddable":true,"href":"https:\/\/www.infokuryr.cz\/n\/wp-json\/wp\/v2\/comments?post=48042"}],"version-history":[{"count":1,"href":"https:\/\/www.infokuryr.cz\/n\/wp-json\/wp\/v2\/posts\/48042\/revisions"}],"predecessor-version":[{"id":48043,"href":"https:\/\/www.infokuryr.cz\/n\/wp-json\/wp\/v2\/posts\/48042\/revisions\/48043"}],"wp:featuredmedia":[{"embeddable":true,"href":"https:\/\/www.infokuryr.cz\/n\/wp-json\/wp\/v2\/media\/2543"}],"wp:attachment":[{"href":"https:\/\/www.infokuryr.cz\/n\/wp-json\/wp\/v2\/media?parent=48042"}],"wp:term":[{"taxonomy":"category","embeddable":true,"href":"https:\/\/www.infokuryr.cz\/n\/wp-json\/wp\/v2\/categories?post=48042"},{"taxonomy":"post_tag","embeddable":true,"href":"https:\/\/www.infokuryr.cz\/n\/wp-json\/wp\/v2\/tags?post=48042"}],"curies":[{"name":"wp","href":"https:\/\/api.w.org\/{rel}","templated":true}]}}