{"id":48037,"date":"2024-02-27T00:40:45","date_gmt":"2024-02-26T23:40:45","guid":{"rendered":"https:\/\/www.infokuryr.cz\/n\/?p=48037"},"modified":"2024-02-26T19:01:38","modified_gmt":"2024-02-26T18:01:38","slug":"uz-poslal-valkychtivy-vetchy-sve-ceske-deti-rebecu-a-arona-s-manzelkou-na-zkusenou-na-ukrajinu-ci-do-palestiny","status":"publish","type":"post","link":"https:\/\/www.infokuryr.cz\/n\/2024\/02\/27\/uz-poslal-valkychtivy-vetchy-sve-ceske-deti-rebecu-a-arona-s-manzelkou-na-zkusenou-na-ukrajinu-ci-do-palestiny\/","title":{"rendered":"U\u017e poslal v\u00e1lkychtiv\u00fd Vetch\u00fd sv\u00e9 \u010cESK\u00c9 d\u011bti Rebecu a \u00c1rona s man\u017eelkou na zku\u0161enou na Ukrajinu \u010di do Palestiny?"},"content":{"rendered":"<div id=\"fb-root\"><\/div>\n<p><span style=\"font-size: 14pt;\"><strong>V\u0161imli jste si, \u017ee Vetch\u00fd hrdina by nejrad\u011bji poslal na\u0161e d\u011bti do v\u00e1lky, r\u00e1d by vid\u011bl snad i jejich krev, ale jeho d\u011bti VE\u0158EJN\u011a\u00a0 p\u0159\u00edkladn\u011b do t\u011bchto m\u00edst na zku\u0161enou zat\u00edm neposlal?<\/strong><\/span><\/p>\n<div class=\"itemRelMedia col-sm-12\">\n<div class=\"avPlayerWrapper avVideo\">\n<div class=\"avPlayerContainer\">\n<div id=\"AVPlayerID_0_2412ca25090606073cdca5d28468bde5\" class=\"avPlayerBlock\"><iframe loading=\"lazy\" title=\"JoomlaWorks AllVideos Player\" src=\"https:\/\/www.facebook.com\/plugins\/video.php?href=https%3A%2F%2Fwww.facebook.com%2Frobertficosk%2Fvideos%2F914189983483242&amp;show_text=0&amp;width=400\" width=\"400\" height=\"300\" frameborder=\"0\" scrolling=\"no\" allowfullscreen=\"allowfullscreen\" data-mce-fragment=\"1\"><\/iframe><\/div>\n<\/div>\n<\/div>\n<\/div>\n<div class=\"fulltext\">\n<p>V\u0161imli jste si, \u017ee Vetch\u00fd, \u010di \u0158ehka \u017e\u00e1daj\u00ed\u00a0<strong>NA\u0160E<\/strong>\u00a0 pen\u00edze na v\u00e1le\u010dn\u00e9 b\u011bsn\u011bn\u00ed, ale sv\u00e9 majetky si chr\u00e1n\u00ed b\u016fhv\u00ed kde?<\/p>\n<p><span style=\"font-size: 18pt;\"><strong>Nebo snad ve\u0159ejn\u011b deklarovali, \u017ee jdou p\u0159\u00edkladem?<\/strong><\/span><\/p>\n<p><a href=\"https:\/\/stranapro.cz\/\"><img decoding=\"async\" loading=\"lazy\" class=\"wp-image-40285 aligncenter\" src=\"http:\/\/www.infokuryr.cz\/n\/wp-content\/uploads\/2023\/11\/11pro-300x79.png\" alt=\"\" width=\"604\" height=\"159\" srcset=\"https:\/\/www.infokuryr.cz\/n\/wp-content\/uploads\/2023\/11\/11pro-300x79.png 300w, https:\/\/www.infokuryr.cz\/n\/wp-content\/uploads\/2023\/11\/11pro.png 363w\" sizes=\"(max-width: 604px) 100vw, 604px\" \/><\/a><\/p>\n<p>Pokud to mysl\u00ed v\u00e1\u017en\u011b, maj\u00ed vystoupit v\u00e1le\u010dn\u00ed \u0161tv\u00e1\u010di p\u0159\u00edkladn\u011b a ozn\u00e1mit, \u017ee sv\u00e9 majetky p\u0159edali arm\u00e1d\u011b, a d\u011bti poslali na Ukrajinu \u010di do Palestiny bojovat!<\/p>\n<p><span style=\"font-size: 18pt;\"><strong>\u017de tam vlo\u017eili sv\u00e9 majetky a po\u017e\u00e1dali n\u00e1rod, aby ud\u011blal tot\u00e9\u017e!<\/strong><\/span><\/p>\n<p>Sly\u0161eli jste n\u011bkoho z nich, \u017ee by\u00a0<strong>SV\u00c9<\/strong>\u00a0 majetky dali na tanky, \u010di na bombard\u00e9ry \u010cernochov\u00e9 a \u0158ehky?<\/p>\n<p>Zat\u00edm n\u00e1m tyto pen\u00edze sebrali na rozpo\u010det gener\u00e1l\u016f a kde maj\u00ed ukryty pen\u00edze z v\u00e1lky nesm\u00edme v\u011bd\u011bt.<\/p>\n<p><span style=\"font-size: 18pt;\"><strong>Na\u0161e pen\u00edze jim nesmrd\u00ed, ale na\u0161e kritika ano! Vyb\u00edraj\u00ed pen\u00edze na tanky, berou n\u00e1m na\u0161e pen\u00edze na v\u00e1lku, ale na nemocn\u00e9 d\u011bti vyb\u00edraj\u00ed chud\u00ed po korunk\u00e1ch!<\/strong><\/span><\/p>\n<p><span style=\"font-size: 18pt;\"><strong>To v\u00e1\u017en\u011b nen\u00ed mor\u00e1ln\u00ed zlo\u010din?<\/strong><\/span><\/p>\n<p>Jd\u011bte sakra p\u0159\u00edkladem a neberte na\u0161e d\u011bti jako rukojm\u00ed!<\/p>\n<p><a href=\"https:\/\/www.skrytapravda.cz\/z-domova\/1753-uz-poslal-valkychtivy-vetchy-sve-ceske-deti-rebecu-a-arona-s-manzelkou-na-zkusenou-na-ukrajinu-ci-do-palestiny\">Petr Pokorn\u00fd<\/a><\/p>\n<p><img decoding=\"async\" loading=\"lazy\" class=\"wp-image-47634 aligncenter\" src=\"http:\/\/www.infokuryr.cz\/n\/wp-content\/uploads\/2024\/02\/Pozvanka_Praha-_23.3.24-300x229.jpg\" alt=\"\" width=\"741\" height=\"566\" srcset=\"https:\/\/www.infokuryr.cz\/n\/wp-content\/uploads\/2024\/02\/Pozvanka_Praha-_23.3.24-300x229.jpg 300w, https:\/\/www.infokuryr.cz\/n\/wp-content\/uploads\/2024\/02\/Pozvanka_Praha-_23.3.24.jpg 595w\" sizes=\"(max-width: 741px) 100vw, 741px\" \/><\/p>\n<\/div>\n","protected":false},"excerpt":{"rendered":"<p>V\u0161imli jste si, \u017ee Vetch\u00fd hrdina by nejrad\u011bji poslal na\u0161e d\u011bti do v\u00e1lky, r\u00e1d by&#8230;<\/p>\n","protected":false},"author":2,"featured_media":48038,"comment_status":"closed","ping_status":"closed","sticky":false,"template":"","format":"standard","meta":[],"categories":[6],"tags":[29,90,4471,26,6865],"_links":{"self":[{"href":"https:\/\/www.infokuryr.cz\/n\/wp-json\/wp\/v2\/posts\/48037"}],"collection":[{"href":"https:\/\/www.infokuryr.cz\/n\/wp-json\/wp\/v2\/posts"}],"about":[{"href":"https:\/\/www.infokuryr.cz\/n\/wp-json\/wp\/v2\/types\/post"}],"author":[{"embeddable":true,"href":"https:\/\/www.infokuryr.cz\/n\/wp-json\/wp\/v2\/users\/2"}],"replies":[{"embeddable":true,"href":"https:\/\/www.infokuryr.cz\/n\/wp-json\/wp\/v2\/comments?post=48037"}],"version-history":[{"count":1,"href":"https:\/\/www.infokuryr.cz\/n\/wp-json\/wp\/v2\/posts\/48037\/revisions"}],"predecessor-version":[{"id":48039,"href":"https:\/\/www.infokuryr.cz\/n\/wp-json\/wp\/v2\/posts\/48037\/revisions\/48039"}],"wp:featuredmedia":[{"embeddable":true,"href":"https:\/\/www.infokuryr.cz\/n\/wp-json\/wp\/v2\/media\/48038"}],"wp:attachment":[{"href":"https:\/\/www.infokuryr.cz\/n\/wp-json\/wp\/v2\/media?parent=48037"}],"wp:term":[{"taxonomy":"category","embeddable":true,"href":"https:\/\/www.infokuryr.cz\/n\/wp-json\/wp\/v2\/categories?post=48037"},{"taxonomy":"post_tag","embeddable":true,"href":"https:\/\/www.infokuryr.cz\/n\/wp-json\/wp\/v2\/tags?post=48037"}],"curies":[{"name":"wp","href":"https:\/\/api.w.org\/{rel}","templated":true}]}}