{"id":48034,"date":"2024-02-27T00:36:42","date_gmt":"2024-02-26T23:36:42","guid":{"rendered":"https:\/\/www.infokuryr.cz\/n\/?p=48034"},"modified":"2024-02-26T18:52:06","modified_gmt":"2024-02-26T17:52:06","slug":"ondrej-prokop-eu-se-pripravuje-na-valku-stan-chystal-tunel-za-400-milionu-kc-pochybna-kampelicka","status":"publish","type":"post","link":"https:\/\/www.infokuryr.cz\/n\/2024\/02\/27\/ondrej-prokop-eu-se-pripravuje-na-valku-stan-chystal-tunel-za-400-milionu-kc-pochybna-kampelicka\/","title":{"rendered":"Ond\u0159ej Prokop: EU se p\u0159ipravuje na v\u00e1lku. STAN chystal tunel za 400 milion\u016f K\u010d. Pochybn\u00e1 kampeli\u010dka"},"content":{"rendered":"<div id=\"fb-root\"><\/div>\n<p>Chyst\u00e1 se snad EU na v\u00e1lku? Evropa m\u00e1 nov\u011b m\u00edt ministra v\u00e1lky! Fiala samoz\u0159ejm\u011b nen\u00ed pozadu a jede do Pa\u0159\u00ed\u017ee na v\u00e1le\u010dn\u00fd summit se z\u00e1m\u011brem vyzbrojit Ukrajinu. M\u00edsto, aby se staral o propadaj\u00edc\u00ed \u010deskou ekonomiku a jej\u00ed probl\u00e9my, v\u011bnuje se dal\u0161\u00edmu zbrojen\u00ed.<\/p>\n<p>\ud83d\udc49 \u010ce\u0161i rekordn\u011b zchudli a re\u00e1ln\u00e9 mzdy se propadly. Podle ekonom\u016f se na p\u016fvodn\u00ed \u00farove\u0148 vr\u00e1t\u00edme nejd\u0159\u00edve za \u0161est let. Nejedna rodina tak bude muset i nad\u00e1le utahovat opasky. Dal\u0161\u00ed v\u00fdsledek hospoda\u0159en\u00ed P\u011btikoalice.<\/p>\n<p>\ud83d\udc49 \u010cesko se propadlo i na \u017eeb\u0159\u00ed\u010dku \u00farovn\u011b \u017eivota d\u016fchodc\u016f. Navzdory tomu si P\u011btikoalice asoci\u00e1ln\u011b protla\u010dila sn\u00ed\u017een\u00ed jejich d\u016fchod\u016f. Hnut\u00ed ANO bude nad\u00e1le bojovat proti t\u00e9to nespravedlnosti.<\/p>\n<p>\ud83d\udc49 Fiala rozd\u011blil \u010desk\u00e9 zem\u011bd\u011blce na dva t\u00e1bory. Ti, co nesouhlas\u00ed s vl\u00e1dou, jsou podle n\u011bj proru\u0161t\u00ed destabiliz\u00e1to\u0159i na\u0161\u00ed spole\u010dnosti a ti, co neprotestuj\u00ed proti P\u011btikoalici, jsou pr\u00fd zast\u00e1nci demokracie. Tohle m\u011b opravdu na\u0161tvalo. Arogantn\u00ed a naprosto zcestn\u00e9.<\/p>\n<p>\ud83d\udc49 Uk\u00e1zalo se, \u017ee dal\u0161\u00ed vlivn\u00fd mu\u017e ODS m\u011bl ulo\u017een\u00e9 miliony v pochybn\u00e9 Fialov\u011b kampeli\u010dce. Co ob\u010dansk\u00e9 demokraty vedlo k milionov\u00fdm investic\u00edm do t\u00e9to firmy? Vzhledem k miziv\u00e9 n\u00e1vratnosti jejich pen\u011bz to asi spo\u0159en\u00ed nebylo. Fiala nap\u0159\u00edklad z milionu vyd\u011blal za 5 let jen 256 korun a 20 hal\u00e9\u0159\u016f.<\/p>\n<p>\ud83d\udc49 Pir\u00e1ti se ob\u00e1vaj\u00ed dal\u0161\u00edch oplzl\u00fdch skand\u00e1l\u016f. Exn\u00e1m\u011bstek Kova\u0159\u00edk dostal instrukci, aby svoji stranu p\u0159\u00ed\u0161t\u011b v\u010das informoval, jakmile sp\u00e1ch\u00e1 n\u011bjak\u00fd skand\u00e1l. U Pir\u00e1t\u016f se u\u017e snad nejde ni\u010demu divit.<\/p>\n<p>\ud83d\udc49 Starostov\u00e9 v Praze cht\u011bli koupit budovu od sponzora sv\u00e9ho hnut\u00ed za 400 milion\u016f K\u010d. Hodnota t\u00e9to budovy je ale 230 milion\u016f. Na v\u00fdboru jsme tento z\u00e1m\u011br samoz\u0159ejm\u011b zarazili. A\u010dkoliv jejich n\u00e1kup neprojde, i tak je neuv\u011b\u0159iteln\u00e9, \u017ee se o takov\u00fd tunel ve\u0159ejn\u00fdch pen\u011bz v\u016fbec pokou\u0161\u00ed.<\/p>\n<p>\ud83d\udc49 Praha bude \u017e\u00e1dat v\u00edce pen\u011bz na \u0161koln\u00ed kucha\u0159ky, ukl\u00edze\u010dky a dal\u0161\u00ed pracovn\u00edky. Velk\u00e9 v\u00edt\u011bzstv\u00ed hnut\u00ed ANO v Praze, kter\u00e9 z\u00e1m\u011br prosadilo na Zastupitelstvu. D\u011bkuji za to! Hlavn\u011b sv\u00fdm koleg\u016fm a Patriku Nacherovi.<\/p>\n<p>\ud83d\udc49 P\u011btikoalice chce zdra\u017eovat j\u00edzdn\u00e9 MHD v Praze. Je\u0161t\u011b p\u0159ed p\u00e1r m\u011bs\u00edci H\u0159ib tvrdil, \u017ee k tomu nedojde. \u017d\u00e1dali jsme jasn\u00e9 vysv\u011btlen\u00ed, co p\u0159esn\u011b maj\u00ed v pl\u00e1nu, ale odm\u00edtli s n\u00e1mi celou v\u011bc projednat.<\/p>\n<p>To v\u0161e a mnohem v\u00edc se dozv\u00edte v 72. d\u00edlu m\u00e9ho politick\u00e9ho podcastu. D\u011bkuji v\u00e1m p\u0159edem za zhl\u00e9dnut\u00ed a pros\u00edm o dal\u0161\u00ed sd\u00edlen\u00ed, a\u0165 se pravdu dozv\u00ed co nejv\u00edc lid\u00ed! T\u011b\u0161\u00edm se na dotazy i koment\u00e1\u0159e!<\/p>\n<p><iframe loading=\"lazy\" title=\"EU se p\u0159ipravuje na v\u00e1lku. STAN chystal tunel za 400 milion\u016f K\u010d. Pochybn\u00e1 kampeli\u010dka. \u010cau Praho! #72\" width=\"640\" height=\"360\" src=\"https:\/\/www.youtube.com\/embed\/nurU1-nhlXo?feature=oembed\" frameborder=\"0\" allow=\"accelerometer; autoplay; clipboard-write; encrypted-media; gyroscope; picture-in-picture; web-share\" allowfullscreen><\/iframe><\/p>\n<p><strong>Ing. Ond\u0159ej Prokop, p\u0159edseda hnut\u00ed ANO v Praze<\/strong><\/p>\n<p><a href=\"https:\/\/stranapro.cz\/\"><img decoding=\"async\" loading=\"lazy\" class=\"wp-image-40286 aligncenter\" src=\"http:\/\/www.infokuryr.cz\/n\/wp-content\/uploads\/2023\/11\/12pro-300x87.png\" alt=\"\" width=\"890\" height=\"258\" srcset=\"https:\/\/www.infokuryr.cz\/n\/wp-content\/uploads\/2023\/11\/12pro-300x87.png 300w, https:\/\/www.infokuryr.cz\/n\/wp-content\/uploads\/2023\/11\/12pro.png 366w\" sizes=\"(max-width: 890px) 100vw, 890px\" \/><\/a><\/p>\n<p><img decoding=\"async\" loading=\"lazy\" class=\"wp-image-47634 aligncenter\" src=\"http:\/\/www.infokuryr.cz\/n\/wp-content\/uploads\/2024\/02\/Pozvanka_Praha-_23.3.24-300x229.jpg\" alt=\"\" width=\"778\" height=\"594\" srcset=\"https:\/\/www.infokuryr.cz\/n\/wp-content\/uploads\/2024\/02\/Pozvanka_Praha-_23.3.24-300x229.jpg 300w, https:\/\/www.infokuryr.cz\/n\/wp-content\/uploads\/2024\/02\/Pozvanka_Praha-_23.3.24.jpg 595w\" sizes=\"(max-width: 778px) 100vw, 778px\" \/><\/p>\n<p>&nbsp;<\/p>\n<p>&nbsp;<\/p>\n","protected":false},"excerpt":{"rendered":"<p>Chyst\u00e1 se snad EU na v\u00e1lku? Evropa m\u00e1 nov\u011b m\u00edt ministra v\u00e1lky! Fiala samoz\u0159ejm\u011b nen\u00ed&#8230;<\/p>\n","protected":false},"author":2,"featured_media":48035,"comment_status":"closed","ping_status":"closed","sticky":false,"template":"","format":"standard","meta":[],"categories":[6],"tags":[29,192,6313,122,424,40,889],"_links":{"self":[{"href":"https:\/\/www.infokuryr.cz\/n\/wp-json\/wp\/v2\/posts\/48034"}],"collection":[{"href":"https:\/\/www.infokuryr.cz\/n\/wp-json\/wp\/v2\/posts"}],"about":[{"href":"https:\/\/www.infokuryr.cz\/n\/wp-json\/wp\/v2\/types\/post"}],"author":[{"embeddable":true,"href":"https:\/\/www.infokuryr.cz\/n\/wp-json\/wp\/v2\/users\/2"}],"replies":[{"embeddable":true,"href":"https:\/\/www.infokuryr.cz\/n\/wp-json\/wp\/v2\/comments?post=48034"}],"version-history":[{"count":1,"href":"https:\/\/www.infokuryr.cz\/n\/wp-json\/wp\/v2\/posts\/48034\/revisions"}],"predecessor-version":[{"id":48036,"href":"https:\/\/www.infokuryr.cz\/n\/wp-json\/wp\/v2\/posts\/48034\/revisions\/48036"}],"wp:featuredmedia":[{"embeddable":true,"href":"https:\/\/www.infokuryr.cz\/n\/wp-json\/wp\/v2\/media\/48035"}],"wp:attachment":[{"href":"https:\/\/www.infokuryr.cz\/n\/wp-json\/wp\/v2\/media?parent=48034"}],"wp:term":[{"taxonomy":"category","embeddable":true,"href":"https:\/\/www.infokuryr.cz\/n\/wp-json\/wp\/v2\/categories?post=48034"},{"taxonomy":"post_tag","embeddable":true,"href":"https:\/\/www.infokuryr.cz\/n\/wp-json\/wp\/v2\/tags?post=48034"}],"curies":[{"name":"wp","href":"https:\/\/api.w.org\/{rel}","templated":true}]}}