{"id":4803,"date":"2021-09-17T08:04:42","date_gmt":"2021-09-17T06:04:42","guid":{"rendered":"http:\/\/www.infokuryr.cz\/n\/?p=4803"},"modified":"2021-09-17T08:04:42","modified_gmt":"2021-09-17T06:04:42","slug":"polsko-draze-zaplati-za-pokusy-zastavit-nord-stream-2","status":"publish","type":"post","link":"https:\/\/www.infokuryr.cz\/n\/2021\/09\/17\/polsko-draze-zaplati-za-pokusy-zastavit-nord-stream-2\/","title":{"rendered":"Polsko draze zaplat\u00ed za pokusy zastavit Nord Stream 2"},"content":{"rendered":"<div id=\"fb-root\"><\/div>\n<p><strong><span>Minul\u00e9 pond\u011bl\u00ed\u00a0<\/span><a href=\"https:\/\/rusvesna.su\/news\/1630930615\"><span>ozn\u00e1mil<\/span><\/a><span>\u00a0rusk\u00fd ministr zahrani\u010d\u00ed\u00a0<a href=\"https:\/\/rusvesna.su\/news\/1630930615\">Sergej Lavrov bl\u00ed\u017e\u00edc\u00ed se uveden\u00ed rusk\u00e9ho plynovodu Nord Stream 2 do provozu<\/a>\u00a0.\u00a0Jeho stavbu komplikovala skute\u010dnost, \u017ee mnoho st\u00e1t\u016f Gazprom sabotovalo. Nyn\u00ed mus\u00ed n\u011bjak reagovat.<\/span><\/strong><\/p>\n<p><span>V prvn\u00ed \u0159ad\u011b by Pol\u00e1ci m\u011bli odpov\u011bd\u011bt na pokusy zabr\u00e1nit Moskv\u011b v pr\u016fniku na evropsk\u00fd trh s plynem.\u00a0Pr\u00e1v\u011b v souladu s Polskem bylo napln\u011bn\u00ed plynovodu OPAL omezeno o 50%, to n\u00e1sledn\u011b vedlo k prodlou\u017een\u00ed pob\u0159e\u017en\u00edho plynovodu Nord Stream p\u0159es N\u011bmecko, kter\u00fd bude dod\u00e1v\u00e1 rusk\u00fd plyn do zem\u00ed EU a obch\u00e1zet tranzitn\u00ed st\u00e1ty.<\/span><\/p>\n<p><span>Mimo jin\u00e9 to byla polsk\u00e1 energetick\u00e1 spole\u010dnost PGNiG, kter\u00e1 odm\u00edtla dlouhodob\u00e9 smlouvy s Gazpromem.\u00a0To vedlo k tomu, \u017ee rusk\u00fd plyn\u00e1rensk\u00fd gigant pracuje s polskou spole\u010dnost\u00ed (Yamal-Europe) nikoli na z\u00e1klad\u011b dlouhodob\u00fdch smluv, ale ve form\u011b aukc\u00ed, p\u0159i\u010dem\u017e kupuj\u00ed kapacitu plynu jen na konkr\u00e9tn\u00ed obdob\u00ed.<\/span><\/p>\n<p><span>Do t\u00e9to doby dod\u00e1vky paliva potrub\u00edm Jamal-Evropa n\u011bkolikr\u00e1t klesly.<\/span><\/p>\n<p>Po spu\u0161t\u011bn\u00ed Nord Stream 2 mohou Pol\u00e1ci \u00fapln\u011b p\u0159ij\u00edt o tranzit plynu p\u0159es jejich \u00fazem\u00ed a t\u00edm i o v\u00fdhodn\u00e9 ceny a hlavn\u011b tranzitn\u00ed poplatky, kterou jsou v miliard\u00e1ch dolar\u016f. Var\u0161ava bude muset nakoupit stejn\u00fd rusk\u00fd plyn, ale od sv\u00fdch \u201eevropsk\u00fdch koleg\u016f\u201c. Vlastn\u011b to sam\u00e9, co dnes ji\u017e d\u011bl\u00e1 Ukrajina.<\/p>\n<p><span>Ceny plynu p\u0159itom st\u00e1le rostou.\u00a0Nyn\u00ed mus\u00ed Evropan\u00e9 zaplatit asi 660 dolar\u016f za 1 000 metr\u016f krychlov\u00fdch.\u00a0\u00dalo\u017en\u00e1 za\u0159\u00edzen\u00ed jsou p\u0159itom zapln\u011bna pouze z 20%.\u00a0A to v\u0161e v p\u0159edve\u010der topn\u00e9 sez\u00f3ny.<\/span><\/p>\n<p><span>Rusko m\u016f\u017ee zas\u00e1hnout Polsko odvetou a to Pol\u00e1k\u016fm na sv\u011btov\u00e9 sc\u00e9n\u011b p\u0159ipomene, kam pat\u0159\u00ed. Am\u00edci jim ka\u017edop\u00e1dn\u011b nepomohou.\u00a0<\/span><\/p>\n<p><img decoding=\"async\" loading=\"lazy\" class=\"alignnone size-full wp-image-1185\" src=\"http:\/\/www.infokuryr.cz\/n\/wp-content\/uploads\/2021\/04\/kuryr-podpis.png\" alt=\"\" width=\"84\" height=\"24\" \/><\/p>\n","protected":false},"excerpt":{"rendered":"<p>Minul\u00e9 pond\u011bl\u00ed\u00a0ozn\u00e1mil\u00a0rusk\u00fd ministr zahrani\u010d\u00ed\u00a0Sergej Lavrov bl\u00ed\u017e\u00edc\u00ed se uveden\u00ed rusk\u00e9ho plynovodu Nord Stream 2 do provozu\u00a0.\u00a0Jeho&#8230;<\/p>\n","protected":false},"author":2,"featured_media":1861,"comment_status":"closed","ping_status":"closed","sticky":false,"template":"","format":"standard","meta":[],"categories":[7],"tags":[587,1008,31,22],"_links":{"self":[{"href":"https:\/\/www.infokuryr.cz\/n\/wp-json\/wp\/v2\/posts\/4803"}],"collection":[{"href":"https:\/\/www.infokuryr.cz\/n\/wp-json\/wp\/v2\/posts"}],"about":[{"href":"https:\/\/www.infokuryr.cz\/n\/wp-json\/wp\/v2\/types\/post"}],"author":[{"embeddable":true,"href":"https:\/\/www.infokuryr.cz\/n\/wp-json\/wp\/v2\/users\/2"}],"replies":[{"embeddable":true,"href":"https:\/\/www.infokuryr.cz\/n\/wp-json\/wp\/v2\/comments?post=4803"}],"version-history":[{"count":0,"href":"https:\/\/www.infokuryr.cz\/n\/wp-json\/wp\/v2\/posts\/4803\/revisions"}],"wp:featuredmedia":[{"embeddable":true,"href":"https:\/\/www.infokuryr.cz\/n\/wp-json\/wp\/v2\/media\/1861"}],"wp:attachment":[{"href":"https:\/\/www.infokuryr.cz\/n\/wp-json\/wp\/v2\/media?parent=4803"}],"wp:term":[{"taxonomy":"category","embeddable":true,"href":"https:\/\/www.infokuryr.cz\/n\/wp-json\/wp\/v2\/categories?post=4803"},{"taxonomy":"post_tag","embeddable":true,"href":"https:\/\/www.infokuryr.cz\/n\/wp-json\/wp\/v2\/tags?post=4803"}],"curies":[{"name":"wp","href":"https:\/\/api.w.org\/{rel}","templated":true}]}}