{"id":48026,"date":"2024-02-27T00:51:59","date_gmt":"2024-02-26T23:51:59","guid":{"rendered":"https:\/\/www.infokuryr.cz\/n\/?p=48026"},"modified":"2024-02-26T18:23:26","modified_gmt":"2024-02-26T17:23:26","slug":"rusky-iskander-znicil-norske-nasams-na-ukrajine","status":"publish","type":"post","link":"https:\/\/www.infokuryr.cz\/n\/2024\/02\/27\/rusky-iskander-znicil-norske-nasams-na-ukrajine\/","title":{"rendered":"Rusk\u00fd Iskander zni\u010dil norsk\u00e9 NASAMS na Ukrajin\u011b"},"content":{"rendered":"<div id=\"fb-root\"><\/div>\n<p><strong><span>26. \u00fanora ozn\u00e1milo rusk\u00e9 ministerstvo obrany zni\u010den\u00ed odpalovac\u00edho za\u0159\u00edzen\u00ed protivzdu\u0161n\u00e9 obrany NASAMS norsk\u00e9 v\u00fdroby na Ukrajin\u011b.\u00a0Ru\u0161t\u00ed vojen\u0161t\u00ed p\u0159edstavitel\u00e9 neposkytli \u017e\u00e1dn\u00e9 podrobnosti o \u00fatoku, ale brzy je odhalily z\u00e1b\u011bry z ukrajinsk\u00e9ho boji\u0161t\u011b.<\/span><\/strong><\/p>\n<p><span>Neofici\u00e1ln\u00ed rusk\u00e9 vojensk\u00e9 zdroje sd\u00edlely video ni\u010den\u00ed syst\u00e9mu NASAMS, ke kter\u00e9mu \u00fadajn\u011b do\u0161lo u vesnice Malyshevka v Z\u00e1poro\u017esk\u00e9 oblasti, asi 50 km od frontov\u00fdch lini\u00ed, kde prob\u00edhaj\u00ed t\u011b\u017ek\u00e9 boje.\u00a0Odpalovac\u00ed za\u0159\u00edzen\u00ed bylo zni\u010deno rusk\u00fdm Iskanderem.\u00a0Na konci je jasn\u011b vid\u011bt palba jako d\u016fsledek zni\u010den\u00ed raketov\u00fdch motor\u016f protiletadlov\u00fdch st\u0159el a paliva v nich.<\/span><\/p>\n<p>&nbsp;<\/p>\n<div style=\"width: 640px;\" class=\"wp-video\"><!--[if lt IE 9]><script>document.createElement('video');<\/script><![endif]-->\n<video class=\"wp-video-shortcode\" id=\"video-48026-1\" width=\"640\" height=\"360\" preload=\"metadata\" controls=\"controls\"><source type=\"video\/mp4\" src=\"http:\/\/www.infokuryr.cz\/n\/wp-content\/uploads\/2024\/02\/nasams.mp4?_=1\" \/><a href=\"http:\/\/www.infokuryr.cz\/n\/wp-content\/uploads\/2024\/02\/nasams.mp4\">http:\/\/www.infokuryr.cz\/n\/wp-content\/uploads\/2024\/02\/nasams.mp4<\/a><\/video><\/div>\n<p>&nbsp;<\/p>\n<p><span>N\u00e1klady na jeden takov\u00fd norsk\u00fd syst\u00e9m protivzdu\u0161n\u00e9 obrany jsou v\u00edce ne\u017e 300 milion\u016f dolar\u016f a vypu\u0161t\u011bn\u00ed ka\u017ed\u00e9 jeho rakety stoj\u00ed a\u017e dva a \u010dty\u0159i miliony.\u00a0N\u00e1klady na dal\u0161\u00ed instalace NASAMS dodan\u00e9 na Ukrajinu jsou je\u0161t\u011b vy\u0161\u0161\u00ed.\u00a0Nap\u0159\u00edklad dod\u00e1vka stejn\u00e9ho syst\u00e9mu na Ukrajinu z Kanady st\u00e1la 406 milion\u016f dolar\u016f.<\/span><\/p>\n<div id=\"attachment_97947\" class=\"wp-caption aligncenter\" style=\"width: 555px;\"><a href=\"https:\/\/s2.cdnstatic.space\/wp-content\/uploads\/2019\/10\/NASAMS-2.jpg\" target=\"_blank\" rel=\"noopener\"><img decoding=\"async\" loading=\"lazy\" class=\"wp-image-97947\" title=\"Ve videu: Rusk\u00fd Iskander zni\u010dil norsk\u00e9 NASAMS na Ukrajin\u011b\" src=\"https:\/\/s4.cdnstatic.space\/wp-content\/uploads\/2019\/10\/NASAMS-2-204x300.jpg\" sizes=\"(max-width: 600px) 100vw, 600px\" srcset=\"https:\/\/s2.cdnstatic.space\/wp-content\/uploads\/2019\/10\/NASAMS-2-204x300.jpg 204w, https:\/\/s2.cdnstatic.space\/wp-content\/uploads\/2019\/10\/NASAMS-2-768x1130.jpg 768w, https:\/\/s2.cdnstatic.space\/wp-content\/uploads\/2019\/10\/NASAMS-2-696x1024.jpg 696w, https:\/\/s2.cdnstatic.space\/wp-content\/uploads\/2019\/10\/NASAMS-2.jpg 1000w\" alt=\"Ve videu: Rusk\u00fd Iskander zni\u010dil norsk\u00e9 NASAMS na Ukrajin\u011b\" width=\"555\" height=\"817\" aria-describedby=\"caption-attachment-97947\" \/><\/a><\/p>\n<p id=\"caption-attachment-97947\" class=\"wp-caption-text\"><span>Kliknut\u00edm zobraz\u00edte obr\u00e1zek v pln\u00e9 velikosti<\/span><\/p>\n<\/div>\n<p><img decoding=\"async\" loading=\"lazy\" class=\"alignnone size-full wp-image-1185\" src=\"http:\/\/www.infokuryr.cz\/n\/wp-content\/uploads\/2021\/04\/kuryr-podpis.png\" alt=\"\" width=\"84\" height=\"24\" \/><\/p>\n<p>&nbsp;<\/p>\n","protected":false},"excerpt":{"rendered":"<p>26. \u00fanora ozn\u00e1milo rusk\u00e9 ministerstvo obrany zni\u010den\u00ed odpalovac\u00edho za\u0159\u00edzen\u00ed protivzdu\u0161n\u00e9 obrany NASAMS norsk\u00e9 v\u00fdroby na&#8230;<\/p>\n","protected":false},"author":2,"featured_media":48028,"comment_status":"closed","ping_status":"closed","sticky":false,"template":"","format":"standard","meta":[],"categories":[7],"tags":[2161,6863,1075,22,26,889],"_links":{"self":[{"href":"https:\/\/www.infokuryr.cz\/n\/wp-json\/wp\/v2\/posts\/48026"}],"collection":[{"href":"https:\/\/www.infokuryr.cz\/n\/wp-json\/wp\/v2\/posts"}],"about":[{"href":"https:\/\/www.infokuryr.cz\/n\/wp-json\/wp\/v2\/types\/post"}],"author":[{"embeddable":true,"href":"https:\/\/www.infokuryr.cz\/n\/wp-json\/wp\/v2\/users\/2"}],"replies":[{"embeddable":true,"href":"https:\/\/www.infokuryr.cz\/n\/wp-json\/wp\/v2\/comments?post=48026"}],"version-history":[{"count":1,"href":"https:\/\/www.infokuryr.cz\/n\/wp-json\/wp\/v2\/posts\/48026\/revisions"}],"predecessor-version":[{"id":48029,"href":"https:\/\/www.infokuryr.cz\/n\/wp-json\/wp\/v2\/posts\/48026\/revisions\/48029"}],"wp:featuredmedia":[{"embeddable":true,"href":"https:\/\/www.infokuryr.cz\/n\/wp-json\/wp\/v2\/media\/48028"}],"wp:attachment":[{"href":"https:\/\/www.infokuryr.cz\/n\/wp-json\/wp\/v2\/media?parent=48026"}],"wp:term":[{"taxonomy":"category","embeddable":true,"href":"https:\/\/www.infokuryr.cz\/n\/wp-json\/wp\/v2\/categories?post=48026"},{"taxonomy":"post_tag","embeddable":true,"href":"https:\/\/www.infokuryr.cz\/n\/wp-json\/wp\/v2\/tags?post=48026"}],"curies":[{"name":"wp","href":"https:\/\/api.w.org\/{rel}","templated":true}]}}