{"id":48020,"date":"2024-02-27T00:50:49","date_gmt":"2024-02-26T23:50:49","guid":{"rendered":"https:\/\/www.infokuryr.cz\/n\/?p=48020"},"modified":"2024-02-26T18:18:04","modified_gmt":"2024-02-26T17:18:04","slug":"prvni-americky-tank-abrams-znicen-nekolik-hodin-pote-co-byl-poprve-rozmisten-pobliz-avdejevky","status":"publish","type":"post","link":"https:\/\/www.infokuryr.cz\/n\/2024\/02\/27\/prvni-americky-tank-abrams-znicen-nekolik-hodin-pote-co-byl-poprve-rozmisten-pobliz-avdejevky\/","title":{"rendered":"Prvn\u00ed americk\u00fd tank Abrams zni\u010den n\u011bkolik hodin pot\u00e9, co byl poprv\u00e9 rozm\u00edst\u011bn pobl\u00ed\u017e Avd\u011bjevky"},"content":{"rendered":"<div id=\"fb-root\"><\/div>\n<p><b>Z\u00e1b\u011bry z frontov\u00e9 linie potvrdily zni\u010den\u00ed prvn\u00edho americk\u00e9ho hlavn\u00edho bojov\u00e9ho tanku M1A2 Abrams na Ukrajin\u011b.\u00a0Tank byl zni\u010den jen den pot\u00e9, co ukrajinsk\u00e1 arm\u00e1da sd\u00edlela pomp\u00e9zn\u00ed video tanku jedouc\u00edho pobl\u00ed\u017e frontov\u00fdch lini\u00ed v oblasti Avd\u011bjevka.\u00a0Ru\u0161t\u00ed voj\u00e1ci bo\u0159\u00ed m\u00fdty o v\u0161emohouc\u00edm z\u00e1padn\u00edm vybaven\u00ed.<\/b><\/p>\n<p>Potvrzeno. Prvn\u00ed americk\u00fd M1A2 Abrams MBT s aktivn\u00edm panc\u00e9\u0159ov\u00fdm syst\u00e9mem BRAT byl zni\u010den na frontov\u00e9 linii Avd\u011bjevky:<\/p>\n<p>&nbsp;<\/p>\n<div style=\"width: 640px;\" class=\"wp-video\"><!--[if lt IE 9]><script>document.createElement('video');<\/script><![endif]-->\n<video class=\"wp-video-shortcode\" id=\"video-48020-1\" width=\"640\" height=\"350\" preload=\"metadata\" controls=\"controls\"><source type=\"video\/mp4\" src=\"http:\/\/www.infokuryr.cz\/n\/wp-content\/uploads\/2024\/02\/abrams11.mp4?_=1\" \/><a href=\"http:\/\/www.infokuryr.cz\/n\/wp-content\/uploads\/2024\/02\/abrams11.mp4\">http:\/\/www.infokuryr.cz\/n\/wp-content\/uploads\/2024\/02\/abrams11.mp4<\/a><\/video><\/div>\n<p>&nbsp;<\/p>\n<p>Tank Abrams byl poprv\u00e9 spat\u0159en rusk\u00fdmi silami u vesnice Berdychi.\u00a0Pohyboval se pod \u00fazkou kontrolou rusk\u00e9ho pr\u016fzkumn\u00e9ho UAV.<\/p>\n<p>&nbsp;<\/p>\n<div style=\"width: 640px;\" class=\"wp-video\"><video class=\"wp-video-shortcode\" id=\"video-48020-2\" width=\"640\" height=\"476\" preload=\"metadata\" controls=\"controls\"><source type=\"video\/mp4\" src=\"http:\/\/www.infokuryr.cz\/n\/wp-content\/uploads\/2024\/02\/abrams12.mp4?_=2\" \/><a href=\"http:\/\/www.infokuryr.cz\/n\/wp-content\/uploads\/2024\/02\/abrams12.mp4\">http:\/\/www.infokuryr.cz\/n\/wp-content\/uploads\/2024\/02\/abrams12.mp4<\/a><\/video><\/div>\n<p>&nbsp;<\/p>\n<p>Tank byl \u00fadajn\u011b zni\u010den voj\u00e1ky rusk\u00e9 15. samostatn\u00e9 motorizovan\u00e9 p\u011b\u0161\u00ed brig\u00e1dy.\u00a0Tank byl nejprve napaden mal\u00fdm a levn\u00fdm dronem FPV a pot\u00e9 zakon\u010den lehk\u00fdm protitankov\u00fdm gran\u00e1tometem.\u00a0Dodate\u010dn\u00e9 aktivn\u00ed panc\u00e9\u0159ov\u00e1n\u00ed nezachr\u00e1nilo tank p\u0159ed obvykl\u00fdm \u00fatokem mal\u00fdch sil.<\/p>\n<p>Tanky Abrams z USA byly \u00fadajn\u011b nasazeny u 47. mechanizovan\u00e9 brig\u00e1dy ozbrojen\u00fdch sil Ukrajiny, kter\u00e1 b\u011bhem ne\u00fasp\u011b\u0161n\u00e9 protiofenz\u00edvy v oblasti Rabotino v Z\u00e1poro\u017esk\u00e9 oblasti p\u0159i\u0161la o spoustu techniky NATO.<\/p>\n<p>Tanky Abrams byly poprv\u00e9 nasazeny na frontu v oblasti Avd\u011bjevka.\u00a0D\u0159\u00edve se ukrajinsk\u00e1 arm\u00e1da ze v\u0161ech sil sna\u017eila ujistit ve\u0159ejnost, \u017ee vysp\u011bl\u00e1 vozidla se boj\u016f \u00fa\u010dastn\u00ed ji\u017e m\u011bs\u00edce a sd\u00edl\u00ed z\u00e1b\u011bry t\u011bchto tank\u016f v t\u00fdlov\u00fdch oblastech.\u00a0<a href=\"https:\/\/southfront.press\/ukrainian-propaganda-is-fighting-while-us-abrams-tanks-are-hiding-in-rear\/\">ODKAZ<\/a>\u00a0,\u00a0<a href=\"https:\/\/southfront.press\/ukrainian-propaganda-fights-against-msm-for-honor-of-us-abrams-tanks-report\/\">ODKAZ<\/a>\u00a0Kyjev\u0161t\u00ed patroni ve Washingtonu pravd\u011bpodobn\u011b zak\u00e1zali nasazovat sv\u00e9 pokro\u010dil\u00e9 tanky na frontu a\u017e do posledn\u00edho, ve snaze zachr\u00e1nit zni\u010denou pov\u011bst z\u00e1padn\u00ed vojensk\u00e9 techniky.\u00a0Kone\u010dn\u00e9 rozm\u00edst\u011bn\u00ed tank\u016f Abrams v Avd\u011bjevce signalizuje kritickou situaci ukrajinsk\u00e9 arm\u00e1dy obecn\u011b a zejm\u00e9na sm\u011brem na Don\u011bck.<\/p>\n<p>Nasazen\u00ed t\u011bchto vz\u00e1cn\u00fdch tank\u016f v jejich prvn\u00edch bitv\u00e1ch bylo potvrzeno a\u017e o den d\u0159\u00edve.<\/p>\n<p><em>Americk\u00e9 tanky Abrams byly poprv\u00e9 spat\u0159eny pobl\u00ed\u017e linie dotyku severoz\u00e1padn\u011b od Avdiivky, prohl\u00e1sil 25. \u00fanora poradce \u0161\u00e9fa DLR Igor Kimakovskij.<\/em><\/p>\n<p>P\u0159ed necel\u00fdm dnem sd\u00edlela ukrajinsk\u00e1 arm\u00e1da n\u00e1sleduj\u00edc\u00ed video.\u00a0oslavov\u00e1n\u00ed tanku z USA:<\/p>\n<p>&nbsp;<\/p>\n<div style=\"width: 640px;\" class=\"wp-video\"><video class=\"wp-video-shortcode\" id=\"video-48020-3\" width=\"640\" height=\"360\" preload=\"metadata\" controls=\"controls\"><source type=\"video\/mp4\" src=\"http:\/\/www.infokuryr.cz\/n\/wp-content\/uploads\/2024\/02\/abrams2.mp4?_=3\" \/><a href=\"http:\/\/www.infokuryr.cz\/n\/wp-content\/uploads\/2024\/02\/abrams2.mp4\">http:\/\/www.infokuryr.cz\/n\/wp-content\/uploads\/2024\/02\/abrams2.mp4<\/a><\/video><\/div>\n<p>&nbsp;<\/p>\n<p>Zk\u00e1za na sebe nenechala dlouho \u010dekat.<\/p>\n<p>Ned\u00e1vno rusk\u00e9 jednotky zni\u010dily odminovac\u00ed vozidlo zalo\u017een\u00e9 na syst\u00e9mu Abrams ve stejn\u00e9 oblasti Avd\u011bjevka.<\/p>\n<p>V\u0161echny zem\u011b NATO pos\u00edlaj\u00ed sv\u00e9 zbran\u011b ukrajinsk\u00e9 arm\u00e1d\u011b, v\u010detn\u011b toho, aby uk\u00e1zaly svou efektivitu na boji\u0161ti a prod\u00e1valy je po cel\u00e9m sv\u011bt\u011b.\u00a0Bohu\u017eel profesionalita rusk\u00e9 arm\u00e1dy kaz\u00ed jejich pl\u00e1ny a m\u00fdtus o v\u0161emocn\u00e9 z\u00e1padn\u00ed vojensk\u00e9 technice, kter\u00e1 neodol\u00e1 \u00fader\u016fm levn\u00fdch mal\u00fdch UAV.<\/p>\n<p><img decoding=\"async\" loading=\"lazy\" class=\"alignnone size-full wp-image-1185\" src=\"http:\/\/www.infokuryr.cz\/n\/wp-content\/uploads\/2021\/04\/kuryr-podpis.png\" alt=\"\" width=\"84\" height=\"24\" \/><\/p>\n<p>&nbsp;<\/p>\n","protected":false},"excerpt":{"rendered":"<p>Z\u00e1b\u011bry z frontov\u00e9 linie potvrdily zni\u010den\u00ed prvn\u00edho americk\u00e9ho hlavn\u00edho bojov\u00e9ho tanku M1A2 Abrams na Ukrajin\u011b.\u00a0Tank&#8230;<\/p>\n","protected":false},"author":2,"featured_media":48024,"comment_status":"closed","ping_status":"closed","sticky":false,"template":"","format":"standard","meta":[],"categories":[7],"tags":[5221,3119,26,5135],"_links":{"self":[{"href":"https:\/\/www.infokuryr.cz\/n\/wp-json\/wp\/v2\/posts\/48020"}],"collection":[{"href":"https:\/\/www.infokuryr.cz\/n\/wp-json\/wp\/v2\/posts"}],"about":[{"href":"https:\/\/www.infokuryr.cz\/n\/wp-json\/wp\/v2\/types\/post"}],"author":[{"embeddable":true,"href":"https:\/\/www.infokuryr.cz\/n\/wp-json\/wp\/v2\/users\/2"}],"replies":[{"embeddable":true,"href":"https:\/\/www.infokuryr.cz\/n\/wp-json\/wp\/v2\/comments?post=48020"}],"version-history":[{"count":1,"href":"https:\/\/www.infokuryr.cz\/n\/wp-json\/wp\/v2\/posts\/48020\/revisions"}],"predecessor-version":[{"id":48025,"href":"https:\/\/www.infokuryr.cz\/n\/wp-json\/wp\/v2\/posts\/48020\/revisions\/48025"}],"wp:featuredmedia":[{"embeddable":true,"href":"https:\/\/www.infokuryr.cz\/n\/wp-json\/wp\/v2\/media\/48024"}],"wp:attachment":[{"href":"https:\/\/www.infokuryr.cz\/n\/wp-json\/wp\/v2\/media?parent=48020"}],"wp:term":[{"taxonomy":"category","embeddable":true,"href":"https:\/\/www.infokuryr.cz\/n\/wp-json\/wp\/v2\/categories?post=48020"},{"taxonomy":"post_tag","embeddable":true,"href":"https:\/\/www.infokuryr.cz\/n\/wp-json\/wp\/v2\/tags?post=48020"}],"curies":[{"name":"wp","href":"https:\/\/api.w.org\/{rel}","templated":true}]}}