{"id":4802,"date":"2021-09-17T07:49:53","date_gmt":"2021-09-17T05:49:53","guid":{"rendered":"http:\/\/www.infokuryr.cz\/n\/?p=4802"},"modified":"2021-09-17T07:49:53","modified_gmt":"2021-09-17T05:49:53","slug":"tri-dny-hlasovani-v-rusku-se-konaji-volby-do-statni-dumy","status":"publish","type":"post","link":"https:\/\/www.infokuryr.cz\/n\/2021\/09\/17\/tri-dny-hlasovani-v-rusku-se-konaji-volby-do-statni-dumy\/","title":{"rendered":"T\u0159i dny hlasov\u00e1n\u00ed: v Rusku se konaj\u00ed volby do St\u00e1tn\u00ed dumy"},"content":{"rendered":"<div id=\"fb-root\"><\/div>\n<p><span>V Rusku za\u010daly volby.\u00a0<\/span><span>V obdob\u00ed od 17. z\u00e1\u0159\u00ed do 19. z\u00e1\u0159\u00ed vol\u00ed ob\u010dan\u00e9 zem\u011b z\u00e1stupce St\u00e1tn\u00ed dumy z\u00a0 dev\u00edti region\u016f a 39 parlament\u016f v r\u016fzn\u00fdch regionech zem\u011b. <\/span><span>Hlavn\u00ed hlasovac\u00ed den je stanoven na 19. z\u00e1\u0159\u00ed.<\/span><\/p>\n<p><span>V\u0161imn\u011bte si toho, \u017ee v p\u0159edve\u010der voleb do St\u00e1tn\u00ed dumy se Vladim\u00edr Putin obr\u00e1til na ob\u010dany zem\u011b.\u00a0Vyzval Rusy, aby p\u0159i\u0161li do volebn\u00edch m\u00edstnost\u00ed nebo vyu\u017eili mo\u017enosti vzd\u00e1len\u00e9ho elektronick\u00e9ho hlasov\u00e1n\u00ed.<\/span><\/p>\n<p><span>&#8222;V\u0161ichni n\u00e1s stejn\u011b zaj\u00edm\u00e1, \u017ee do parlamentu p\u0159ich\u00e1zej\u00ed odpov\u011bdn\u00ed, aktivn\u00ed a autoritativn\u00ed lid\u00e9, kte\u0159\u00ed jsou schopni dodr\u017eet slovo, plnit va\u0161e rozkazy a sliby, ospravedl\u0148ovat nad\u011bje a d\u016fv\u011bru rusk\u00fdch ob\u010dan\u016f,&#8220; \u0159ekl prezident.<\/span><\/p>\n<p><span>Zd\u016fraznil, \u017ee Rusko pot\u0159ebuje siln\u00fd, autoritativn\u00ed parlament a z\u00e1stupce, kte\u0159\u00ed budou jednat v z\u00e1jmu zem\u011b a lidu.<\/span><\/p>\n<p><span>&#8222;Modern\u00ed sv\u011bt je slo\u017eit\u00fd. Vid\u00edme, jak rychle, n\u011bkdy nep\u0159edv\u00eddateln\u011b, se to m\u011bn\u00ed.\u00a0To samoz\u0159ejm\u011b p\u0159in\u00e1\u0161\u00ed nov\u00e9 v\u00fdzvy, ale tak\u00e9 n\u00e1m to otev\u00edr\u00e1 nej\u0161ir\u0161\u00ed p\u0159\u00edle\u017eitosti.\u00a0A aby bylo mo\u017en\u00e9 reagovat na tyto v\u00fdzvy a efektivn\u011b vyu\u017e\u00edvat nov\u00e9 perspektivy, je nutn\u00e1 dob\u0159e koordinovan\u00e1 pr\u00e1ce st\u00e1tu, spole\u010dnosti a ob\u010dan\u016f.\u00a0Pot\u0159ebujeme siln\u00fd a autoritativn\u00ed parlament, aby poslanci nov\u011b zvolen\u00e9 Dumy jednali v z\u00e1jmu Ruska a na\u0161eho lidu, aby pracovali pro lidi.\u00a0Aby se na n\u011b dalo spolehnout jako na patrioty Ruska, kte\u0159\u00ed jsou p\u0159ipraveni rezolutn\u011b a d\u016fsledn\u011b zajistit n\u00e1rodn\u00ed z\u00e1jmy ve v\u0161ech sf\u00e9r\u00e1ch, \u201cdodala hlava st\u00e1tu.<\/span><\/p>\n<p><img decoding=\"async\" loading=\"lazy\" class=\"alignnone size-full wp-image-1185\" src=\"http:\/\/www.infokuryr.cz\/n\/wp-content\/uploads\/2021\/04\/kuryr-podpis.png\" alt=\"\" width=\"84\" height=\"24\" \/><\/p>\n<p>&nbsp;<\/p>\n","protected":false},"excerpt":{"rendered":"<p>V Rusku za\u010daly volby.\u00a0V obdob\u00ed od 17. z\u00e1\u0159\u00ed do 19. z\u00e1\u0159\u00ed vol\u00ed ob\u010dan\u00e9 zem\u011b z\u00e1stupce&#8230;<\/p>\n","protected":false},"author":2,"featured_media":724,"comment_status":"closed","ping_status":"closed","sticky":false,"template":"","format":"standard","meta":[],"categories":[7],"tags":[557,102,22,1209,27],"_links":{"self":[{"href":"https:\/\/www.infokuryr.cz\/n\/wp-json\/wp\/v2\/posts\/4802"}],"collection":[{"href":"https:\/\/www.infokuryr.cz\/n\/wp-json\/wp\/v2\/posts"}],"about":[{"href":"https:\/\/www.infokuryr.cz\/n\/wp-json\/wp\/v2\/types\/post"}],"author":[{"embeddable":true,"href":"https:\/\/www.infokuryr.cz\/n\/wp-json\/wp\/v2\/users\/2"}],"replies":[{"embeddable":true,"href":"https:\/\/www.infokuryr.cz\/n\/wp-json\/wp\/v2\/comments?post=4802"}],"version-history":[{"count":0,"href":"https:\/\/www.infokuryr.cz\/n\/wp-json\/wp\/v2\/posts\/4802\/revisions"}],"wp:featuredmedia":[{"embeddable":true,"href":"https:\/\/www.infokuryr.cz\/n\/wp-json\/wp\/v2\/media\/724"}],"wp:attachment":[{"href":"https:\/\/www.infokuryr.cz\/n\/wp-json\/wp\/v2\/media?parent=4802"}],"wp:term":[{"taxonomy":"category","embeddable":true,"href":"https:\/\/www.infokuryr.cz\/n\/wp-json\/wp\/v2\/categories?post=4802"},{"taxonomy":"post_tag","embeddable":true,"href":"https:\/\/www.infokuryr.cz\/n\/wp-json\/wp\/v2\/tags?post=4802"}],"curies":[{"name":"wp","href":"https:\/\/api.w.org\/{rel}","templated":true}]}}