{"id":48014,"date":"2024-02-27T00:49:29","date_gmt":"2024-02-26T23:49:29","guid":{"rendered":"https:\/\/www.infokuryr.cz\/n\/?p=48014"},"modified":"2024-02-26T18:11:08","modified_gmt":"2024-02-26T17:11:08","slug":"ukrajinska-armada-utika-z-lastochkina-pesky-video-18","status":"publish","type":"post","link":"https:\/\/www.infokuryr.cz\/n\/2024\/02\/27\/ukrajinska-armada-utika-z-lastochkina-pesky-video-18\/","title":{"rendered":"Ukrajinsk\u00e1 arm\u00e1da ut\u00edk\u00e1 z Lastochkina p\u011b\u0161ky (Video 18+)"},"content":{"rendered":"<div id=\"fb-root\"><\/div>\n<p><strong>Ozbrojen\u00e9 s\u00edly Ukrajiny ztratily kontrolu nad vesnic\u00ed Lastochkino z\u00e1padn\u011b od Avd\u011bjevky.\u00a0Ve vesnici vlaj\u00ed rusk\u00e9 vlajky;\u00a0ale AFU odm\u00edtaj\u00ed p\u0159iznat svou por\u00e1\u017eku.<\/strong><\/p>\n<p>25. \u00fanora mluv\u010d\u00ed skupiny ukrajinsk\u00fdch jednotek \u201eTavria\u201c ofici\u00e1ln\u011b prohl\u00e1sil sta\u017een\u00ed ozbrojen\u00fdch sil Ukrajiny na \u201ez\u00e1padn\u00ed p\u0159edm\u011bst\u00ed Lastochkina k n\u011bkter\u00fdm p\u0159edem p\u0159ipraven\u00fdm obrann\u00fdm lini\u00edm\u201c.<\/p>\n<p>Rusk\u00e1 arm\u00e1da skute\u010dn\u011b pokra\u010duje ve vy\u010di\u0161\u0165ovac\u00ed operaci, aby zajistila svou pevnost ve vesnici.\u00a0Prob\u00edh\u00e1 odminov\u00e1n\u00ed osady.\u00a0Rusk\u00e9 ministerstvo obrany tak\u00e9 je\u0161t\u011b ofici\u00e1ln\u011b nepotvrdilo kontrolu nad Lastochkinem.\u00a0Ru\u0161t\u00ed vojen\u0161t\u00ed p\u0159edstavitel\u00e9 obvykle vyhl\u00e1s\u00ed v\u00edt\u011bzstv\u00ed pot\u00e9, co se urovn\u00e1n\u00ed dostane pod jejich plnou kontrolu.<\/p>\n<p>Vy\u010di\u0161\u0165ovac\u00ed operace m\u016f\u017ee n\u011bjakou dobu trvat, ale z\u00e1b\u011bry z Lastochkina potvrzuj\u00ed, \u017ee\u00a0<strong>ukrajinsk\u00e9 vojensk\u00e9 velen\u00ed nedok\u00e1zalo zajistit evakuaci ukrajinsk\u00fdch voj\u00e1k\u016f z vesnice<\/strong>\u00a0.\u00a0Ukrajin\u0161t\u00ed voj\u00e1ci byli nuceni uprchnout z vesnice p\u011b\u0161ky:<\/p>\n<div style=\"width: 640px;\" class=\"wp-video\"><!--[if lt IE 9]><script>document.createElement('video');<\/script><![endif]-->\n<video class=\"wp-video-shortcode\" id=\"video-48014-1\" width=\"640\" height=\"350\" preload=\"metadata\" controls=\"controls\"><source type=\"video\/mp4\" src=\"http:\/\/www.infokuryr.cz\/n\/wp-content\/uploads\/2024\/02\/1-2-2.mp4?_=1\" \/><a href=\"http:\/\/www.infokuryr.cz\/n\/wp-content\/uploads\/2024\/02\/1-2-2.mp4\">http:\/\/www.infokuryr.cz\/n\/wp-content\/uploads\/2024\/02\/1-2-2.mp4<\/a><\/video><\/div>\n<p>&nbsp;<\/p>\n<p><strong>N\u011bkte\u0159\u00ed m\u011bli v\u011bt\u0161\u00ed \u0161t\u011bst\u00ed, kdy\u017e na\u0161li Bradleyho k \u00fat\u011bku, ale tak\u00e9 se dostali pod ruskou palbu:<\/strong><\/p>\n<p>&nbsp;<\/p>\n<div style=\"width: 640px;\" class=\"wp-video\"><video class=\"wp-video-shortcode\" id=\"video-48014-2\" width=\"640\" height=\"512\" preload=\"metadata\" controls=\"controls\"><source type=\"video\/mp4\" src=\"http:\/\/www.infokuryr.cz\/n\/wp-content\/uploads\/2024\/02\/2-2-1.mp4?_=2\" \/><a href=\"http:\/\/www.infokuryr.cz\/n\/wp-content\/uploads\/2024\/02\/2-2-1.mp4\">http:\/\/www.infokuryr.cz\/n\/wp-content\/uploads\/2024\/02\/2-2-1.mp4<\/a><\/video><\/div>\n<p>&nbsp;<\/p>\n<p>Ukrajinsk\u00e9 vojensk\u00e9 velen\u00ed se nepou\u010dilo z jejich por\u00e1\u017eky v Avd\u011bjevce.\u00a0Velen\u00ed AFU se st\u00e1le sna\u017e\u00ed ujistit ve\u0159ejnost, \u017ee d\u016fstojn\u00edci se o sv\u00e9 voj\u00e1ky staraj\u00ed.\u00a0Jsou pr\u00fd nuceni st\u00e1hnout se z m\u011bst do n\u011bjak\u00fdch \u201ep\u0159ipraven\u00fdch v\u00fdhodn\u011bj\u0161\u00edch pozic\u201c, aby \u201ezachr\u00e1nili \u017eivot ukrajinsk\u00fdm voj\u00e1k\u016fm\u201c.\u00a0Ve skute\u010dnosti ukrajinsk\u00e9 jednotky ut\u00edkaj\u00ed ze sv\u00fdch vojensk\u00fdch pozic p\u011b\u0161ky a unikaj\u00ed ze ztracen\u00fdch osad pod ruskou palbou.\u00a0Rusk\u00fd postup v regionu umo\u017enil uk\u00e1zat nejt\u011b\u017e\u0161\u00ed ztr\u00e1ty ukrajinsk\u00e9 arm\u00e1dy v d\u016fsledku jejich ned\u00e1vn\u00e9ho \u201eorganizovan\u00e9ho sta\u017een\u00ed\u201c z Avd\u011bjevky:<\/p>\n<p>&nbsp;<\/p>\n<div style=\"width: 640px;\" class=\"wp-video\"><video class=\"wp-video-shortcode\" id=\"video-48014-3\" width=\"640\" height=\"881\" preload=\"metadata\" controls=\"controls\"><source type=\"video\/mp4\" src=\"http:\/\/www.infokuryr.cz\/n\/wp-content\/uploads\/2024\/02\/3-2-1.mp4?_=3\" \/><a href=\"http:\/\/www.infokuryr.cz\/n\/wp-content\/uploads\/2024\/02\/3-2-1.mp4\">http:\/\/www.infokuryr.cz\/n\/wp-content\/uploads\/2024\/02\/3-2-1.mp4<\/a><\/video><\/div>\n<p>&nbsp;<\/p>\n<p><img decoding=\"async\" loading=\"lazy\" class=\"alignnone size-full wp-image-1185\" src=\"http:\/\/www.infokuryr.cz\/n\/wp-content\/uploads\/2021\/04\/kuryr-podpis.png\" alt=\"\" width=\"84\" height=\"24\" \/><\/p>\n<p>&nbsp;<\/p>\n","protected":false},"excerpt":{"rendered":"<p>Ozbrojen\u00e9 s\u00edly Ukrajiny ztratily kontrolu nad vesnic\u00ed Lastochkino z\u00e1padn\u011b od Avd\u011bjevky.\u00a0Ve vesnici vlaj\u00ed rusk\u00e9 vlajky;\u00a0ale&#8230;<\/p>\n","protected":false},"author":2,"featured_media":48018,"comment_status":"closed","ping_status":"closed","sticky":false,"template":"","format":"standard","meta":[],"categories":[7],"tags":[80,26,5135],"_links":{"self":[{"href":"https:\/\/www.infokuryr.cz\/n\/wp-json\/wp\/v2\/posts\/48014"}],"collection":[{"href":"https:\/\/www.infokuryr.cz\/n\/wp-json\/wp\/v2\/posts"}],"about":[{"href":"https:\/\/www.infokuryr.cz\/n\/wp-json\/wp\/v2\/types\/post"}],"author":[{"embeddable":true,"href":"https:\/\/www.infokuryr.cz\/n\/wp-json\/wp\/v2\/users\/2"}],"replies":[{"embeddable":true,"href":"https:\/\/www.infokuryr.cz\/n\/wp-json\/wp\/v2\/comments?post=48014"}],"version-history":[{"count":1,"href":"https:\/\/www.infokuryr.cz\/n\/wp-json\/wp\/v2\/posts\/48014\/revisions"}],"predecessor-version":[{"id":48019,"href":"https:\/\/www.infokuryr.cz\/n\/wp-json\/wp\/v2\/posts\/48014\/revisions\/48019"}],"wp:featuredmedia":[{"embeddable":true,"href":"https:\/\/www.infokuryr.cz\/n\/wp-json\/wp\/v2\/media\/48018"}],"wp:attachment":[{"href":"https:\/\/www.infokuryr.cz\/n\/wp-json\/wp\/v2\/media?parent=48014"}],"wp:term":[{"taxonomy":"category","embeddable":true,"href":"https:\/\/www.infokuryr.cz\/n\/wp-json\/wp\/v2\/categories?post=48014"},{"taxonomy":"post_tag","embeddable":true,"href":"https:\/\/www.infokuryr.cz\/n\/wp-json\/wp\/v2\/tags?post=48014"}],"curies":[{"name":"wp","href":"https:\/\/api.w.org\/{rel}","templated":true}]}}