{"id":48013,"date":"2024-02-27T00:48:16","date_gmt":"2024-02-26T23:48:16","guid":{"rendered":"https:\/\/www.infokuryr.cz\/n\/?p=48013"},"modified":"2024-02-26T18:05:02","modified_gmt":"2024-02-26T17:05:02","slug":"ruske-sily-znicily-dve-rakety-ktere-zamirily-na-krym","status":"publish","type":"post","link":"https:\/\/www.infokuryr.cz\/n\/2024\/02\/27\/ruske-sily-znicily-dve-rakety-ktere-zamirily-na-krym\/","title":{"rendered":"Rusk\u00e9 s\u00edly zni\u010dily dv\u011b rakety, kter\u00e9 zam\u00ed\u0159ily na Krym"},"content":{"rendered":"<div id=\"fb-root\"><\/div>\n<p><strong><span>25. \u00fanora se ukrajinsk\u00e1 arm\u00e1da a jej\u00ed patroni z NATO pokusili o dal\u0161\u00ed \u00fatok na Krymsk\u00fd poloostrov.<\/span><\/strong><\/p>\n<p><span>Ve\u010der m\u00edstn\u00ed zdroje uvedly, \u017ee v z\u00e1padn\u00ed \u010d\u00e1sti poloostrova zazn\u011bl leteck\u00fd poplach pot\u00e9, co ukrajinsk\u00e1 letadla odp\u00e1lila rakety Storm Shadow (SCALP-EG) sm\u011brem na Krym.\u00a0Rusk\u00e1 arm\u00e1da pou\u017e\u00edvala kou\u0159ovou clonu k ochran\u011b Sevastopolsk\u00e9ho z\u00e1livu.\u00a0Ve m\u011bst\u011b p\u016fsobily rusk\u00e9 s\u00edly protivzdu\u0161n\u00e9 obrany.<\/span><\/p>\n<p><span>Brzy po skon\u010den\u00ed \u00fatoku rusk\u00e9 ministerstvo obrany ozn\u00e1milo, \u017ee v \u010cern\u00e9m mo\u0159i byly zni\u010deny dv\u011b leteck\u00e9 \u0159\u00edzen\u00e9 st\u0159ely.\u00a0Ministerstvo poznamenalo, \u017ee \u00fatok byl proveden kolem 19:00 moskevsk\u00e9ho \u010dasu.<\/span><\/p>\n<p><span>Tamn\u00ed zdroje zat\u00edm \u017e\u00e1dn\u00e9 \u0161kody na Krymu nehl\u00e1sily.<\/span><\/p>\n<p><span>Raketov\u00fd \u00fatok byl zah\u00e1jen pot\u00e9, co v noci na \u00fanor zam\u00ed\u0159ilo na poloostrov n\u011bkolik ukrajinsk\u00fdch dron\u016f.\u00a0Podle ofici\u00e1ln\u00ed zpr\u00e1vy ministerstva obrany byly v \u010cern\u00e9m mo\u0159i zni\u010deny \u010dty\u0159i UAV.<\/span><\/p>\n<p><span>Toto je obvykl\u00e1 taktika pou\u017e\u00edvan\u00e1 AFU.\u00a0Za prv\u00e9, levn\u00e9 UAV objev\u00ed oblasti nasazen\u00ed rusk\u00fdch syst\u00e9m\u016f protivzdu\u0161n\u00e9 obrany.\u00a0Brzy po n\u00e1letu dronu vypou\u0161t\u00ed AFU vz\u00e1cn\u00e9 rakety NATO ve snaze dos\u00e1hnout c\u00edl\u016f na poloostrov\u011b;\u00a0ale zd\u00e1 se, \u017ee rusk\u00e1 arm\u00e1da se nau\u010dila \u00fasp\u011b\u0161n\u011b odr\u00e1\u017eet v\u0161echny ukrajinsk\u00e9 \u00fadery na Krym.\u00a0V\u011bt\u0161ina ukrajinsk\u00fdch pokus\u016f o \u00fatok na poloostrov se nezda\u0159ila.<\/span><\/p>\n<p><span>Nem\u011blo by b\u00fdt vylou\u010deno, \u017ee AFU a NATO se v nadch\u00e1zej\u00edc\u00edch dnech pokus\u00ed zah\u00e1jit nov\u00e9 \u00fatoky v \u010cern\u00e9m mo\u0159i.<\/span><\/p>\n<p><img decoding=\"async\" loading=\"lazy\" class=\"alignnone size-full wp-image-1185\" src=\"http:\/\/www.infokuryr.cz\/n\/wp-content\/uploads\/2021\/04\/kuryr-podpis.png\" alt=\"\" width=\"84\" height=\"24\" \/><\/p>\n<p>&nbsp;<\/p>\n","protected":false},"excerpt":{"rendered":"<p>25. \u00fanora se ukrajinsk\u00e1 arm\u00e1da a jej\u00ed patroni z NATO pokusili o dal\u0161\u00ed \u00fatok na&#8230;<\/p>\n","protected":false},"author":2,"featured_media":19671,"comment_status":"closed","ping_status":"closed","sticky":false,"template":"","format":"standard","meta":[],"categories":[7],"tags":[349,22,26],"_links":{"self":[{"href":"https:\/\/www.infokuryr.cz\/n\/wp-json\/wp\/v2\/posts\/48013"}],"collection":[{"href":"https:\/\/www.infokuryr.cz\/n\/wp-json\/wp\/v2\/posts"}],"about":[{"href":"https:\/\/www.infokuryr.cz\/n\/wp-json\/wp\/v2\/types\/post"}],"author":[{"embeddable":true,"href":"https:\/\/www.infokuryr.cz\/n\/wp-json\/wp\/v2\/users\/2"}],"replies":[{"embeddable":true,"href":"https:\/\/www.infokuryr.cz\/n\/wp-json\/wp\/v2\/comments?post=48013"}],"version-history":[{"count":0,"href":"https:\/\/www.infokuryr.cz\/n\/wp-json\/wp\/v2\/posts\/48013\/revisions"}],"wp:featuredmedia":[{"embeddable":true,"href":"https:\/\/www.infokuryr.cz\/n\/wp-json\/wp\/v2\/media\/19671"}],"wp:attachment":[{"href":"https:\/\/www.infokuryr.cz\/n\/wp-json\/wp\/v2\/media?parent=48013"}],"wp:term":[{"taxonomy":"category","embeddable":true,"href":"https:\/\/www.infokuryr.cz\/n\/wp-json\/wp\/v2\/categories?post=48013"},{"taxonomy":"post_tag","embeddable":true,"href":"https:\/\/www.infokuryr.cz\/n\/wp-json\/wp\/v2\/tags?post=48013"}],"curies":[{"name":"wp","href":"https:\/\/api.w.org\/{rel}","templated":true}]}}