{"id":48009,"date":"2024-02-27T00:47:13","date_gmt":"2024-02-26T23:47:13","guid":{"rendered":"https:\/\/www.infokuryr.cz\/n\/?p=48009"},"modified":"2024-02-26T18:02:52","modified_gmt":"2024-02-26T17:02:52","slug":"prehled-ruskych-uderu-v-ukrajinskych-zadnich-oblastech-dne-25-unora-2024","status":"publish","type":"post","link":"https:\/\/www.infokuryr.cz\/n\/2024\/02\/27\/prehled-ruskych-uderu-v-ukrajinskych-zadnich-oblastech-dne-25-unora-2024\/","title":{"rendered":"P\u0159ehled rusk\u00fdch \u00fader\u016f v ukrajinsk\u00fdch zadn\u00edch oblastech dne 25. \u00fanora 2024"},"content":{"rendered":"<div id=\"fb-root\"><\/div>\n<p><strong><span>25. \u00fanora se ukrajinsk\u00e1 vojensk\u00e1 a pr\u016fmyslov\u00e1 za\u0159\u00edzen\u00ed dostala pod n\u011bkolik vln rusk\u00fdch \u00fader\u016f.\u00a0Prvn\u00ed v\u00fdsledky \u00fatoku odhalily m\u00edstn\u00ed zdroje v noci.\u00a0Odpoledne se uk\u00e1zalo, \u017ee na cel\u00e9 Ukrajin\u011b bylo zasa\u017eeno mnoho c\u00edl\u016f.<\/span><\/strong><\/p>\n<p><span>Rusk\u00e1 arm\u00e1da b\u011bhem kombinovan\u00fdch \u00fatok\u016f pou\u017e\u00edvala jak r\u016fzn\u00e9 typy raket, tak kamikadze drony.\u00a0Mezi c\u00edle \u00fader\u016f pat\u0159ila m\u00edsta do\u010dasn\u00e9ho nasazen\u00ed ukrajinsk\u00e9ho vojensk\u00e9ho person\u00e1lu, vojensk\u00e1 leti\u0161t\u011b a pr\u016fmyslov\u00e1 za\u0159\u00edzen\u00ed.<\/span><\/p>\n<p><span>Gener\u00e1ln\u00ed \u0161t\u00e1b ozbrojen\u00fdch sil Ukrajiny hl\u00e1sil \u201epor\u00e1\u017eku\u201c ka\u017ed\u00e9ho jednotliv\u00e9ho rusk\u00e9ho dronu;\u00a0ale ofici\u00e1ln\u00ed tvrzen\u00ed ukrajinsk\u00e9 arm\u00e1dy byla vyvr\u00e1cena tvrzen\u00edmi m\u00edstn\u00edch ukrajinsk\u00fdch \u00fa\u0159ad\u016f, kter\u00e9 potvrdily rusk\u00e9 \u00fadery v r\u016fzn\u00fdch regionech.<\/span><\/p>\n<p><span>V\u011bt\u0161ina ned\u00e1vn\u00fdch rusk\u00fdch \u00fader\u016f m\u00ed\u0159\u00ed na ukrajinsk\u00fd t\u00fdl bl\u00edzko frontov\u00fdch lini\u00ed, kde AFU shroma\u017e\u010fuje velk\u00e9 s\u00edly pro jejich dal\u0161\u00ed p\u0159esun na boji\u0161t\u011b.<\/span><\/p>\n<p><span>Minulou noc zah\u00e1jily rusk\u00e9 s\u00edly n\u011bkolik p\u0159esn\u00fdch \u00fader\u016f na ukrajinskou arm\u00e1du v zadn\u00edm m\u011bst\u011b\u00a0<\/span><strong><span>Konstantinovka.\u00a0<\/span><\/strong><span>Toto m\u011bsto je strategicky d\u016fle\u017eit\u00fdm logistick\u00fdm uzlem Ozbrojen\u00fdch sil Ukrajiny.\u00a0Rusy \u0159\u00edzen\u00e9 leteck\u00e9 bomby proto zam\u00ed\u0159ily na m\u00edstn\u00ed n\u00e1dra\u017e\u00ed.\u00a0V d\u016fsledku st\u00e1vky byla zni\u010dena budova n\u00e1dra\u017e\u00ed.\u00a0\u00datok se \u00fadajn\u011b odehr\u00e1l, kdy\u017e tam ukrajinsk\u00e9 s\u00edly vykl\u00e1daly vojensk\u00fd e\u0161alon<\/span><\/p>\n<div style=\"width: 640px;\" class=\"wp-video\"><!--[if lt IE 9]><script>document.createElement('video');<\/script><![endif]-->\n<video class=\"wp-video-shortcode\" id=\"video-48009-1\" width=\"640\" height=\"1013\" preload=\"metadata\" controls=\"controls\"><source type=\"video\/mp4\" src=\"http:\/\/www.infokuryr.cz\/n\/wp-content\/uploads\/2024\/02\/kk.mp4?_=1\" \/><a href=\"http:\/\/www.infokuryr.cz\/n\/wp-content\/uploads\/2024\/02\/kk.mp4\">http:\/\/www.infokuryr.cz\/n\/wp-content\/uploads\/2024\/02\/kk.mp4<\/a><\/video><\/div>\n<div style=\"width: 640px;\" class=\"wp-video\"><video class=\"wp-video-shortcode\" id=\"video-48009-2\" width=\"640\" height=\"340\" preload=\"metadata\" controls=\"controls\"><source type=\"video\/mp4\" src=\"http:\/\/www.infokuryr.cz\/n\/wp-content\/uploads\/2024\/02\/kon.mp4?_=2\" \/><a href=\"http:\/\/www.infokuryr.cz\/n\/wp-content\/uploads\/2024\/02\/kon.mp4\">http:\/\/www.infokuryr.cz\/n\/wp-content\/uploads\/2024\/02\/kon.mp4<\/a><\/video><\/div>\n<p>&nbsp;<\/p>\n<p><span style=\"font-size: 18pt;\"><strong>Sou\u010dasn\u011b byly v r\u016fzn\u00fdch \u010d\u00e1stech m\u011bsta zni\u010deny rozm\u00edst\u011bn\u00ed AFU.\u00a0Podle nepotvrzen\u00fdch zpr\u00e1v mezi c\u00edle v Konstantinovce pat\u0159ily:<\/strong><\/span><\/p>\n<ul>\n<li><span>m\u00edsto do\u010dasn\u00e9ho nasazen\u00ed 22. p\u011b\u0161\u00ed brig\u00e1dy AFU na Uljanovsku v centru m\u011bsta;<\/span><\/li>\n<li><span>m\u00edstn\u00ed \u0161kola \u010d. 8 na Belousov\u011b ulici v severn\u00ed \u010d\u00e1sti m\u011bsta, budova slou\u017eila pro ubytov\u00e1n\u00ed 42. samostatn\u00e9 mobiln\u00ed brig\u00e1dy AFU;<\/span><\/li>\n<li><span>kolej Konstantinovsk\u00e9ho stavebn\u00edho lycea \u010d. 39 nach\u00e1zej\u00edc\u00ed se v Gromov\u011b ulici na jihoz\u00e1padn\u00edm okraji Konstantinovky.<\/span><\/li>\n<\/ul>\n<p><span>V d\u016fsledku \u00fader\u016f byly \u00fadajn\u011b zabity nebo zran\u011bny des\u00edtky ukrajinsk\u00fdch voj\u00e1k\u016f.<\/span><\/p>\n<p><span>Dal\u0161\u00ed rusk\u00e9 \u00fadery v t\u00fdlov\u00fdch oblastech v DPR byly hl\u00e1\u0161eny v Kurachovu, Selidovu, Krasnogorovce, Seversku, Chasov Yar a Novoselovka Persha.<\/span><\/p>\n<p><strong><span>Pozd\u011bji rusk\u00e9 \u00fadery zas\u00e1hly n\u011bkolik ukrajinsk\u00fdch vojensk\u00fdch leti\u0161\u0165 ve strategick\u00fdch t\u00fdlov\u00fdch oblastech,<\/span><\/strong><span>\u00a0v\u010detn\u011b velk\u00e9ho vojensk\u00e9ho leti\u0161t\u011b ve Starokonstantinov\u011b v Khelnick\u00e9 oblasti a leteck\u00e9 z\u00e1kladny v Martynovce v Mykolajivsk\u00e9 oblasti.\u00a0Dal\u0161\u00edm c\u00edlem bylo leti\u0161t\u011b Kanatovo v Kirovohrad\u011b;\u00a0ale AFU se \u00fadajn\u011b poda\u0159ilo \u00fadery odrazit.<\/span><\/p>\n<p><span>V \u010cernihovsk\u00e9 oblasti byly hl\u00e1\u0161eny rusk\u00e9 \u00fadery na \u00fazem\u00ed z\u00e1vodu Belkozin ve m\u011bst\u011b Priluki.\u00a0Dal\u0161\u00ed pr\u016fmyslov\u00e9 za\u0159\u00edzen\u00ed bylo po\u0161kozeno v oblasti Sumy, kde byly po\u0161kozeny d\u00edlny z\u00e1vodu Polikhim ve m\u011bst\u011b Shostka.<\/span><\/p>\n<p><span>V\u00fdbuchy byly hl\u00e1\u0161eny v Od\u011bsk\u00e9, Dn\u011bpropetrovsk\u00e9, Kyjevsk\u00e9, \u017ditomirsk\u00e9 a Z\u00e1poro\u017esk\u00e9 oblasti;\u00a0ale mohly b\u00fdt v\u00fdsledkem operace ukrajinsk\u00fdch sil protivzdu\u0161n\u00e9 obrany.\u00a0\u017e\u00e1dn\u00e9 \u0161kody tam hl\u00e1\u0161eny nebyly.<\/span><\/p>\n<p><img decoding=\"async\" loading=\"lazy\" class=\"alignnone size-full wp-image-1185\" src=\"http:\/\/www.infokuryr.cz\/n\/wp-content\/uploads\/2021\/04\/kuryr-podpis.png\" alt=\"\" width=\"84\" height=\"24\" \/><\/p>\n<p>&nbsp;<\/p>\n","protected":false},"excerpt":{"rendered":"<p>25. \u00fanora se ukrajinsk\u00e1 vojensk\u00e1 a pr\u016fmyslov\u00e1 za\u0159\u00edzen\u00ed dostala pod n\u011bkolik vln rusk\u00fdch \u00fader\u016f.\u00a0Prvn\u00ed v\u00fdsledky&#8230;<\/p>\n","protected":false},"author":2,"featured_media":48012,"comment_status":"closed","ping_status":"closed","sticky":false,"template":"","format":"standard","meta":[],"categories":[7],"tags":[2674,22,26],"_links":{"self":[{"href":"https:\/\/www.infokuryr.cz\/n\/wp-json\/wp\/v2\/posts\/48009"}],"collection":[{"href":"https:\/\/www.infokuryr.cz\/n\/wp-json\/wp\/v2\/posts"}],"about":[{"href":"https:\/\/www.infokuryr.cz\/n\/wp-json\/wp\/v2\/types\/post"}],"author":[{"embeddable":true,"href":"https:\/\/www.infokuryr.cz\/n\/wp-json\/wp\/v2\/users\/2"}],"replies":[{"embeddable":true,"href":"https:\/\/www.infokuryr.cz\/n\/wp-json\/wp\/v2\/comments?post=48009"}],"version-history":[{"count":0,"href":"https:\/\/www.infokuryr.cz\/n\/wp-json\/wp\/v2\/posts\/48009\/revisions"}],"wp:featuredmedia":[{"embeddable":true,"href":"https:\/\/www.infokuryr.cz\/n\/wp-json\/wp\/v2\/media\/48012"}],"wp:attachment":[{"href":"https:\/\/www.infokuryr.cz\/n\/wp-json\/wp\/v2\/media?parent=48009"}],"wp:term":[{"taxonomy":"category","embeddable":true,"href":"https:\/\/www.infokuryr.cz\/n\/wp-json\/wp\/v2\/categories?post=48009"},{"taxonomy":"post_tag","embeddable":true,"href":"https:\/\/www.infokuryr.cz\/n\/wp-json\/wp\/v2\/tags?post=48009"}],"curies":[{"name":"wp","href":"https:\/\/api.w.org\/{rel}","templated":true}]}}