{"id":47969,"date":"2024-02-26T07:23:55","date_gmt":"2024-02-26T06:23:55","guid":{"rendered":"https:\/\/www.infokuryr.cz\/n\/?p=47969"},"modified":"2024-02-26T07:23:55","modified_gmt":"2024-02-26T06:23:55","slug":"jindrich-kulhavy-opravdu-jsou-vsichni-tak-mimo-realitu","status":"publish","type":"post","link":"https:\/\/www.infokuryr.cz\/n\/2024\/02\/26\/jindrich-kulhavy-opravdu-jsou-vsichni-tak-mimo-realitu\/","title":{"rendered":"Jind\u0159ich Kulhav\u00fd: Opravdu jsou v\u0161ichni tak mimo realitu?"},"content":{"rendered":"<div id=\"fb-root\"><\/div>\n<p><span class=\"anotation\">Minim\u00e1ln\u011b 16 let je Ukrajina Z\u00e1padem vn\u00edm\u00e1na jako p\u0159eds\u00ed\u0148 do Ruska, roho\u017eka, o kterou si p\u0159ed vytou\u017een\u00fdm vstupem do t\u00e9to velmoci ot\u0159ou Ameri\u010dan\u00e9 a NATO sv\u00e9 \u0161pinav\u00e9 boty. A op\u011bt se cel\u00fd ten Z\u00e1pad m\u016f\u017ee zbl\u00e1znit z\u00a0toho, \u017ee jim Vladim\u00edr Putin p\u0159ibouchl p\u0159ed nosem dve\u0159e. Zlod\u011bji cht\u011bj\u00ed st\u00e1le je\u0161t\u011b dovnit\u0159, ale nejen, \u017ee nemaj\u00ed kl\u00ed\u010de, ale nefunguje jim ani \u0161perh\u00e1k poskytnut\u00fd zkorumpovanou politickou ukrajinskou garniturou. A nav\u00edc p\u0159i\u0161li i o mo\u017en\u00e9ho konfidenta zevnit\u0159, to kdy\u017e kdesi na severu zem\u0159el tolik Z\u00e1padem prot\u011b\u017eovan\u00fd Navalnyj. Jen naivn\u00ed idealista by ho bral za skute\u010dn\u00e9ho l\u00eddra opozice, kdy\u017e po\u010det jeho p\u0159\u00edznivc\u016f se zastavil na n\u00edzk\u00fdch jednotk\u00e1ch procent. A to do sv\u00e9 popularizace z\u00e1padn\u00edch hodnot v\u00a0Rusku vkl\u00e1daly nadn\u00e1rodn\u00ed koncerny i zahrani\u010dn\u00ed m\u00e9dia a kabinety miliardy dolar\u016f a eur.<\/span><\/p>\n<div id=\"pagetext\">\n<p>\u00a0 Dva roky boj\u016f na v\u00fdchodu Ukrajiny jsou v\u00fdsledkem p\u0159ede\u0161l\u00fdch pokus\u016f st\u00e1t\u016f NATO politicky a ekonomicky obsadit Kyjev. I p\u0159es sliby o neroz\u0161i\u0159ov\u00e1n\u00ed \u00fato\u010dn\u00e9ho vojensk\u00e9ho paktu NATO, kdy p\u0159edev\u0161\u00edm Spojen\u00e9 st\u00e1ty s\u00a0podporou Brit\u016f a Francouz\u016f napadli za posledn\u00edch 30 let n\u011bkolik st\u00e1t\u016f sv\u011bta, se Washington zam\u011b\u0159il na dal\u0161\u00ed p\u0159ibl\u00ed\u017een\u00ed se k\u00a0Moskv\u011b a k\u00a0nesm\u00edrn\u00e9mu bohatstv\u00ed Rusk\u00e9 federace. Obrovsk\u00e9 investice kon\u010d\u00edc\u00ed v\u00a0kaps\u00e1ch zkorumpovan\u00fdch kyjevsk\u00fdch politik\u016f a z\u00edsk\u00e1v\u00e1n\u00ed p\u016fdy \u010di d\u016fle\u017eit\u00fdch spole\u010dnost\u00ed, p\u0159evzet\u00ed moci pomoc\u00ed pu\u010de, nedodr\u017eov\u00e1n\u00ed Minsk\u00fdch dohod, nov\u00e9 otev\u0159en\u00e9 biolaborato\u0159e s\u00a0naprosto zlo\u010dineck\u00fdm z\u00e1m\u011brem produkovat biologick\u00e9 zbran\u011b, podpora nacismu nam\u00ed\u0159en\u00e9ho p\u0159edev\u0161\u00edm proti rusky hovo\u0159\u00edc\u00edmu obyvatelstvu, jeho\u017e v\u00fdsledkem jsou tis\u00edce mrtv\u00fdch civilist\u016f p\u0159edev\u0161\u00edm v\u00a0Luhansku a Donbasu, ale i v Od\u011bse, vyzbrojov\u00e1n\u00ed ukrajinsk\u00e9 arm\u00e1dy a jej\u00ed p\u0159\u00edprava odborn\u00edky z\u00a0NATO na bl\u00ed\u017e\u00edc\u00ed se konflikt, ztr\u00e1ta Krymu, obchod s lidmi. Tak lze charakterizovat d\u011bn\u00ed na Ukrajin\u011b minim\u00e1ln\u011b za posledn\u00ed 14 let p\u0159ed po\u010d\u00e1tkem dnes ji\u017e dva roky trvaj\u00edc\u00ed speci\u00e1ln\u00ed vojensk\u00e9 operace. Vstup Rus\u016f na Ukrajinu p\u0159esto mnoh\u00e9 p\u0159ekvapil. Jen m\u00e1lokdo si uv\u011bdomoval, \u017ee poh\u00e1r trp\u011blivosti Moskvy d\u00e1vno p\u0159etekl. I p\u0159es tzv. agresi to nejsou Rusov\u00e9, kdo za\u010dal tuto v\u00e1lku. Po\u010d\u00e1tky hledejme v\u00a0B\u00edl\u00e9m domu, Pentagonu, v\u00a0Lond\u00fdn\u011b \u010di v\u00a0Bruselu.<\/p>\n<p><a href=\"https:\/\/stranapro.cz\/\"><img decoding=\"async\" loading=\"lazy\" class=\"alignnone  wp-image-40285 aligncenter\" src=\"http:\/\/www.infokuryr.cz\/n\/wp-content\/uploads\/2023\/11\/11pro-300x79.png\" alt=\"\" width=\"630\" height=\"166\" srcset=\"https:\/\/www.infokuryr.cz\/n\/wp-content\/uploads\/2023\/11\/11pro-300x79.png 300w, https:\/\/www.infokuryr.cz\/n\/wp-content\/uploads\/2023\/11\/11pro.png 363w\" sizes=\"(max-width: 630px) 100vw, 630px\" \/><\/a><\/p>\n<p>Dvacet\u010dty\u0159i m\u011bs\u00edc\u016f, kdy um\u00edraj\u00ed zbyte\u010dn\u011b a za ciz\u00ed z\u00e1jmy Ukrajinci, na druh\u00e9 stran\u011b br\u00e1n\u00edc\u00ed sv\u00e9 krajany ru\u0161t\u00ed voj\u00e1ci, jsou pouze zrcadlem rozp\u00ednavosti Z\u00e1padu. Exodus obyvatel ze zkorumpovan\u00e9 domoviny je jen pr\u016fvodn\u00edm jevem toho, jak\u00fd vztah k\u00a0jej\u00ed obran\u011b samotn\u00ed Ukrajinci maj\u00ed. Hrdost je projevovan\u00e1 jen daleko od boji\u0161t\u011b, kter\u00e9mu se tito migranti vyh\u00fdbaj\u00ed. Maj\u00ed k\u00a0tomu snad d\u016fvod? Je j\u00edm ned\u016fv\u011bra ve vlastn\u00ed politick\u00e9 elity py\u0161n\u00edc\u00ed se obrovsk\u00fdmi majetky, s\u00eddly i v\u00a0zahrani\u010d\u00ed a neschopnost zajistit slu\u0161n\u00e9 \u017eivobyt\u00ed cel\u00e9mu n\u00e1rodu? Nebo je to neochota um\u00edrat pod ukrajinskou vlajkou v\u00a0z\u00e1jmu ciz\u00edch mocnost\u00ed? Mo\u017en\u00e1 n\u011bkter\u00fdm skute\u010dn\u011b vad\u00ed spojitost mezi Azovsk\u00fdm praporem a nacistickou symbolikou a histori\u00ed. Pokud se m\u00fdl\u00edme, pro\u010d tedy Rusov\u00e9 Zelensk\u00e9ho arm\u00e1du v\u00e1lcuj\u00ed, p\u0159esto\u017ee ji podporuje cel\u00e9 NATO a z\u00a0EU te\u010de neskute\u010dn\u011b moc pen\u011bz? Rusov\u00e9 si toti\u017e uv\u011bdomuj\u00ed, \u017ee si mus\u00ed chr\u00e1nit sv\u00e9 ji\u017en\u00ed evropsk\u00e9 hranice, kter\u00e9 p\u0159edstavuje pr\u00e1v\u011b Ukrajina. Bojuj\u00ed za svou zemi, bezpe\u010dnost, svrchovanost a p\u0159istupuj\u00ed k\u00a0tomu zodpov\u011bdn\u011b. Necht\u011bj\u00ed opakovat situaci za 2.sv\u011btov\u00e9 v\u00e1lky, kdy p\u0159edch\u016fdce dne\u0161n\u00edch nacist\u016f zastavili a\u017e u Stalingradu, p\u0159ed hradbami Moskvy a na p\u0159edm\u011bst\u00ed Leningradu. St\u00e1lo je to \u017eivot 20 milion\u016f krajan\u016f, i kdy\u017e to nebyli jen Rusov\u00e9.<\/p>\n<p>Fanatick\u00e1 obhajoba Ukrajiny patrn\u00e1 i u n\u00e1s vych\u00e1z\u00ed z\u00a0\u00fa\u010delov\u00e9 doktr\u00edny, dle kter\u00e9 je Rusk\u00e1 federace nep\u0159\u00edtel NATO. \u00da\u010delov\u00e9 proto, \u017ee tu jde o bohatstv\u00ed Rusk\u00e9 federace p\u0159edstavovan\u00e9 z\u00e1sobami v\u0161eho, co lidstvo pot\u0159ebuje k\u00a0sv\u00e9 existenci. Kdo to m\u00e1, je mocn\u00fdm hr\u00e1\u010dem na sv\u011btov\u00e9m trhu. Tomu je pod\u0159\u00edzeno v\u0161e v\u010detn\u011b medi\u00e1ln\u00ed kampan\u011b, ekonomick\u00fdch sankc\u00ed drancuj\u00edc\u00edch rozpo\u010dty st\u00e1t\u016f NATO, p\u0159edev\u0161\u00edm v\u0161ak EU. V\u00fdrazn\u011b klesaj\u00edc\u00ed \u017eivotn\u00ed \u00farove\u0148 obyvatel EU u\u017e nem\u00e1 vin\u00edky pouze v\u00a0\u0159\u00edzen\u00e9 migraci a v\u00a0dopadech covidhysterie \u010di Green Dealu, nov\u011b se na n\u00ed pod\u00edl\u00ed ji\u017e 13.bal\u00ed\u010dek sankc\u00ed v\u016f\u010di Rusku. D\u00e1le k\u00a0n\u00ed p\u0159isp\u00edv\u00e1 z\u00e1sobov\u00e1n\u00ed Ukrajiny zbran\u011bmi, pot\u0159eba doplnit vlastn\u00ed zbrojn\u00ed sklady po jejich vy\u010di\u0161t\u011bn\u00ed, v\u00fdjimky pro bezceln\u00ed dovoz ukrajinsk\u00fdch potravin a plodin. A v\u00a0neposledn\u00ed \u0159ad\u011b mo\u017enost zneu\u017e\u00edv\u00e1n\u00ed soci\u00e1ln\u00edch syst\u00e9m\u016f n\u011bkter\u00fdch zem\u00ed Ukrajinci, v\u00a0\u010dem\u017e exceluje pr\u00e1v\u011b \u010cesk\u00e1 republika.<\/p>\n<p><img decoding=\"async\" loading=\"lazy\" class=\"wp-image-47634 alignleft\" src=\"http:\/\/www.infokuryr.cz\/n\/wp-content\/uploads\/2024\/02\/Pozvanka_Praha-_23.3.24-300x229.jpg\" alt=\"\" width=\"595\" height=\"454\" srcset=\"https:\/\/www.infokuryr.cz\/n\/wp-content\/uploads\/2024\/02\/Pozvanka_Praha-_23.3.24-300x229.jpg 300w, https:\/\/www.infokuryr.cz\/n\/wp-content\/uploads\/2024\/02\/Pozvanka_Praha-_23.3.24.jpg 595w\" sizes=\"(max-width: 595px) 100vw, 595px\" \/><\/p>\n<p>Bohu\u017eel nejen v\u00a0tom. Ukrajinizace na\u0161\u00ed spole\u010dnosti je v\u00a0pln\u00e9m proudu a jsme na tom ekonomicky h\u016f\u0159e ne\u017e stejn\u011b po\u010dtem obyvatel velk\u00e9 a islamizovan\u00e9 \u0160v\u00e9dsko. M\u00e1me tu 2-3x v\u00edce novoob\u010dan\u016f ne\u017e oni. Fanatismus liber\u00e1l\u016f nem\u00e1 konce. Prezident Petr Pavel sh\u00e1n\u00ed munici pro Ukrajinu po cel\u00e9m sv\u011bt\u011b (s komick\u00fdm v\u00fdsledkem), p\u0159i\u010dem\u017e 35 mld za ni jsou na\u0161i politici snad ochotni zaplatit zase z\u00a0na\u0161eho. Pobl\u00e1zn\u011bn\u00fd herec Vetch\u00fd organizuje sb\u00edrku na n\u00e1kup dron\u016f, smutn\u00fd Trojan vyb\u00edz\u00ed k dal\u0161\u00ed podpo\u0159e Zelensk\u00e9ho. A to u\u017e jsou skute\u010dn\u00e9 hereck\u00e9 ikony, tak\u017ee jejich vliv na st\u00e1do je velk\u00fd. Nedivme se \u010d\u00e1sti na\u0161ich spoluob\u010dan\u016f sk\u00e1kaj\u00edc\u00edch na \u0161pek proukrajinsk\u00fdm agit\u00e1tor\u016fm z\u00a0\u0159ad politik\u016f, um\u011blc\u016f a medi\u00e1ln\u00edch struktur. P\u0159idejme je\u0161t\u011b majitele velk\u00fdch firem zneu\u017e\u00edvaj\u00edc\u00edch syst\u00e9m k\u00a0vlastn\u00edmu prosp\u011bchu, jejich\u017e inspirac\u00ed k\u00a0proukrajinsk\u00fdm v\u00fdrok\u016fm a chov\u00e1n\u00ed jsou \u00falitby ze stran st\u00e1tu a politik\u016f. \u017de pane Rohl\u00edku \u010di veden\u00ed fotbalov\u00e9 Slavie nebo Ryt\u00ed\u0159\u016f z Kladna? Stejn\u00e9 plat\u00ed pro \u0161\u00e9fy odbor\u00e1\u0159\u016f, profesn\u00edch komor a sdru\u017een\u00ed.<\/p>\n<p>Na z\u00e1v\u011br mus\u00edme varovat. Chov\u00e1n\u00ed P\u011btikoalice nen\u00ed pomatenost, ale jde o v\u00fdsledek ta\u017een\u00ed za moc\u00ed, ziskem, prosp\u011bchem osobn\u00edm i skupinov\u00fdm. V\u00fdrazn\u011b se k\u00a0n\u00ed bl\u00ed\u017e\u00ed ANO, jeho\u017e r\u00e9torika zvl\u00e1\u0161t\u011b v\u00a0posledn\u00edch dnech vyzn\u00edv\u00e1 velmi podobn\u011b. V\u00a0podstat\u011b stejn\u011b, vezmeme li v\u00a0potaz, \u017ee se Babi\u0161 osobn\u011b kdysi podepsal i pod Green Deal, souhlas\u00ed s\u00a0n\u00e1kupem F-35, kter\u00fd, jak s\u00e1m avizoval, rozhodn\u011b v\u00a0p\u0159\u00edpadu v\u00edt\u011bzstv\u00ed ve volb\u00e1ch nezru\u0161\u00ed. Babi\u0161 odsoudil pond\u011bln\u00ed akci zem\u011bd\u011blc\u016f a podpo\u0159il tu \u010dtvrte\u010dn\u00ed, tedy stejn\u00fd p\u0159\u00edstup jako V\u00fdborn\u00fd. Spole\u010dnou vinu nesou\u00a0 tito v\u0161ichni i na st\u00e1le prob\u00edhaj\u00edc\u00edm n\u00e1kupu pseudovakc\u00edn, ANO nikdy nezas\u00e1hlo proti neziskov\u00e9mu sektoru a p\u0159ebujel\u00e9mu st\u00e1tn\u00edmu, nevy\u010distilo \u010ceskou televizi. ANO m\u016f\u017ee m\u00edt rozd\u00edln\u00fd n\u00e1zor na n\u011bkter\u00e9 ekonomick\u00e9 n\u00e1stroje ne\u017e sou\u010dasn\u00ed vl\u00e1dci Strakovky, ale jinak se od sebe nijak z\u00e1vratn\u011b neli\u0161\u00ed. Pokud to \u010desk\u00e9mu voli\u010di nedojde, ud\u011bl\u00e1 v\u00a0dal\u0161\u00edch volb\u00e1ch z\u00e1sadn\u00ed chybu a zm\u011bnu nelze o\u010dek\u00e1vat. V\u011bt\u0161ina z\u00a0\u010cech\u016f a Moravan\u016f z\u016fst\u00e1v\u00e1 mimo realitu. V\u00fdzkumy ve\u0159ejn\u00e9ho m\u00edn\u011bn\u00ed to jen dokazuj\u00ed. Uv\u011bdomuje s tu v\u016fbec n\u011bkdo, \u017ee\u00a0n\u00e1m cht\u011bj\u00ed poslat um\u00edrat d\u011bti na n\u011bjakou frontu?\u00a0 \u017de o tom v\u00e1\u017en\u011b uva\u017euj\u00ed? Co v\u00edce, oni to pl\u00e1nuj\u00ed.\u00a0 Po\u0159\u00e1d nic?<\/p>\n<p><a href=\"https:\/\/www.inadhled.live\/uvaha-dne\/opravdu-jsou-vsichni-tak-mimo-realitu-\/\">Jind\u0159ich Kulhav\u00fd<\/a><\/p>\n<p><img decoding=\"async\" loading=\"lazy\" class=\"alignnone size-medium wp-image-22653\" src=\"http:\/\/www.infokuryr.cz\/n\/wp-content\/uploads\/2023\/02\/jindra-kulhavy-221x300.jpg\" alt=\"\" width=\"221\" height=\"300\" srcset=\"https:\/\/www.infokuryr.cz\/n\/wp-content\/uploads\/2023\/02\/jindra-kulhavy-221x300.jpg 221w, https:\/\/www.infokuryr.cz\/n\/wp-content\/uploads\/2023\/02\/jindra-kulhavy.jpg 311w\" sizes=\"(max-width: 221px) 100vw, 221px\" \/><\/p>\n<p>&nbsp;<\/p>\n<\/div>\n","protected":false},"excerpt":{"rendered":"<p>Minim\u00e1ln\u011b 16 let je Ukrajina Z\u00e1padem vn\u00edm\u00e1na jako p\u0159eds\u00ed\u0148 do Ruska, roho\u017eka, o kterou si&#8230;<\/p>\n","protected":false},"author":2,"featured_media":47970,"comment_status":"closed","ping_status":"closed","sticky":false,"template":"","format":"standard","meta":[],"categories":[6],"tags":[670,29,39,1771,1635],"_links":{"self":[{"href":"https:\/\/www.infokuryr.cz\/n\/wp-json\/wp\/v2\/posts\/47969"}],"collection":[{"href":"https:\/\/www.infokuryr.cz\/n\/wp-json\/wp\/v2\/posts"}],"about":[{"href":"https:\/\/www.infokuryr.cz\/n\/wp-json\/wp\/v2\/types\/post"}],"author":[{"embeddable":true,"href":"https:\/\/www.infokuryr.cz\/n\/wp-json\/wp\/v2\/users\/2"}],"replies":[{"embeddable":true,"href":"https:\/\/www.infokuryr.cz\/n\/wp-json\/wp\/v2\/comments?post=47969"}],"version-history":[{"count":0,"href":"https:\/\/www.infokuryr.cz\/n\/wp-json\/wp\/v2\/posts\/47969\/revisions"}],"wp:featuredmedia":[{"embeddable":true,"href":"https:\/\/www.infokuryr.cz\/n\/wp-json\/wp\/v2\/media\/47970"}],"wp:attachment":[{"href":"https:\/\/www.infokuryr.cz\/n\/wp-json\/wp\/v2\/media?parent=47969"}],"wp:term":[{"taxonomy":"category","embeddable":true,"href":"https:\/\/www.infokuryr.cz\/n\/wp-json\/wp\/v2\/categories?post=47969"},{"taxonomy":"post_tag","embeddable":true,"href":"https:\/\/www.infokuryr.cz\/n\/wp-json\/wp\/v2\/tags?post=47969"}],"curies":[{"name":"wp","href":"https:\/\/api.w.org\/{rel}","templated":true}]}}