{"id":47960,"date":"2024-02-26T05:59:51","date_gmt":"2024-02-26T04:59:51","guid":{"rendered":"https:\/\/www.infokuryr.cz\/n\/?p=47960"},"modified":"2024-02-26T05:59:51","modified_gmt":"2024-02-26T04:59:51","slug":"michael-svatos-analyza-dalsiho-vyvoje-valky-na-ukrajine-cast-ii","status":"publish","type":"post","link":"https:\/\/www.infokuryr.cz\/n\/2024\/02\/26\/michael-svatos-analyza-dalsiho-vyvoje-valky-na-ukrajine-cast-ii\/","title":{"rendered":"Michael Svato\u0161: Anal\u00fdza dal\u0161\u00edho v\u00fdvoje v\u00e1lky na Ukrajin\u011b \u2013 \u010c\u00e1st II"},"content":{"rendered":"<div id=\"fb-root\"><\/div>\n<p><strong><span style=\"font-size: 18pt;\">Anal\u00fdza dal\u0161\u00edho v\u00fdvoje v\u00e1lky na Ukrajin\u011b \u2013 \u010c\u00e1st II \u2013 Za dva roky v\u00e1lky se 1 699 000 ukrajinsk\u00fdch voj\u00e1k\u016f na boji\u0161ti z\u00e1hadn\u011b vypa\u0159ilo!<\/span><\/strong><\/p>\n<p>Ukrajinsk\u00fd prezident Volodymyr Zelenskyj v\u010dera vyhl\u00e1sil, \u017ee ve v\u00e1lce proti moskevsk\u00e9mu Gosudarovi sice u\u017e padlo 31 000 Ukrajinc\u016f, ale poda\u0159ilo se jim poslat na onen sv\u011bt 180 000 Rus\u016f!\u00a0<a href=\"https:\/\/www.irozhlas.cz\/zpravy-svet\/online-ukrajina-ztratila-ve-valce-31-tisic-vojaku-rekl-zelenskyj-padlo-podle-nej_2402251713_mst\">Fantastick\u00e1 tvrzen\u00ed Zelensk\u00e9ho o v\u00edt\u011bzn\u00e9m pr\u016fb\u011bhu v\u00e1lky okam\u017eit\u011b p\u0159evzal \u010desk\u00fd mainstream<\/a>, a za\u010dal se po sv\u00e9m zvyku nekriticky radovat, \u017ee se u\u017e por\u00e1\u017eka Putina rychle bl\u00ed\u017e\u00ed.<\/p>\n<p>Zelensk\u00e9ho \u00fadaje v\u0161ak p\u0159i srovn\u00e1n\u00ed s realitou neobstoj\u00ed. Jen podle ofici\u00e1ln\u00edch \u00fadaj\u016f Poltavsk\u00e9ho kraje Ukrajiny bylo ve v\u00e1lce od\u00a0<a href=\"https:\/\/poltava.to\/tag\/1284\/\">22. \u00fanora 2022 do 22. \u00fanora 2024 na \u00fazem\u00ed kraje uspo\u0159\u00e1d\u00e1no 1729 st\u00e1tn\u00edch poh\u0159b\u016f obyvatel kraje<\/a>, kte\u0159\u00ed padli ve v\u00e1lce, a jejich\u017e t\u011blo bylo k poh\u0159bu do rodn\u00e9ho m\u011bsta, \u010di vesnice, z boji\u0161t\u011b p\u0159evezeno. Ofici\u00e1ln\u00ed pod\u00edl obyvatel Poltavsk\u00e9ho kraje\u00a0<a href=\"https:\/\/uk.wikipedia.org\/wiki\/%D0%9F%D0%BE%D0%BB%D1%82%D0%B0%D0%B2%D1%81%D1%8C%D0%BA%D0%B0_%D0%BE%D0%B1%D0%BB%D0%B0%D1%81%D1%82%D1%8C#%D0%A1%D1%8C%D0%BE%D0%B3%D0%BE%D0%B4%D0%B5%D0%BD%D0%BD%D1%8F\">p\u0159edstavuje 3.22% v\u0161ech obyvatel Ukrajiny<\/a>. Podle<a href=\"https:\/\/poltava.to\/news\/73073\/\">\u00a0\u0161\u00e9fa Poltavsk\u00e9 okresn\u00ed vojensk\u00e9 spr\u00e1vy<\/a>, je region Poltava nejhor\u0161\u00edm v pln\u011bn\u00ed mobiliza\u010dn\u00edch pl\u00e1n\u016f, a\u00a0<a href=\"https:\/\/orz-rada.gov.ua\/vona-zaginuli-za-ukrainu-14-36-50-31-07-2023\/?p=4\">pouze 13% na\u0159\u00edzen\u00e9ho kontingentu branc\u016f se v kraji da\u0159\u00ed odchytit a poslat do boje<\/a>. Nejlep\u0161\u00ed kraj je Lvov, kde se odvod pln\u00ed na 105%. V\u011bt\u0161ina region\u016f Ukrajiny se p\u0159i lap\u00e1n\u00ed du\u0161\u00ed do Zelensk\u00e9ho v\u00e1lky loni dr\u017eela na polovin\u011b p\u0159edepsan\u00fdch dod\u00e1vek. Kombinac\u00ed t\u011bchto \u00fadaj\u016f, lze spo\u010d\u00edtat, \u017ee obyvatel\u00e9 kraje Poltava p\u0159edstavuj\u00ed okolo 2% po\u010detn\u00edho stavu ukrajinsk\u00e9 arm\u00e1dy, a tedy \u017ee Ukrajina musela ztratit nejm\u00e9n\u011b 50 kr\u00e1t 1729 voj\u00e1k\u016f, kte\u0159\u00ed padli, jejich t\u011blo bylo evakuovalo z fronty, bylo identifikov\u00e1no, a bylo p\u0159i st\u00e1tn\u00edm poh\u0159bu s poctou ulo\u017eeno do zem\u011b. Podle tohoto jednoduch\u00e9ho propo\u010dtu, kter\u00fd nezahrnuje voj\u00e1ky, kte\u0159\u00ed byli\u00a0<a href=\"https:\/\/t.me\/swodki\/353156\">roztrh\u00e1ni<\/a>, zavaleni, zasyp\u00e1ni, sp\u00e1leni, jejich\u017e t\u011bla z\u016fstala po \u00fastupu na rusk\u00e9 stran\u011b fronty, a nemohla b\u00fdt evakuov\u00e1na, a kte\u0159\u00ed se stali tzv. \u201cnezv\u011bstn\u00fdmi\u201d, jenom ofici\u00e1ln\u011b poh\u0159ben\u00fdch voj\u00e1k\u016f Ukrajina ztratila 86 450!!!<\/p>\n<p><a href=\"https:\/\/stranapro.cz\/\"><img decoding=\"async\" loading=\"lazy\" class=\"alignnone  wp-image-40285 aligncenter\" src=\"http:\/\/www.infokuryr.cz\/n\/wp-content\/uploads\/2023\/11\/11pro-300x79.png\" alt=\"\" width=\"627\" height=\"165\" srcset=\"https:\/\/www.infokuryr.cz\/n\/wp-content\/uploads\/2023\/11\/11pro-300x79.png 300w, https:\/\/www.infokuryr.cz\/n\/wp-content\/uploads\/2023\/11\/11pro.png 363w\" sizes=\"(max-width: 627px) 100vw, 627px\" \/><\/a><\/p>\n<p>Pokud Zelenskyj ve sv\u00e9m p\u0159ekvapiv\u011b n\u00edzk\u00e9m \u010d\u00edsle o po\u010dtu ofici\u00e1ln\u011b padl\u00fdch Ukrajinc\u016f nel\u017ee, znamen\u00e1 to jedin\u00e9 \u2013 Kyjevsk\u00fd re\u017eim drancuje obyvatelstvo, kter\u00e9 ne\u017eije v kyjevsk\u00e9 oblasti. Jedin\u011b tak lze vysv\u011btlit, \u017ee poltavsk\u00e1 komunita, ve kter\u00e9 \u017eije 3.22% obyvatel Ukrajiny a kter\u00e1 se nejv\u00edce vzp\u00edr\u00e1 mobilizaci, m\u00e1 pod\u00edl na v\u0161ech ofici\u00e1ln\u011b padl\u00fdch voj\u00e1c\u00edch Ukrajiny 5.78%! Kontroln\u00ed propo\u010det jsem provedl ve spr\u00e1vn\u00edm celku Ukrajiny \u201c<span class=\"mw-page-title-main\"><a href=\"https:\/\/uk.wikipedia.org\/wiki\/%D0%9E%D1%80%D0%B6%D0%B8%D1%86%D1%8C%D0%BA%D0%B0_%D1%81%D0%B5%D0%BB%D0%B8%D1%89%D0%BD%D0%B0_%D0%B3%D1%80%D0%BE%D0%BC%D0%B0%D0%B4%D0%B0\">\u041e\u0440\u0436\u0438\u0446\u044c\u043a\u0430 \u0433\u0440\u043e\u043c\u0430\u0434\u0430<\/a>\u201d a v\u00fdsledek op\u011bt ukazuje, \u017ee Zelensk\u00e9ho p\u0159izn\u00e1n\u00ed po\u010dtu padl\u00fdch Ukrajinc\u016f nen\u00ed d\u016fv\u011bryhodn\u00e9. Or\u017eickaja Hromada je vesnick\u00fd region ve st\u0159edn\u00ed Ukrajin\u011b, sou\u010d\u00e1st Poltavsk\u00e9ho kraje. \u017dije v n\u00ed\u00a0 15 678 obyvatel, a\u00a0<a href=\"https:\/\/orz-rada.gov.ua\/vona-zaginuli-za-ukrainu-14-36-50-31-07-2023\/?p=4\">ve v\u00e1lce padlo a bylo s poctami pochov\u00e1no 35 m\u00edstn\u00edch mu\u017e\u016f<\/a>. Po\u010det obyvatel Or\u017eick\u00e9 Hromady \u010din\u00ed 0.05226% obyvatel Ukrajiny, a pod\u00edl na Zelensk\u00fdm v\u010dera p\u0159iznan\u00fdch padl\u00fdch by tak m\u011bl \u010dinit jen 16,2 s poctami poh\u0159ben\u00fdch voj\u00e1k\u016f. Skute\u010dnost je v\u0161ak v\u00edce ne\u017e dvojn\u00e1sobn\u00e1, podobn\u011b jako v p\u0159\u00edpad\u011b cel\u00e9ho poltavsk\u00e9ho kraje.\u00a0<\/span><\/p>\n<p><a href=\"https:\/\/kyivindependent.com\/zelensky-31-000-ukrainian-soldiers-killed-in-action\/\">Podle v\u010derej\u0161\u00edho vyhl\u00e1\u0161en\u00ed fantasty Zelensk\u00e9ho<\/a>\u00a0bylo za dva roky v\u00e1lky zabito 180 000 rusk\u00fdch voj\u00e1k\u016f.\u00a0<a href=\"https:\/\/kyivindependent.com\/mediazona-meduza-83-000-russian-soldiers-killed\/\">Podle nez\u00e1visl\u00fdch rusk\u00fdch zdroj\u016f padlo ve v\u00e1lce zat\u00edm 83 000 Rus\u016f<\/a>.\u00a0Pod\u00edl zabit\u00fdch podle Zelensk\u00e9ho 1 Ukrajinec na 6 Rus\u016f je naprosto komick\u00fd. P\u0159i bitv\u011b u Kurska v roce 1943\u00a0<a href=\"https:\/\/en.wikipedia.org\/wiki\/Battle_of_Kursk\">byl pom\u011br ztr\u00e1t n\u011bmeck\u00e9 a sov\u011btsk\u00e9 arm\u00e1dy 1 ku 2<\/a>. Nacist\u00e9 dos\u00e1hli nejlep\u0161\u00edho pom\u011bru (mrtv\u00ed\/ran\u011bn\u00ed) v bitv\u011b o Kyjev 1941, kter\u00e1 skon\u010dila pom\u011brem<a href=\"https:\/\/en.wikipedia.org\/wiki\/Battle_of_Kiev_(1941)\">\u00a01 ku 3.6<\/a>\u00a0(mrtv\u00ed\/ran\u011bn\u00ed, bez zajatc\u016f,) ve prosp\u011bch N\u011bmecka. V tomto p\u0159\u00edpad\u011b v\u0161ak m\u011blo N\u011bmecko vzdu\u0161nou, palebnou i materi\u00e1ln\u00ed p\u0159evahu, kde\u017eto dnes m\u00e1 Ukrajina p\u0159evahu pouze v \u0161\u00ed\u0159en\u00ed dezinformac\u00ed.<a href=\"https:\/\/cs.wikipedia.org\/wiki\/V%C3%A1lka_ve_Vietnamu\">\u00a0Ve v\u00e1lce o Vietnam<\/a>\u00a0byl celkov\u00fd po\u010det vojensk\u00fdch ztr\u00e1t (mrtv\u00ed\/ran\u011bn\u00ed) Koalice USA\/Ji\u017en\u00ed Vietnam\/Ji\u017en\u00ed Korea\/Austr\u00e1lie proti Severn\u00ed Vietnam a partyz\u00e1ni = 1.7 ku 1.8! Koalice veden\u00e1 USA p\u0159itom m\u011bla drtivou palebnou i leteckou p\u0159evahu!<\/p>\n<p><img decoding=\"async\" loading=\"lazy\" class=\"wp-image-47634 alignleft\" src=\"http:\/\/www.infokuryr.cz\/n\/wp-content\/uploads\/2024\/02\/Pozvanka_Praha-_23.3.24-300x229.jpg\" alt=\"\" width=\"552\" height=\"421\" srcset=\"https:\/\/www.infokuryr.cz\/n\/wp-content\/uploads\/2024\/02\/Pozvanka_Praha-_23.3.24-300x229.jpg 300w, https:\/\/www.infokuryr.cz\/n\/wp-content\/uploads\/2024\/02\/Pozvanka_Praha-_23.3.24.jpg 595w\" sizes=\"(max-width: 552px) 100vw, 552px\" \/><\/p>\n<p><a href=\"https:\/\/www.aljazeera.com\/news\/2024\/2\/7\/ukraine-aims-to-bolster-troops-with-new-law\">Tajn\u00e9 slu\u017eby USA \u201crealisticky\u201d odhadovaly v srpnu 2023 ukrajinsk\u00e9 ztr\u00e1ty na 70 000 padl\u00fdch a 120 000 ran\u011bn\u00fdch<\/a>! T\u00fddenn\u00ed po\u010dty ofici\u00e1ln\u011b padl\u00fdch Ukrajinc\u016f z Poltavy\u00a0<a href=\"https:\/\/poltava.to\/tag\/1284\/?p=54\">p\u0159itom trvale rostou<\/a>\u00a0\u2013 prvn\u00ed p\u016flrok v\u00e1lky = m\u00e9n\u011b ne\u017e 10 padl\u00fdch, \u2013 druh\u00fd p\u016flrok = okolo 15, t\u0159et\u00ed p\u016flrok = okolo 20, \u010dtvrt\u00fd p\u016flrok = okolo 25, po ukon\u010den\u00ed boj\u016f v Avdijivce sn\u00ed\u017eeno na 20. Podle rusk\u00fdch vide\u00ed je ov\u0161em v Avdijivce \u201cvelk\u00e9 mno\u017estv\u00ed nepoh\u0159ben\u00fdch t\u011bl ukrajinsk\u00fdch voj\u00e1k\u016f\u201d, a\u00a0<a href=\"https:\/\/t.me\/swodki\/353122\">z\u00e1rove\u0148 podle t\u011bchto vide\u00ed<\/a>, kter\u00fdch jsem vid\u011bl stovky, typick\u00e1 smrt ukrajinsk\u00e9ho voj\u00e1ka vypad\u00e1 tak, \u017ee do zemljanky p\u0159ilet\u00ed dron a vybuchne. Jak vypadaj\u00ed t\u011bla t\u011bchto voj\u00e1k\u016f si rad\u011bji ani nep\u0159edstavuji. Tyto zemljanky v\u0161ak Rusov\u00e9 po dobyt\u00ed \u00fazem\u00ed zahrnuj\u00ed, anebo nech\u00e1vaj\u00ed na pospas p\u0159\u00edrod\u011b. Ukrajinci z nich tak\u00e9 na p\u0159edn\u00ed linii roztrhan\u00e1 t\u011bla neevakuuj\u00ed, co\u017e je vzhledem k dal\u0161\u00edm ztr\u00e1t\u00e1m, kter\u00e9 by to vyvolalo logick\u00e9.<\/p>\n<h3><span style=\"font-size: 18pt;\">Pro posouzen\u00ed skute\u010dn\u00e9 velikosti ztr\u00e1t ukrajinsk\u00e9 i rusk\u00e9 arm\u00e1dy jsou v\u0161ak nejd\u016fle\u017eit\u011bj\u0161\u00ed mobiliza\u010dn\u00ed data, a ta jsou drtiv\u00e1!<\/span><\/h3>\n<ul>\n<li>Ukrajinsk\u00e1 arm\u00e1da se v okam\u017eiku zah\u00e1jen\u00ed Putinovy speci\u00e1ln\u00ed operace skl\u00e1dala z 261 000 voj\u00e1k\u016f!<\/li>\n<li>8. \u010dervence 2022 po n\u00e1stupu dobrovoln\u00edk\u016f a prvn\u00ed vln\u011b mobilizace dos\u00e1hla ukrajinsk\u00e1 arm\u00e1da s\u00edly 1 milion voj\u00e1k\u016f!\u00a0<a href=\"https:\/\/forbes.ua\/news\/ponad-1-mln-lyudey-u-formi-zabezpechuyut-oboronu-ukraini-reznikov-08072022-7072\">Bylo mobilizov\u00e1no 700 000 branc\u016f, a 250 tis\u00edc p\u0159\u00edslu\u0161n\u00edk\u016f n\u00e1rodn\u00ed gardy, policist\u016f a pohrani\u010dn\u00edk\u016f!<\/a><\/li>\n<li>Podle sub-organizace CIA na podr\u00fdv\u00e1n\u00ed Ruska<a href=\"https:\/\/jamestown.org\/program\/ukraines-personnel-needs-reaching-a-critical-threshold\/\">\u00a0byl od 8. \u010dervence 2022 do 26. \u010dervence 2023 mobilizov\u00e1n dal\u0161\u00edch 1 milion<\/a>\u00a0mu\u017e\u016f, a<a href=\"https:\/\/mva.gov.ua\/ua\/news\/ce-kategoriya-potuzhnih-lyudej-ministr-u-spravah-veteraniv-rozpovila-pro-dopomogu-veteranam-i-yihnim-rodinam\">\u00a0podle \u0161\u00e9fky \u00fa\u0159adu pro ukrajinsk\u00e9 v\u00e1le\u010dn\u00e9 veter\u00e1ny se tou dobou po\u010d\u00edtalo<\/a>, \u017ee na Ukrajin\u011b bude po v\u00e1lce 4 a\u017e 5 milion\u016f veter\u00e1n\u016f z v\u00e1lky proti Rusku.<\/li>\n<li>Souhrnem t\u011bchto \u00fadaj\u016f bylo do l\u00e9ta 2023 do arm\u00e1dy celkem povol\u00e1no 2 260 000 voj\u00e1k\u016f, v\u010detn\u011b t\u011bch, kte\u0159\u00ed v n\u00ed p\u0159ed v\u00e1lkou slou\u017eili. Od l\u00e9ta 2023 se mobilizace na Ukrajin\u011b sice zadrhla pro rostouc\u00ed odpor k vojensk\u00e9 slu\u017eb\u011b, ale prob\u00edhala. \u00dadaje ukazuj\u00ed, \u017ee se da\u0159ilo pochytat pouze 40% pl\u00e1novan\u00e9ho po\u010dtu prost\u00fdch du\u0161\u00ed\u00a0 \u2013 tedy asi 40 000 m\u011bs\u00ed\u010dn\u011b. Proto\u017ee gener\u00e1l Zalu\u017enyj po\u017eadoval p\u0159ed sv\u00fdm odvol\u00e1n\u00edm pochytat v roce 2024 dal\u0161\u00ed p\u016fl milion du\u0161\u00ed, to \u010d\u00edslo si nejsp\u00ed\u0161 nevymyslel, ale vych\u00e1zelo z reality mobilizace ve druh\u00e9 polovin\u011b roku 2023. Od l\u00e9ta 2023 tak mohlo b\u00fdt do te\u010f pochyt\u00e1no okolo dal\u0161\u00edch 320 tis\u00edc du\u0161\u00ed.<\/li>\n<li>2 580 000 Ukrajinc\u016f tak bylo celkem podle \u00fadaj\u016f CIA a ukrajinsk\u00e9 vojensk\u00e9 zpr\u00e1vy od 22. \u00fanora 2022 do 26. \u00fanora 2024 navle\u010deno do\u00a0 vojensk\u00e9 uniformy!!!!<\/li>\n<li>Kam ov\u0161em v\u011bt\u0161ina zmizela, kdy\u017e podle p\u0159izn\u00e1n\u00ed Volodymyra Zelensk\u00e9ho m\u00e1 nyn\u00ed ukrajinsk\u00e1 arm\u00e1da jen 880 tis\u00edc bojovn\u00edk\u016f !?!?!?<\/li>\n<\/ul>\n<h4><span style=\"font-size: 18pt;\">Kam zmizelo 1 699 000 Ukrajinc\u016f, kte\u0159\u00ed byli mobilizov\u00e1ni (2 580 000), kte\u0159\u00ed u\u017e neslou\u017e\u00ed v arm\u00e1d\u011b (880 000), a kte\u0159\u00ed ani nepadli smrt\u00ed chrabr\u00fdch, jak p\u0159iznal v\u010dera kyjevsk\u00fd vl\u00e1dce\u00a0 Volodymyr Z (31 000). Asi se vypa\u0159ilo?!<\/span><\/h4>\n<ul>\n<li>Podle\u00a0<a href=\"https:\/\/rusi.org\/explore-our-research\/publications\/commentary\/weathering-storm-western-security-assistance-defensive-ukraine\">anal\u00fdzy hlavn\u00edho vojensko-strategick\u00e9ho v\u011bdeck\u00e9ho trustu Velk\u00e9 Brit\u00e1nie RUSI zve\u0159ejn\u011bn\u00e9ho 23. \u00fanora 2024<\/a>\u00a0p\u0159i\u0161la Ukrajina od roku 2022 celkem a\u017e o 70% sv\u00e9ho person\u00e1lu s bojov\u00fdmi zku\u0161enostmi.\u00a0 1 699 000 beze stopy ztracen\u00fdch Ukrajinc\u016f p\u0159edstavuje 65.85% v\u0161ech Ukrajinc\u016f, kte\u0159\u00ed od roku 2022 slou\u017eili v arm\u00e1d\u011b. Ta \u010d\u00edsla se n\u00e1padn\u011b podobaj\u00ed, a\u010d maj\u00ed r\u016fzn\u00e9 z\u00e1padn\u00ed a ukrajinsk\u00e9 zdroje. (Pokra\u010dov\u00e1n\u00ed \u2013 rusk\u00e9 ztr\u00e1ty z\u00edtra.)<\/li>\n<\/ul>\n<p><img decoding=\"async\" loading=\"lazy\" class=\"wp-image-9392 aligncenter\" src=\"https:\/\/www.michalapetr.com\/wp-content\/uploads\/2024\/02\/photo_2024-02-26_03-11-08.jpg\" sizes=\"(max-width: 1656px) 100vw, 1656px\" srcset=\"https:\/\/www.michalapetr.com\/wp-content\/uploads\/2024\/02\/photo_2024-02-26_03-11-08.jpg 1656w, https:\/\/www.michalapetr.com\/wp-content\/uploads\/2024\/02\/photo_2024-02-26_03-11-08-300x169.jpg 300w, https:\/\/www.michalapetr.com\/wp-content\/uploads\/2024\/02\/photo_2024-02-26_03-11-08-1030x579.jpg 1030w, https:\/\/www.michalapetr.com\/wp-content\/uploads\/2024\/02\/photo_2024-02-26_03-11-08-768x432.jpg 768w, https:\/\/www.michalapetr.com\/wp-content\/uploads\/2024\/02\/photo_2024-02-26_03-11-08-1536x864.jpg 1536w, https:\/\/www.michalapetr.com\/wp-content\/uploads\/2024\/02\/photo_2024-02-26_03-11-08-1500x843.jpg 1500w, https:\/\/www.michalapetr.com\/wp-content\/uploads\/2024\/02\/photo_2024-02-26_03-11-08-705x396.jpg 705w, https:\/\/www.michalapetr.com\/wp-content\/uploads\/2024\/02\/photo_2024-02-26_03-11-08-450x253.jpg 450w\" alt=\"\" width=\"1119\" height=\"629\" \/><\/p>\n<p><a href=\"https:\/\/t.me\/rybar\/57554\">Velmi zaj\u00edmavou zpr\u00e1vu v\u010dera p\u0159inesly rusk\u00e9 telegramov\u00e9 kan\u00e1ly<\/a>. Podle n\u00ed Putinovy rakety v noci na ned\u011bli zlikvidovaly jedinou tov\u00e1rnu na Ukrajin\u011b, kter\u00e1 vyr\u00e1b\u00ed um\u011bl\u00e1 kolagenov\u00e1 st\u0159\u00edvka nutn\u00e1 pro modern\u00ed v\u00fdrobu p\u00e1rk\u016f, sal\u00e1m\u016f a dal\u0161\u00edch uzenin \u2013\u00a0<a href=\"https:\/\/belkozin.ua\/blog\/\">\u0411\u0435\u043b\u043a\u043e\u0437\u0438\u043d<\/a>\u00a0\u2013 ve m\u011bst\u011b\u00a0<a href=\"https:\/\/cs.wikipedia.org\/wiki\/Pryluky\">Pryluky<\/a>. Putin t\u00edmto \u00faderem dok\u00e1zal, \u017ee m\u00e1 c\u00edle sv\u00fdch \u00fader\u016f dokonale promy\u0161len\u00e9 a raket m\u00e1 dostatek i na likvidaci m\u00e9n\u011b v\u00fdznamn\u00fdch, ale pro z\u00e1sobovan\u00ed Ukrajiny kriticky d\u016fle\u017eit\u00fdch tov\u00e1ren.<\/p>\n<div id=\"attachment_9393\" class=\"wp-caption aligncenter\" style=\"width: 792px;\"><img decoding=\"async\" loading=\"lazy\" class=\" wp-image-9393\" src=\"https:\/\/www.michalapetr.com\/wp-content\/uploads\/2024\/02\/ria_5616011hr_184.jpg\" sizes=\"(max-width: 800px) 100vw, 800px\" srcset=\"https:\/\/www.michalapetr.com\/wp-content\/uploads\/2024\/02\/ria_5616011hr_184.jpg 800w, https:\/\/www.michalapetr.com\/wp-content\/uploads\/2024\/02\/ria_5616011hr_184-300x200.jpg 300w, https:\/\/www.michalapetr.com\/wp-content\/uploads\/2024\/02\/ria_5616011hr_184-768x512.jpg 768w, https:\/\/www.michalapetr.com\/wp-content\/uploads\/2024\/02\/ria_5616011hr_184-705x470.jpg 705w, https:\/\/www.michalapetr.com\/wp-content\/uploads\/2024\/02\/ria_5616011hr_184-450x300.jpg 450w\" alt=\"\" width=\"792\" height=\"528\" aria-describedby=\"caption-attachment-9393\" \/><\/p>\n<p id=\"caption-attachment-9393\" class=\"wp-caption-text\">Torn\u00e1do C \u2013 nejnov\u011bj\u0161\u00ed rusk\u00fd MLRS!<\/p>\n<\/div>\n<p>\u010ceskoslovensk\u00e9 raketomety RM-70 Vampir, kter\u00e9 Zelenskyj pou\u017e\u00edval k terorizov\u00e1n\u00ed obyvatel B\u011blgorodu a Don\u011bcka, v\u010dera skon\u010dily neslavn\u011b. Na front\u011b se objevily prvn\u00ed nov\u00e9 rusk\u00e9 stroje Torn\u00e1do C, (dost\u0159el 200km), kter\u00e9 jsou v\u00fdkonn\u011bj\u0161\u00ed ne\u017e US MLRS HIMARS, (dost\u0159el 80km). A\u00a0<a href=\"https:\/\/t.me\/swodki\/353040?single\">jak ukazuje toto video<\/a>\u00a0\u010de\u0161t\u00ed Vampirov\u00e9 s dost\u0159elem max 40km nedostaly \u017e\u00e1dnou \u0161anci p\u0159e\u017e\u00edt a byli zlikvidov\u00e1ni.<\/p>\n<div id=\"attachment_9394\" class=\"wp-caption aligncenter\" style=\"width: 794px;\"><img decoding=\"async\" loading=\"lazy\" class=\" wp-image-9394\" src=\"https:\/\/www.michalapetr.com\/wp-content\/uploads\/2024\/02\/2S7_Pion_self-propelled_gun_in_Polish_service.jpg\" sizes=\"(max-width: 694px) 100vw, 694px\" srcset=\"https:\/\/www.michalapetr.com\/wp-content\/uploads\/2024\/02\/2S7_Pion_self-propelled_gun_in_Polish_service.jpg 694w, https:\/\/www.michalapetr.com\/wp-content\/uploads\/2024\/02\/2S7_Pion_self-propelled_gun_in_Polish_service-300x205.jpg 300w, https:\/\/www.michalapetr.com\/wp-content\/uploads\/2024\/02\/2S7_Pion_self-propelled_gun_in_Polish_service-450x308.jpg 450w\" alt=\"\" width=\"794\" height=\"544\" aria-describedby=\"caption-attachment-9394\" \/><\/p>\n<p id=\"caption-attachment-9394\" class=\"wp-caption-text\">2S7 Malka r\u00e1\u017ee 203mm dost\u0159el 50km.<\/p>\n<\/div>\n<p>Dal\u0161\u00ed m\u011bsto, kter\u00e9 nyn\u00ed Rusov\u00e9 nyn\u00ed hodlaj\u00ed obsadit je Uhledar \u2013 s\u00eddli\u0161t\u011b panelov\u00fdch dom\u016f na mal\u00e9m kopci, kter\u00e9 Ukrajinci prom\u011bnili v ob\u0159\u00ed pevnost. V\u010dera za\u010daly Uhledar ost\u0159elovat rusk\u00e1 t\u011b\u017ek\u00e1 d\u011bla 203 mm \u201cMalka\u201d. P\u0159esun t\u011b\u017ek\u00fdch d\u011bl z Avdijivky k Uhledaru d\u00e1v\u00e1 tu\u0161it, kam bude nov\u00fd rusk\u00fd \u00fatok m\u00ed\u0159it. Jak vypadaj\u00ed dopadaj\u00ed panel\u00e1ky po z\u00e1sahu Malkou,<a href=\"https:\/\/t.me\/swodki\/353021\">\u00a0uvid\u00edte na tomto videu<\/a>. Jak se rozv\u00edj\u00ed bitva o\u00a0<a href=\"https:\/\/cs.wikipedia.org\/wiki\/Vuhledar\">Vuhledar<\/a>\u00a0vid\u00edte na v\u010derej\u0161\u00ed rusk\u00e9 map\u011b dole.<\/p>\n<div id=\"attachment_9395\" class=\"wp-caption aligncenter\" style=\"width: 1106px;\"><img decoding=\"async\" loading=\"lazy\" class=\" wp-image-9395\" src=\"https:\/\/www.michalapetr.com\/wp-content\/uploads\/2024\/02\/photo_2024-02-25_21-24-51.jpg\" sizes=\"(max-width: 1280px) 100vw, 1280px\" srcset=\"https:\/\/www.michalapetr.com\/wp-content\/uploads\/2024\/02\/photo_2024-02-25_21-24-51.jpg 1280w, https:\/\/www.michalapetr.com\/wp-content\/uploads\/2024\/02\/photo_2024-02-25_21-24-51-300x169.jpg 300w, https:\/\/www.michalapetr.com\/wp-content\/uploads\/2024\/02\/photo_2024-02-25_21-24-51-1030x579.jpg 1030w, https:\/\/www.michalapetr.com\/wp-content\/uploads\/2024\/02\/photo_2024-02-25_21-24-51-768x432.jpg 768w, https:\/\/www.michalapetr.com\/wp-content\/uploads\/2024\/02\/photo_2024-02-25_21-24-51-705x397.jpg 705w, https:\/\/www.michalapetr.com\/wp-content\/uploads\/2024\/02\/photo_2024-02-25_21-24-51-450x253.jpg 450w\" alt=\"\" width=\"1106\" height=\"622\" aria-describedby=\"caption-attachment-9395\" \/><\/p>\n<p id=\"caption-attachment-9395\" class=\"wp-caption-text\">Rusov\u00e9 zah\u00e1jili dob\u00fdv\u00e1n\u00ed m\u011bsta\u00a0<a href=\"https:\/\/cs.wikipedia.org\/wiki\/Vuhledar\">Vuhledar<\/a>.<\/p>\n<\/div>\n<p><a href=\"https:\/\/www.michalapetr.com\/map-1921-analyza-dalsiho-vyvoje-valky-na-ukrajine-cast-ii-za-dva-roky-valky-se-1-699-000-ukrajinskych-vojaku-na-bojisti-zahadne-vyparilo\/\">Michael Svato\u0161<\/a><\/p>\n<p><img decoding=\"async\" loading=\"lazy\" class=\"alignnone size-full wp-image-27204\" src=\"http:\/\/www.infokuryr.cz\/n\/wp-content\/uploads\/2023\/05\/Michael_Svatos.png\" alt=\"\" width=\"180\" height=\"180\" srcset=\"https:\/\/www.infokuryr.cz\/n\/wp-content\/uploads\/2023\/05\/Michael_Svatos.png 180w, https:\/\/www.infokuryr.cz\/n\/wp-content\/uploads\/2023\/05\/Michael_Svatos-150x150.png 150w\" sizes=\"(max-width: 180px) 100vw, 180px\" \/><\/p>\n<p>&nbsp;<\/p>\n","protected":false},"excerpt":{"rendered":"<p>Anal\u00fdza dal\u0161\u00edho v\u00fdvoje v\u00e1lky na Ukrajin\u011b \u2013 \u010c\u00e1st II \u2013 Za dva roky v\u00e1lky se&#8230;<\/p>\n","protected":false},"author":2,"featured_media":12145,"comment_status":"closed","ping_status":"closed","sticky":false,"template":"","format":"standard","meta":[],"categories":[6],"tags":[1042,26,40],"_links":{"self":[{"href":"https:\/\/www.infokuryr.cz\/n\/wp-json\/wp\/v2\/posts\/47960"}],"collection":[{"href":"https:\/\/www.infokuryr.cz\/n\/wp-json\/wp\/v2\/posts"}],"about":[{"href":"https:\/\/www.infokuryr.cz\/n\/wp-json\/wp\/v2\/types\/post"}],"author":[{"embeddable":true,"href":"https:\/\/www.infokuryr.cz\/n\/wp-json\/wp\/v2\/users\/2"}],"replies":[{"embeddable":true,"href":"https:\/\/www.infokuryr.cz\/n\/wp-json\/wp\/v2\/comments?post=47960"}],"version-history":[{"count":0,"href":"https:\/\/www.infokuryr.cz\/n\/wp-json\/wp\/v2\/posts\/47960\/revisions"}],"wp:featuredmedia":[{"embeddable":true,"href":"https:\/\/www.infokuryr.cz\/n\/wp-json\/wp\/v2\/media\/12145"}],"wp:attachment":[{"href":"https:\/\/www.infokuryr.cz\/n\/wp-json\/wp\/v2\/media?parent=47960"}],"wp:term":[{"taxonomy":"category","embeddable":true,"href":"https:\/\/www.infokuryr.cz\/n\/wp-json\/wp\/v2\/categories?post=47960"},{"taxonomy":"post_tag","embeddable":true,"href":"https:\/\/www.infokuryr.cz\/n\/wp-json\/wp\/v2\/tags?post=47960"}],"curies":[{"name":"wp","href":"https:\/\/api.w.org\/{rel}","templated":true}]}}