{"id":47955,"date":"2024-02-26T00:30:21","date_gmt":"2024-02-25T23:30:21","guid":{"rendered":"https:\/\/www.infokuryr.cz\/n\/?p=47955"},"modified":"2024-02-25T18:56:02","modified_gmt":"2024-02-25T17:56:02","slug":"vetsina-nemcu-veri-ze-se-ukrajinsti-uprchlici-nedokazali-integrovat","status":"publish","type":"post","link":"https:\/\/www.infokuryr.cz\/n\/2024\/02\/26\/vetsina-nemcu-veri-ze-se-ukrajinsti-uprchlici-nedokazali-integrovat\/","title":{"rendered":"V\u011bt\u0161ina N\u011bmc\u016f v\u011b\u0159\u00ed, \u017ee se ukrajin\u0161t\u00ed uprchl\u00edci nedok\u00e1zali integrovat"},"content":{"rendered":"<div id=\"fb-root\"><\/div>\n<p><span style=\"font-size: 18pt;\"><strong>T\u00e9m\u011b\u0159 polovina dot\u00e1zan\u00fdch tak\u00e9 uvedla, \u017ee od vl\u00e1dy dost\u00e1v\u00e1 \u201ep\u0159\u00edli\u0161 velkou podporu\u201c<\/strong><\/span><\/p>\n<p><span>V\u011bt\u0161ina N\u011bmc\u016f je podle nov\u00e9ho pr\u016fzkumu nespokojena s berl\u00ednskou politikou ohledn\u011b Ukrajiny.\u00a0Mnoz\u00ed v\u011b\u0159\u00ed, \u017ee vl\u00e1da d\u011bl\u00e1 p\u0159\u00edli\u0161 mnoho pro Ukrajince, kte\u0159\u00ed dorazili do N\u011bmecka po za\u010d\u00e1tku konfliktu mezi Moskvou a Kyjevem, a p\u0159itom ned\u011blala dost pro to, aby pomohla ukon\u010dit boje, ukazuje pr\u016fzkum ve\u0159ejn\u00e9ho m\u00edn\u011bn\u00ed INSA pro bulv\u00e1rn\u00ed den\u00edk Bild.<\/span><\/p>\n<p><span>T\u00e9m\u011b\u0159 50 % respondent\u016f uvedlo, \u017ee ukrajin\u0161t\u00ed uprchl\u00edci dost\u00e1vaj\u00ed \u201ep\u0159\u00edli\u0161 velkou podporu\u201c, p\u0159i\u010dem\u017e 35 % ozna\u010dilo sou\u010dasnou \u00farove\u0148 pomoci za p\u0159im\u011b\u0159enou a pouze 5 % ji ozna\u010dilo za nedostate\u010dnou.\u00a0V\u00edce ne\u017e polovina dot\u00e1zan\u00fdch se rovn\u011b\u017e domn\u00edv\u00e1, \u017ee snahy o integraci Ukrajinc\u016f do n\u011bmeck\u00e9 spole\u010dnosti selhaly a necel\u00fdch 30 % tvrd\u00ed, \u017ee snahy byly pon\u011bkud \u00fasp\u011b\u0161n\u00e9.<\/span><\/p>\n<p><span>Po\u010det Ukrajinc\u016f \u017eij\u00edc\u00edch v N\u011bmecku vzrostl ze 138 000 v lednu 2022 na 1,15 milionu, uvedl Bild s odvol\u00e1n\u00edm na Spolkov\u00fd statistick\u00fd \u00fa\u0159ad.\u00a0Ukrajinci nyn\u00ed tvo\u0159\u00ed 1,4 % populace, dodal.<\/span><\/p>\n<p><span>Loni v l\u00e9t\u011b bulv\u00e1rn\u00ed den\u00edk tak\u00e9 uvedl, \u017ee Ukrajinci se stali nejv\u011bt\u0161\u00ed zahrani\u010dn\u00ed skupinou p\u0159\u00edjemc\u016f soci\u00e1ln\u00edch d\u00e1vek v zemi a tvo\u0159\u00ed 30 % v\u0161ech cizinc\u016f, kte\u0159\u00ed dost\u00e1vaj\u00ed soci\u00e1ln\u00ed d\u00e1vky v N\u011bmecku.\u00a0Berl\u00edn zm\u00edrnil p\u0159edpisy pro Ukrajince ve srovn\u00e1n\u00ed s \u017eadateli o azyl z jin\u00fdch zem\u00ed.\u00a0Lid\u00e9 z Ukrajiny nemusej\u00ed \u017e\u00e1dat o azyl a maj\u00ed automaticky n\u00e1rok na pravideln\u00e9 soci\u00e1ln\u00ed d\u00e1vky, uvedl tehdy Bild.<\/span><\/p>\n<p><span>Pr\u016fzkum proveden\u00fd loni v l\u00e9t\u011b n\u011bkolika n\u011bmeck\u00fdmi v\u00fdzkumn\u00fdmi institucemi a feder\u00e1ln\u00ed agenturou pro migraci uk\u00e1zal, \u017ee pouze 18 % ukrajinsk\u00fdch uprchl\u00edk\u016f v N\u011bmecku do t\u00e9 doby na\u0161lo pr\u00e1ci \u2013 a\u010dkoli 44 % z nich uvedlo, \u017ee by v zemi cht\u011bli z\u016fstat.<\/span><\/p>\n<p><span>Pr\u016fzkum agentury INSA z tohoto t\u00fddne tak\u00e9 ukazuje, \u017ee N\u011bmci se ob\u00e1vaj\u00ed, \u017ee by se prob\u00edhaj\u00edc\u00ed konflikt mohl p\u0159en\u00e9st na \u00fazem\u00ed NATO a st\u00e1t se velkou v\u00e1lkou mezi Ruskem a blokem veden\u00fdm USA.\u00a0P\u0159ibli\u017en\u011b 61 % respondent\u016f uvedlo, \u017ee se t\u00e9to mo\u017enosti ob\u00e1v\u00e1.<\/span><\/p>\n<p><span>T\u00e9m\u011b\u0159 polovina N\u011bmc\u016f tak\u00e9 uvedla, \u017ee Berl\u00edn by nem\u011bl do Kyjeva pos\u00edlat rakety dlouh\u00e9ho doletu Taurus.\u00a0Kancl\u00e9\u0159 Olaf Scholz se k tomu navzdory \u017e\u00e1dostem Ukrajiny zat\u00edm zdr\u00e1h\u00e1.<\/span><\/p>\n<p><span>Pr\u016fzkumu se z\u00fa\u010dastnilo 1003 lid\u00ed po cel\u00e9 zemi a prob\u00edhal od 22. do 23. \u00fanora.<\/span><\/p>\n<p><img decoding=\"async\" loading=\"lazy\" class=\"alignnone size-full wp-image-1185\" src=\"http:\/\/www.infokuryr.cz\/n\/wp-content\/uploads\/2021\/04\/kuryr-podpis.png\" alt=\"\" width=\"84\" height=\"24\" \/><\/p>\n<p>&nbsp;<\/p>\n","protected":false},"excerpt":{"rendered":"<p>T\u00e9m\u011b\u0159 polovina dot\u00e1zan\u00fdch tak\u00e9 uvedla, \u017ee od vl\u00e1dy dost\u00e1v\u00e1 \u201ep\u0159\u00edli\u0161 velkou podporu\u201c V\u011bt\u0161ina N\u011bmc\u016f je&#8230;<\/p>\n","protected":false},"author":2,"featured_media":21377,"comment_status":"closed","ping_status":"closed","sticky":false,"template":"","format":"standard","meta":[],"categories":[7],"tags":[429,620,1635],"_links":{"self":[{"href":"https:\/\/www.infokuryr.cz\/n\/wp-json\/wp\/v2\/posts\/47955"}],"collection":[{"href":"https:\/\/www.infokuryr.cz\/n\/wp-json\/wp\/v2\/posts"}],"about":[{"href":"https:\/\/www.infokuryr.cz\/n\/wp-json\/wp\/v2\/types\/post"}],"author":[{"embeddable":true,"href":"https:\/\/www.infokuryr.cz\/n\/wp-json\/wp\/v2\/users\/2"}],"replies":[{"embeddable":true,"href":"https:\/\/www.infokuryr.cz\/n\/wp-json\/wp\/v2\/comments?post=47955"}],"version-history":[{"count":0,"href":"https:\/\/www.infokuryr.cz\/n\/wp-json\/wp\/v2\/posts\/47955\/revisions"}],"wp:featuredmedia":[{"embeddable":true,"href":"https:\/\/www.infokuryr.cz\/n\/wp-json\/wp\/v2\/media\/21377"}],"wp:attachment":[{"href":"https:\/\/www.infokuryr.cz\/n\/wp-json\/wp\/v2\/media?parent=47955"}],"wp:term":[{"taxonomy":"category","embeddable":true,"href":"https:\/\/www.infokuryr.cz\/n\/wp-json\/wp\/v2\/categories?post=47955"},{"taxonomy":"post_tag","embeddable":true,"href":"https:\/\/www.infokuryr.cz\/n\/wp-json\/wp\/v2\/tags?post=47955"}],"curies":[{"name":"wp","href":"https:\/\/api.w.org\/{rel}","templated":true}]}}