{"id":47937,"date":"2024-02-26T00:48:28","date_gmt":"2024-02-25T23:48:28","guid":{"rendered":"https:\/\/www.infokuryr.cz\/n\/?p=47937"},"modified":"2024-02-25T17:45:04","modified_gmt":"2024-02-25T16:45:04","slug":"v-lotyssku-propukl-skandal-po-vydani-komiksu-s-vojaky-ukrajinskych-ozbrojenych-sil-v-podobe-prasat","status":"publish","type":"post","link":"https:\/\/www.infokuryr.cz\/n\/2024\/02\/26\/v-lotyssku-propukl-skandal-po-vydani-komiksu-s-vojaky-ukrajinskych-ozbrojenych-sil-v-podobe-prasat\/","title":{"rendered":"V Loty\u0161sku propukl skand\u00e1l po vyd\u00e1n\u00ed komiksu s voj\u00e1ky ukrajinsk\u00fdch ozbrojen\u00fdch sil v podob\u011b prasat"},"content":{"rendered":"<div id=\"fb-root\"><\/div>\n<p class=\"lead\"><strong>V Loty\u0161sku propukl skand\u00e1l pot\u00e9, co st\u00e1tem financovan\u00fd port\u00e1l LSM vydal komiks s voj\u00e1ky ukrajinsk\u00fdch ozbrojen\u00fdch sil vyobrazen\u00fdmi jako prasata, uv\u00e1d\u00ed Delfi.<\/strong><\/p>\n<p><span>Komiks vydan\u00fd k druh\u00e9mu v\u00fdro\u010d\u00ed zah\u00e1jen\u00ed speci\u00e1ln\u00ed operace na Ukrajin\u011b podle \u010dl\u00e1nku zobrazuje prasata ve vojensk\u00fdch uniform\u00e1ch p\u0159edstavuj\u00edc\u00ed ukrajinsk\u00e9 voj\u00e1ky; publikace se stala objektem \u201eroz\u0161\u00ed\u0159en\u00e9 kritiky ze strany u\u017eivatel\u016f internetu\u201c.<\/span><\/p>\n<p><img decoding=\"async\" loading=\"lazy\" class=\"aligncenter\" src=\"https:\/\/cdnn21.img.ria.ru\/images\/07e8\/02\/19\/1929328665_0:0:446:564_600x0_80_0_0_329b1cf525c63aecad0ae91ebe57288a.jpg.webp\" alt=\"\" width=\"573\" height=\"724\" \/><\/p>\n<p><span>P\u016fvodn\u011b redakto\u0159i LSM v reakci na rozho\u0159\u010den\u00ed u\u017eivatel\u016f uvedli, \u017ee v tomto komiksu mohou b\u00fdt prasaty stavebn\u00ed d\u011bln\u00edci, cestuj\u00edc\u00ed ve vlaku nebo \u00fa\u010dastn\u00edci sportovn\u00edch her.\u00a0&#8222;Pig Comics&#8220; &#8211; t\u00fddenn\u00ed komiks LSM o aktu\u00e1ln\u00edm d\u011bn\u00ed v Loty\u0161sku a ve sv\u011bt\u011b.<\/span><\/p>\n<p><span>Pozd\u011bji zve\u0159ejnila vysv\u011btlen\u00ed \u0161\u00e9fredaktorka port\u00e1lu\u00a0<\/span><strong><span>Martha Tseravasov\u00e1<\/span><\/strong><span>\u00a0, kter\u00e1 p\u0159ipustila, \u017ee konkr\u00e9tn\u00ed vyd\u00e1n\u00ed \u201ePrase\u010d\u00edch komiks\u016f\u201c o konfliktu na Ukrajin\u011b bylo \u201eve \u0161patnou dobu na nespr\u00e1vn\u00e9m m\u00edst\u011b\u201c.\u00a0U\u017eivatel\u016fm se omluvila a samotn\u00fd probl\u00e9m byl z port\u00e1lu odstran\u011bn.<\/span><\/p>\n<p><span>Um\u011blec vytv\u00e1\u0159ej\u00edc\u00ed zm\u00edn\u011bn\u00fd komiks z\u00e1rove\u0148 komentoval incident na soci\u00e1ln\u00edch s\u00edt\u00edch slovy, \u017ee \u201ePig Comics v\u017edy podporuje Ukrajinu\u201c.<\/span><\/p>\n<p><span>Loty\u0161sk\u00e1 Rada pro ve\u0159ejn\u00e1 elektronick\u00e1 m\u00e9dia (SEPLP) z\u00e1rove\u0148 vyzvala ombudsmanku pro ve\u0159ejn\u00e1 m\u00e9dia\u00a0<\/span><strong><span>Andu Rozukalne,<\/span><\/strong><span>\u00a0aby vyhodnotila zve\u0159ejn\u011bn\u00ed LSM.<\/span><\/p>\n<p><img decoding=\"async\" loading=\"lazy\" class=\"alignnone size-full wp-image-1185\" src=\"http:\/\/www.infokuryr.cz\/n\/wp-content\/uploads\/2021\/04\/kuryr-podpis.png\" alt=\"\" width=\"84\" height=\"24\" \/><\/p>\n<p>&nbsp;<\/p>\n","protected":false},"excerpt":{"rendered":"<p>V Loty\u0161sku propukl skand\u00e1l pot\u00e9, co st\u00e1tem financovan\u00fd port\u00e1l LSM vydal komiks s voj\u00e1ky ukrajinsk\u00fdch&#8230;<\/p>\n","protected":false},"author":2,"featured_media":47938,"comment_status":"closed","ping_status":"closed","sticky":false,"template":"","format":"standard","meta":[],"categories":[7],"tags":[210,4155,1635,321],"_links":{"self":[{"href":"https:\/\/www.infokuryr.cz\/n\/wp-json\/wp\/v2\/posts\/47937"}],"collection":[{"href":"https:\/\/www.infokuryr.cz\/n\/wp-json\/wp\/v2\/posts"}],"about":[{"href":"https:\/\/www.infokuryr.cz\/n\/wp-json\/wp\/v2\/types\/post"}],"author":[{"embeddable":true,"href":"https:\/\/www.infokuryr.cz\/n\/wp-json\/wp\/v2\/users\/2"}],"replies":[{"embeddable":true,"href":"https:\/\/www.infokuryr.cz\/n\/wp-json\/wp\/v2\/comments?post=47937"}],"version-history":[{"count":1,"href":"https:\/\/www.infokuryr.cz\/n\/wp-json\/wp\/v2\/posts\/47937\/revisions"}],"predecessor-version":[{"id":47939,"href":"https:\/\/www.infokuryr.cz\/n\/wp-json\/wp\/v2\/posts\/47937\/revisions\/47939"}],"wp:featuredmedia":[{"embeddable":true,"href":"https:\/\/www.infokuryr.cz\/n\/wp-json\/wp\/v2\/media\/47938"}],"wp:attachment":[{"href":"https:\/\/www.infokuryr.cz\/n\/wp-json\/wp\/v2\/media?parent=47937"}],"wp:term":[{"taxonomy":"category","embeddable":true,"href":"https:\/\/www.infokuryr.cz\/n\/wp-json\/wp\/v2\/categories?post=47937"},{"taxonomy":"post_tag","embeddable":true,"href":"https:\/\/www.infokuryr.cz\/n\/wp-json\/wp\/v2\/tags?post=47937"}],"curies":[{"name":"wp","href":"https:\/\/api.w.org\/{rel}","templated":true}]}}