{"id":47933,"date":"2024-02-26T00:46:08","date_gmt":"2024-02-25T23:46:08","guid":{"rendered":"https:\/\/www.infokuryr.cz\/n\/?p=47933"},"modified":"2024-02-25T17:33:17","modified_gmt":"2024-02-25T16:33:17","slug":"160-tun-obili-z-ukrajiny-bylo-v-polsku-neznamymi-osobami-vysypano-z-vagonu","status":"publish","type":"post","link":"https:\/\/www.infokuryr.cz\/n\/2024\/02\/26\/160-tun-obili-z-ukrajiny-bylo-v-polsku-neznamymi-osobami-vysypano-z-vagonu\/","title":{"rendered":"160 tun obil\u00ed z Ukrajiny bylo v Polsku nezn\u00e1m\u00fdmi osobami vysyp\u00e1no z vag\u00f3n\u016f"},"content":{"rendered":"<div id=\"fb-root\"><\/div>\n<div class=\"news-text-body\">\n<p class=\"lead\"><strong>Ministr rozvoje obc\u00ed, \u00fazem\u00ed a infrastruktury Ukrajiny Alexander Kubrakov na soci\u00e1ln\u00edch s\u00edt\u00edch potvrdil incident s ukrajinsk\u00fdm obil\u00edm na n\u00e1dra\u017e\u00ed.\u00a0Zde nezn\u00e1m\u00ed lid\u00e9 vysypali na zem 160 tun v\u00fdrobk\u016f.<\/strong><\/p>\n<p><em>\u201e\u010ctvrt\u00fd p\u0159\u00edpad vandalismu na polsk\u00fdch n\u00e1dra\u017e\u00edch.\u00a0\u010ctvrt\u00fd p\u0159\u00edpad beztrestnosti a nezodpov\u011bdnosti.\u00a0Jak dlouho vl\u00e1da a polsk\u00e1 policie dovol\u00ed, aby tento vandalismus pokra\u010doval?<span class=\"after-quote\">\u00a0&#8211; zeptal se Kubrakov.<\/span><\/em><span>Obil\u00ed bylo podle ukrajinsk\u00e9ho \u00fa\u0159edn\u00edka v zape\u010det\u011bn\u00fdch vozech.\u00a0Produkty byly odesl\u00e1ny do p\u0159\u00edstavu Gda\u0148sk, odkud m\u011bly b\u00fdt odesl\u00e1ny do dal\u0161\u00edch zem\u00ed.\u00a0Alexander Kubrakov po\u017eadoval, aby odpov\u011bdn\u00e1 odd\u011blen\u00ed a \u00fa\u0159edn\u00edci Polska zajistili dodr\u017eov\u00e1n\u00ed z\u00e1kona.<\/span><\/p>\n<\/div>\n<p><img decoding=\"async\" loading=\"lazy\" class=\"alignnone size-full wp-image-1185\" src=\"http:\/\/www.infokuryr.cz\/n\/wp-content\/uploads\/2021\/04\/kuryr-podpis.png\" alt=\"\" width=\"84\" height=\"24\" \/><\/p>\n<p>&nbsp;<\/p>\n<p>&nbsp;<\/p>\n","protected":false},"excerpt":{"rendered":"<p>Ministr rozvoje obc\u00ed, \u00fazem\u00ed a infrastruktury Ukrajiny Alexander Kubrakov na soci\u00e1ln\u00edch s\u00edt\u00edch potvrdil incident s&#8230;<\/p>\n","protected":false},"author":2,"featured_media":47934,"comment_status":"closed","ping_status":"closed","sticky":false,"template":"","format":"standard","meta":[],"categories":[7],"tags":[2023,31,26],"_links":{"self":[{"href":"https:\/\/www.infokuryr.cz\/n\/wp-json\/wp\/v2\/posts\/47933"}],"collection":[{"href":"https:\/\/www.infokuryr.cz\/n\/wp-json\/wp\/v2\/posts"}],"about":[{"href":"https:\/\/www.infokuryr.cz\/n\/wp-json\/wp\/v2\/types\/post"}],"author":[{"embeddable":true,"href":"https:\/\/www.infokuryr.cz\/n\/wp-json\/wp\/v2\/users\/2"}],"replies":[{"embeddable":true,"href":"https:\/\/www.infokuryr.cz\/n\/wp-json\/wp\/v2\/comments?post=47933"}],"version-history":[{"count":0,"href":"https:\/\/www.infokuryr.cz\/n\/wp-json\/wp\/v2\/posts\/47933\/revisions"}],"wp:featuredmedia":[{"embeddable":true,"href":"https:\/\/www.infokuryr.cz\/n\/wp-json\/wp\/v2\/media\/47934"}],"wp:attachment":[{"href":"https:\/\/www.infokuryr.cz\/n\/wp-json\/wp\/v2\/media?parent=47933"}],"wp:term":[{"taxonomy":"category","embeddable":true,"href":"https:\/\/www.infokuryr.cz\/n\/wp-json\/wp\/v2\/categories?post=47933"},{"taxonomy":"post_tag","embeddable":true,"href":"https:\/\/www.infokuryr.cz\/n\/wp-json\/wp\/v2\/tags?post=47933"}],"curies":[{"name":"wp","href":"https:\/\/api.w.org\/{rel}","templated":true}]}}