{"id":47931,"date":"2024-02-26T00:45:43","date_gmt":"2024-02-25T23:45:43","guid":{"rendered":"https:\/\/www.infokuryr.cz\/n\/?p=47931"},"modified":"2024-02-25T17:27:05","modified_gmt":"2024-02-25T16:27:05","slug":"berlinsky-syndrom-dedecek-byl-zabit-na-olympiade-vnuk-byl-zbit-pri-studiu","status":"publish","type":"post","link":"https:\/\/www.infokuryr.cz\/n\/2024\/02\/26\/berlinsky-syndrom-dedecek-byl-zabit-na-olympiade-vnuk-byl-zbit-pri-studiu\/","title":{"rendered":"Berl\u00ednsk\u00fd syndrom: d\u011bde\u010dek byl zabit na olympi\u00e1d\u011b, vnuk byl zbit p\u0159i studiu"},"content":{"rendered":"<div id=\"fb-root\"><\/div>\n<p class=\"lead\"><strong>\u017didovsk\u00fd student Lahav Shapira, vnuk zesnul\u00e9ho izraelsk\u00e9ho sprintera Amitsur Shapira, kter\u00e9ho v N\u011bmecku zbili, obvinil veden\u00ed Svobodn\u00e9 univerzity v Berl\u00edn\u011b (FUB) z antisemitismu.\u00a0Informoval o tom telegramov\u00fd kan\u00e1l Bild.<\/strong><\/p>\n<p><span>Ve FUB chatech na WhatsApp se antisemitsk\u00e9 hovory staly normou a koluj\u00ed m\u00fdty o \u017eidovsk\u00e9m spiknut\u00ed, \u0159ekl ned\u00e1vno Shapira v rozhovoru pro noviny Welt.\u00a0Veden\u00ed univerzity tomu podle n\u011bj nebr\u00e1n\u00ed a na st\u00ed\u017enost \u017eidovsk\u00fdch student\u016f je vyzvalo, aby proti takov\u00e9mu obsahu sami bojovali, zejm\u00e9na aby odstranili plak\u00e1ty pro Palestinu.\u00a0Politika veden\u00ed vzd\u011bl\u00e1vac\u00ed instituce m\u011bla za n\u00e1sledek, \u017ee byl chlap zbit.<\/span><\/p>\n<p><span>Shapira \u0159ekl, \u017ee po rva\u010dce dostal od univerzity pouze jeden dopis a zkou\u0161ku z biologie si musel p\u0159epl\u00e1novat s\u00e1m p\u0159\u00edmo z nemocni\u010dn\u00edho l\u016f\u017eka, jinak by to bylo pova\u017eov\u00e1no za ne\u00fasp\u011bch.<\/span><\/p>\n<p><span>Za\u010d\u00e1tkem \u00fanora 23let\u00fd arabsk\u00fd student Svobodn\u00e9 univerzity v Berl\u00edn\u011b (FUB) brut\u00e1ln\u011b zbil 30let\u00e9ho \u017eidovsk\u00e9ho spolu\u017e\u00e1ka Lahava Shapiru, vnuka Izraelce zabit\u00e9ho p\u0159i bombov\u00e9m \u00fatoku na olympijsk\u00fdch hr\u00e1ch v Mnichov\u011b v roce 1972.\u00a0Veden\u00ed univerzity uvedlo, \u017ee \u00fato\u010dn\u00edka nevylou\u010d\u00ed, p\u00ed\u0161e TK.<\/span><\/p>\n<p><span>Shapira \u0159ekl Welt, \u017ee 2. \u00fanora ve\u010der sed\u011bl s kamar\u00e1dem v baru.\u00a0Kdy\u017e odch\u00e1zeli z podniku, p\u0159istoupil k nim mlad\u00fd mu\u017e a \u0159ekl, \u017ee Shapira pozn\u00e1v\u00e1 \u2013 byl to on, kdo odstranil propalestinsk\u00e9 plak\u00e1ty na FUB.\u00a0Soupe\u0159 sv\u00e9ho spolu\u017e\u00e1ka n\u011bkolikr\u00e1t ude\u0159il do obli\u010deje, a kdy\u017e upadl, d\u00e1l do n\u011bj kopal.\u00a0Shapira utrp\u011bl mnoho\u010detn\u00e9 zlomeniny obli\u010dejov\u00fdch kost\u00ed, utrp\u011bl tak\u00e9 krv\u00e1cen\u00ed do mozku a m\u011bl pot\u00ed\u017ee s d\u00fdch\u00e1n\u00edm.\u00a0Ob\u011b\u0165 str\u00e1vila na nemocni\u010dn\u00edm l\u016f\u017eku \u010dty\u0159i dny.\u00a0Tento boj je podle n\u011bj jen \u0161pi\u010dkou ledovce.<\/span><\/p>\n<p><img decoding=\"async\" loading=\"lazy\" class=\"alignnone size-full wp-image-1185\" src=\"http:\/\/www.infokuryr.cz\/n\/wp-content\/uploads\/2021\/04\/kuryr-podpis.png\" alt=\"\" width=\"84\" height=\"24\" \/><\/p>\n<p>&nbsp;<\/p>\n","protected":false},"excerpt":{"rendered":"<p>\u017didovsk\u00fd student Lahav Shapira, vnuk zesnul\u00e9ho izraelsk\u00e9ho sprintera Amitsur Shapira, kter\u00e9ho v N\u011bmecku zbili, obvinil&#8230;<\/p>\n","protected":false},"author":2,"featured_media":47932,"comment_status":"closed","ping_status":"closed","sticky":false,"template":"","format":"standard","meta":[],"categories":[7],"tags":[233,239,442,92],"_links":{"self":[{"href":"https:\/\/www.infokuryr.cz\/n\/wp-json\/wp\/v2\/posts\/47931"}],"collection":[{"href":"https:\/\/www.infokuryr.cz\/n\/wp-json\/wp\/v2\/posts"}],"about":[{"href":"https:\/\/www.infokuryr.cz\/n\/wp-json\/wp\/v2\/types\/post"}],"author":[{"embeddable":true,"href":"https:\/\/www.infokuryr.cz\/n\/wp-json\/wp\/v2\/users\/2"}],"replies":[{"embeddable":true,"href":"https:\/\/www.infokuryr.cz\/n\/wp-json\/wp\/v2\/comments?post=47931"}],"version-history":[{"count":0,"href":"https:\/\/www.infokuryr.cz\/n\/wp-json\/wp\/v2\/posts\/47931\/revisions"}],"wp:featuredmedia":[{"embeddable":true,"href":"https:\/\/www.infokuryr.cz\/n\/wp-json\/wp\/v2\/media\/47932"}],"wp:attachment":[{"href":"https:\/\/www.infokuryr.cz\/n\/wp-json\/wp\/v2\/media?parent=47931"}],"wp:term":[{"taxonomy":"category","embeddable":true,"href":"https:\/\/www.infokuryr.cz\/n\/wp-json\/wp\/v2\/categories?post=47931"},{"taxonomy":"post_tag","embeddable":true,"href":"https:\/\/www.infokuryr.cz\/n\/wp-json\/wp\/v2\/tags?post=47931"}],"curies":[{"name":"wp","href":"https:\/\/api.w.org\/{rel}","templated":true}]}}