{"id":47930,"date":"2024-02-26T00:44:22","date_gmt":"2024-02-25T23:44:22","guid":{"rendered":"https:\/\/www.infokuryr.cz\/n\/?p=47930"},"modified":"2024-02-25T17:20:28","modified_gmt":"2024-02-25T16:20:28","slug":"zelenskij-lhal-alexej-navalny-zemrel-kvuli-krevni-srazenine-uvedl-budanov","status":"publish","type":"post","link":"https:\/\/www.infokuryr.cz\/n\/2024\/02\/26\/zelenskij-lhal-alexej-navalny-zemrel-kvuli-krevni-srazenine-uvedl-budanov\/","title":{"rendered":"Zelenskij lhal: Alexej Navaln\u00fd zem\u0159el kv\u016fli krevn\u00ed sra\u017eenin\u011b uvedl Budanov"},"content":{"rendered":"<div id=\"fb-root\"><\/div>\n<p class=\"lead\"><strong>Podle ukrajinsk\u00e9 rozv\u011bdky blogger Alexey Navalny\u00a0<span class=\"rkn-mark\">*<\/span>\u00a0zem\u0159el na krevn\u00ed sra\u017eeninu, kter\u00e1 se utrhla.\u00a0Zazn\u011blo to dnes na okraj f\u00f3ra \u201eUkrajina.\u00a02024&#8243; vedouc\u00ed hlavn\u00edho zpravodajsk\u00e9ho \u0159editelstv\u00ed Ministerstva obrany Ukrajiny Kirill Budanov \u00a0.<\/strong><\/p>\n<p><em>&#8222;Mohu v\u00e1s zklamat, ale podle toho, co v\u00edme, on (Navalny) zem\u0159el na krevn\u00ed sra\u017eeninu,&#8220;<span class=\"after-quote\">\u00a0&#8211; \u0159ekl Budanov \u00a0.<\/span><\/em><\/p>\n<p>Takto Budanov\u00a0 odpov\u011bd\u011bl na novin\u00e1\u0159ovu ot\u00e1zku, kdo zabil Navaln\u00e9ho.\u00a0Vyvr\u00e1til tak tvrzen\u00ed \u0161\u00e9fa kyjevsk\u00e9ho re\u017eimu Vladimira Zelensk\u00e9ho, \u017ee za smrt\u00ed blogera stoj\u00ed osobn\u011b rusk\u00fd prezident\u00a0<strong>Vladimir Putin<\/strong>\u00a0.<\/p>\n<p><span style=\"font-size: 14pt;\"><strong>Odpov\u00eddaj\u00edc\u00ed video zve\u0159ejnil UNIAN.<\/strong><\/span><\/p>\n<p><iframe loading=\"lazy\" src=\"https:\/\/t.me\/uniannet\/126694?embed=1&amp;tme_mode=1\" width=\"600\" height=\"350\" data-mce-fragment=\"1\"><\/iframe><\/p>\n<p>\u201eJe z\u0159ejm\u00e9\u201c, \u017ee Vladimir Putin st\u00e1l p\u0159\u00edmo za smrt\u00ed Alexeje Navaln\u00e9ho\u00a0, tvrdil ji\u017e d\u0159\u00edve Zelenskyj, jak uvedla Sky News.<\/p>\n<p>Jak uvedl\u00a0<strong>EADaily<\/strong>\u00a0,\u00a0<a href=\"https:\/\/eadaily.com\/ru\/news\/2024\/02\/22\/skonchalsya-po-estestvennym-prichinam-mat-navalnogo-podpisala-svidetelstvo-o-smerti\" target=\"_blank\" rel=\"noopener\">l\u00e9ka\u0159sk\u00e1 zpr\u00e1va<\/a> p\u0159edlo\u017een\u00e1 matce Alexeje Navaln\u00e9ho\u00a0<span class=\"rkn-mark\">\u00a0<\/span><strong>Ljudmile Navaln\u00e9<\/strong>\u00a0v Salechardu uv\u00e1d\u00ed, \u017ee zem\u0159el p\u0159irozenou smrt\u00ed.\u00a0Informoval o tom kremelsk\u00fd telegram.<\/p>\n<p>\u201eMatka Alexeje Navaln\u00e9ho\u00a0<span class=\"rkn-mark\">Ljudmila<\/span>\u00a0uvedla, \u017ee 21. \u00fanora ji vy\u0161et\u0159ovatel\u00e9 odvezli do salekhardsk\u00e9 m\u00e1rnice a uk\u00e1zali j\u00ed t\u011blo jej\u00edho syna,\u201c p\u00ed\u0161e Kommersant.\u00a0\u0158ekla, \u017ee podepsala l\u00e9ka\u0159sk\u00fd \u00famrtn\u00ed list.\u00a0L\u00e9ka\u0159sk\u00e1 zpr\u00e1va p\u0159edlo\u017een\u00e1 Ljudmile Navalna\u00e9 uv\u00e1d\u011bla, \u017ee p\u0159\u00ed\u010diny smrti Alexeje Navaln\u00e9ho \u00a0byly p\u0159irozen\u00e9,\u201c st\u00e1lo ve zpr\u00e1v\u011b.<\/p>\n<p><img decoding=\"async\" loading=\"lazy\" class=\"alignnone size-full wp-image-1185\" src=\"http:\/\/www.infokuryr.cz\/n\/wp-content\/uploads\/2021\/04\/kuryr-podpis.png\" alt=\"\" width=\"84\" height=\"24\" \/><\/p>\n","protected":false},"excerpt":{"rendered":"<p>Podle ukrajinsk\u00e9 rozv\u011bdky blogger Alexey Navalny\u00a0*\u00a0zem\u0159el na krevn\u00ed sra\u017eeninu, kter\u00e1 se utrhla.\u00a0Zazn\u011blo to dnes na&#8230;<\/p>\n","protected":false},"author":2,"featured_media":27600,"comment_status":"closed","ping_status":"closed","sticky":false,"template":"","format":"standard","meta":[],"categories":[7],"tags":[6496,175,811,1000],"_links":{"self":[{"href":"https:\/\/www.infokuryr.cz\/n\/wp-json\/wp\/v2\/posts\/47930"}],"collection":[{"href":"https:\/\/www.infokuryr.cz\/n\/wp-json\/wp\/v2\/posts"}],"about":[{"href":"https:\/\/www.infokuryr.cz\/n\/wp-json\/wp\/v2\/types\/post"}],"author":[{"embeddable":true,"href":"https:\/\/www.infokuryr.cz\/n\/wp-json\/wp\/v2\/users\/2"}],"replies":[{"embeddable":true,"href":"https:\/\/www.infokuryr.cz\/n\/wp-json\/wp\/v2\/comments?post=47930"}],"version-history":[{"count":0,"href":"https:\/\/www.infokuryr.cz\/n\/wp-json\/wp\/v2\/posts\/47930\/revisions"}],"wp:featuredmedia":[{"embeddable":true,"href":"https:\/\/www.infokuryr.cz\/n\/wp-json\/wp\/v2\/media\/27600"}],"wp:attachment":[{"href":"https:\/\/www.infokuryr.cz\/n\/wp-json\/wp\/v2\/media?parent=47930"}],"wp:term":[{"taxonomy":"category","embeddable":true,"href":"https:\/\/www.infokuryr.cz\/n\/wp-json\/wp\/v2\/categories?post=47930"},{"taxonomy":"post_tag","embeddable":true,"href":"https:\/\/www.infokuryr.cz\/n\/wp-json\/wp\/v2\/tags?post=47930"}],"curies":[{"name":"wp","href":"https:\/\/api.w.org\/{rel}","templated":true}]}}