{"id":47929,"date":"2024-02-26T00:43:31","date_gmt":"2024-02-25T23:43:31","guid":{"rendered":"https:\/\/www.infokuryr.cz\/n\/?p=47929"},"modified":"2024-02-25T17:12:02","modified_gmt":"2024-02-25T16:12:02","slug":"zajaty-ukrajinec-promluvil-o-schopnostech-ruskych-vysadkaru","status":"publish","type":"post","link":"https:\/\/www.infokuryr.cz\/n\/2024\/02\/26\/zajaty-ukrajinec-promluvil-o-schopnostech-ruskych-vysadkaru\/","title":{"rendered":"Zajat\u00fd Ukrajinec promluvil o schopnostech rusk\u00fdch v\u00fdsadk\u00e1\u0159\u016f"},"content":{"rendered":"<div id=\"fb-root\"><\/div>\n<p class=\"lead\"><strong>Ukrajinsk\u00fd v\u00fdsadk\u00e1\u0159 Maxim Popok, zajat\u00fd v z\u00e1poro\u017esk\u00e9m sektoru fronty, vysoce ocenil koordinovanou pr\u00e1ci rusk\u00fdch v\u00fdsadkov\u00fdch sil.\u00a0Podrobnosti o rozhovoru s voj\u00e1kem elitn\u00ed 82. samostatn\u00e9 \u00fato\u010dn\u00e9 brig\u00e1dy ukrajinsk\u00fdch ozbrojen\u00fdch sil\u00a0<a href=\"https:\/\/eadaily.com\/ria.ru\" target=\"_blank\" rel=\"noopener\">p\u0159in\u00e1\u0161\u00ed<\/a>\u00a0RIA Novosti.<\/strong><\/p>\n<p><strong><span>InfoKur\u00fdr<\/span><\/strong><span>\u00a0p\u0159ipom\u00edn\u00e1, \u017ee d\u0159\u00edve v sektoru Z\u00e1poro\u017e\u00ed rusk\u00e1 arm\u00e1da zajala dva voj\u00e1ky 82. brig\u00e1dy najednou.<\/span><\/p>\n<p><em>&#8222;U nich (rusk\u00fdch v\u00fdsadk\u00e1\u0159\u016f\u00a0 ) je v\u0161e koordinovan\u00e9, v\u0161e se skl\u00e1d\u00e1 na hromadu, v\u0161e je stabiln\u00ed, rozum\u00ed si a ka\u017ed\u00fd zn\u00e1 svou pozici, u n\u00e1s to tak nen\u00ed, u n\u00e1s je v\u0161echno \u00fapln\u011b jin\u00e9,&#8220;<span class=\"after-quote\">\u00a0&#8211; \u0159ekl Popok.<\/span><\/em><\/p>\n<p><span>V\u00fdsadk\u00e1\u0159e \u00fato\u010dn\u00e9 brig\u00e1dy vyslalo velen\u00ed ukrajinsk\u00fdch ozbrojen\u00fdch sil do Z\u00e1poro\u017esk\u00e9ho sm\u011bru v polovin\u011b roku 2023 pot\u00e9, co Kyjev ozn\u00e1mil zah\u00e1jen\u00ed protiofenz\u00edvy.<\/span><\/p>\n<p><img decoding=\"async\" loading=\"lazy\" class=\"alignnone size-full wp-image-1185\" src=\"http:\/\/www.infokuryr.cz\/n\/wp-content\/uploads\/2021\/04\/kuryr-podpis.png\" alt=\"\" width=\"84\" height=\"24\" \/><\/p>\n<p>&nbsp;<\/p>\n","protected":false},"excerpt":{"rendered":"<p>Ukrajinsk\u00fd v\u00fdsadk\u00e1\u0159 Maxim Popok, zajat\u00fd v z\u00e1poro\u017esk\u00e9m sektoru fronty, vysoce ocenil koordinovanou pr\u00e1ci rusk\u00fdch v\u00fdsadkov\u00fdch&#8230;<\/p>\n","protected":false},"author":2,"featured_media":38151,"comment_status":"closed","ping_status":"closed","sticky":false,"template":"","format":"standard","meta":[],"categories":[7],"tags":[29,805,661,2312],"_links":{"self":[{"href":"https:\/\/www.infokuryr.cz\/n\/wp-json\/wp\/v2\/posts\/47929"}],"collection":[{"href":"https:\/\/www.infokuryr.cz\/n\/wp-json\/wp\/v2\/posts"}],"about":[{"href":"https:\/\/www.infokuryr.cz\/n\/wp-json\/wp\/v2\/types\/post"}],"author":[{"embeddable":true,"href":"https:\/\/www.infokuryr.cz\/n\/wp-json\/wp\/v2\/users\/2"}],"replies":[{"embeddable":true,"href":"https:\/\/www.infokuryr.cz\/n\/wp-json\/wp\/v2\/comments?post=47929"}],"version-history":[{"count":0,"href":"https:\/\/www.infokuryr.cz\/n\/wp-json\/wp\/v2\/posts\/47929\/revisions"}],"wp:featuredmedia":[{"embeddable":true,"href":"https:\/\/www.infokuryr.cz\/n\/wp-json\/wp\/v2\/media\/38151"}],"wp:attachment":[{"href":"https:\/\/www.infokuryr.cz\/n\/wp-json\/wp\/v2\/media?parent=47929"}],"wp:term":[{"taxonomy":"category","embeddable":true,"href":"https:\/\/www.infokuryr.cz\/n\/wp-json\/wp\/v2\/categories?post=47929"},{"taxonomy":"post_tag","embeddable":true,"href":"https:\/\/www.infokuryr.cz\/n\/wp-json\/wp\/v2\/tags?post=47929"}],"curies":[{"name":"wp","href":"https:\/\/api.w.org\/{rel}","templated":true}]}}