{"id":47925,"date":"2024-02-26T00:41:40","date_gmt":"2024-02-25T23:41:40","guid":{"rendered":"https:\/\/www.infokuryr.cz\/n\/?p=47925"},"modified":"2024-02-25T16:59:36","modified_gmt":"2024-02-25T15:59:36","slug":"hizballah-oznamuje-dalsi-utoky-proti-izraeli-truchli-nad-tremi-bojovniky","status":"publish","type":"post","link":"https:\/\/www.infokuryr.cz\/n\/2024\/02\/26\/hizballah-oznamuje-dalsi-utoky-proti-izraeli-truchli-nad-tremi-bojovniky\/","title":{"rendered":"Hizball\u00e1h oznamuje dal\u0161\u00ed \u00fatoky proti Izraeli, truchl\u00ed nad t\u0159emi bojovn\u00edky"},"content":{"rendered":"<div id=\"fb-root\"><\/div>\n<p><strong><span>25. \u00fanora zah\u00e1jil Hizball\u00e1h t\u0159i \u00fatoky proti izraelsk\u00fdm obrann\u00fdm sil\u00e1m (IDF) ze sv\u00e9ho srdce, ji\u017en\u00edho Libanonu.<\/span><\/strong><\/p>\n<p><span>Ve dvou samostatn\u00fdch prohl\u00e1\u0161en\u00edch Hizball\u00e1h uvedl, \u017ee jeho bojovn\u00edci zam\u00ed\u0159ili raketami na shrom\u00e1\u017ed\u011bn\u00ed izraelsk\u00fdch jednotek v kas\u00e1rn\u00e1ch Ramim a vyp\u00e1lili dv\u011b t\u011b\u017ek\u00e9 rakety Falaq na kas\u00e1rna Zabdin.\u00a0V dal\u0161\u00edm prohl\u00e1\u0161en\u00ed skupina ozn\u00e1mila, \u017ee ost\u0159elovala n\u011bkolik shrom\u00e1\u017ed\u011bn\u00ed a d\u011blost\u0159eleck\u00fdch pozic IDF pobl\u00ed\u017e osady Kirjat \u0160mona.<\/span><\/p>\n<p><span>\u00datoky byly provedeny \u201ena podporu neochv\u011bjn\u00e9ho palestinsk\u00e9ho lidu v p\u00e1smu Gazy a na podporu jejich state\u010dn\u00e9ho a \u010destn\u00e9ho odporu,\u201c uvedl Hizball\u00e1h ve sv\u00fdch t\u0159ech prohl\u00e1\u0161en\u00edch.<\/span><\/p>\n<p><span>IDF potvrdila, \u017ee z ji\u017en\u00edho Libanonu byly na Galilee Panhandle odp\u00e1leny nejm\u00e9n\u011b \u010dty\u0159i rakety, ale uvedly, \u017ee v\u0161echny p\u0159ist\u00e1ly na otev\u0159en\u00fdch prostranstv\u00edch.\u00a0Sir\u00e9ny se rozezn\u011bly v Kirjat \u0160mona a n\u011bkolika okoln\u00edch osad\u00e1ch.<\/span><\/p>\n<p><iframe loading=\"lazy\" src=\"https:\/\/s4.cdnstatic.space\/wp-content\/uploads\/2024\/02\/twitsave.com_WCJOwPejPCUsrP1W.mp4\" width=\"600\" height=\"338\" data-mce-fragment=\"1\"><\/iframe><\/p>\n<p><span>Samostatn\u011b Hizball\u00e1h b\u011bhem dne truchlil nad t\u0159emi sv\u00fdmi bojovn\u00edky.\u00a0Ve t\u0159ech samostatn\u00fdch prohl\u00e1\u0161en\u00edch skupina uvedla, \u017ee bojovn\u00edci byli zabiti \u201ena cest\u011b do Jeruzal\u00e9ma\u201c, co\u017e je fr\u00e1ze obvykle pou\u017e\u00edvan\u00e1 k ozna\u010den\u00ed t\u011bch, kte\u0159\u00ed byli zabiti v prob\u00edhaj\u00edc\u00ed konfrontaci s IDF.<\/span><\/p>\n<p><span>Bojovn\u00edci mohli b\u00fdt zabiti p\u0159i \u00fadajn\u00e9m izraelsk\u00e9m \u00fatoku, jeho\u017e c\u00edlem bylo n\u00e1kladn\u00ed auto pobl\u00ed\u017e z\u00e1padosyrsk\u00e9ho m\u011bsta al-Qusayr, kter\u00e9 se nach\u00e1z\u00ed bl\u00edzko hranic s Libanonem.\u00a0Syrsk\u00e9 provl\u00e1dn\u00ed noviny Al-Watan uvedly, \u017ee p\u0159i \u00fatoku zahynuli t\u0159i lid\u00e9.<\/span><\/p>\n<p><span>Hizball\u00e1h a jeho spojenci podnikaj\u00ed \u00fatoky z ji\u017en\u00edho Libanonu proti IDF od vypuknut\u00ed v\u00e1lky v Gaze.<\/span><\/p>\n<p><span>K 25. \u00fanoru si st\u0159ety na hranic\u00edch vy\u017e\u00e1daly \u0161est mrtv\u00fdch civilist\u016f na izraelsk\u00e9 stran\u011b a tak\u00e9 smrt nejm\u00e9n\u011b deseti voj\u00e1k\u016f a z\u00e1lo\u017en\u00edk\u016f IDF.\u00a0Na libanonsk\u00e9 stran\u011b bylo zabito v\u00edce ne\u017e 300 lid\u00ed, v\u010detn\u011b 202 bojovn\u00edk\u016f Hizball\u00e1hu a nejm\u00e9n\u011b 40 civilist\u016f.<\/span><\/p>\n<p><img decoding=\"async\" loading=\"lazy\" class=\"alignnone size-full wp-image-1185\" src=\"http:\/\/www.infokuryr.cz\/n\/wp-content\/uploads\/2021\/04\/kuryr-podpis.png\" alt=\"\" width=\"84\" height=\"24\" \/><\/p>\n<p>&nbsp;<\/p>\n<p>&nbsp;<\/p>\n","protected":false},"excerpt":{"rendered":"<p>25. \u00fanora zah\u00e1jil Hizball\u00e1h t\u0159i \u00fatoky proti izraelsk\u00fdm obrann\u00fdm sil\u00e1m (IDF) ze sv\u00e9ho srdce, ji\u017en\u00edho&#8230;<\/p>\n","protected":false},"author":2,"featured_media":43547,"comment_status":"closed","ping_status":"closed","sticky":false,"template":"","format":"standard","meta":[],"categories":[7],"tags":[6772,107,889],"_links":{"self":[{"href":"https:\/\/www.infokuryr.cz\/n\/wp-json\/wp\/v2\/posts\/47925"}],"collection":[{"href":"https:\/\/www.infokuryr.cz\/n\/wp-json\/wp\/v2\/posts"}],"about":[{"href":"https:\/\/www.infokuryr.cz\/n\/wp-json\/wp\/v2\/types\/post"}],"author":[{"embeddable":true,"href":"https:\/\/www.infokuryr.cz\/n\/wp-json\/wp\/v2\/users\/2"}],"replies":[{"embeddable":true,"href":"https:\/\/www.infokuryr.cz\/n\/wp-json\/wp\/v2\/comments?post=47925"}],"version-history":[{"count":0,"href":"https:\/\/www.infokuryr.cz\/n\/wp-json\/wp\/v2\/posts\/47925\/revisions"}],"wp:featuredmedia":[{"embeddable":true,"href":"https:\/\/www.infokuryr.cz\/n\/wp-json\/wp\/v2\/media\/43547"}],"wp:attachment":[{"href":"https:\/\/www.infokuryr.cz\/n\/wp-json\/wp\/v2\/media?parent=47925"}],"wp:term":[{"taxonomy":"category","embeddable":true,"href":"https:\/\/www.infokuryr.cz\/n\/wp-json\/wp\/v2\/categories?post=47925"},{"taxonomy":"post_tag","embeddable":true,"href":"https:\/\/www.infokuryr.cz\/n\/wp-json\/wp\/v2\/tags?post=47925"}],"curies":[{"name":"wp","href":"https:\/\/api.w.org\/{rel}","templated":true}]}}