{"id":47901,"date":"2024-02-26T00:34:50","date_gmt":"2024-02-25T23:34:50","guid":{"rendered":"https:\/\/www.infokuryr.cz\/n\/?p=47901"},"modified":"2024-02-25T16:14:26","modified_gmt":"2024-02-25T15:14:26","slug":"prvni-tanky-abrams-spatreny-u-avdejevky","status":"publish","type":"post","link":"https:\/\/www.infokuryr.cz\/n\/2024\/02\/26\/prvni-tanky-abrams-spatreny-u-avdejevky\/","title":{"rendered":"Prvn\u00ed tanky Abrams spat\u0159eny u Avd\u011bjevky"},"content":{"rendered":"<div id=\"fb-root\"><\/div>\n<p><span style=\"font-size: 18pt;\"><strong>Ukrajina p\u0159ed n\u011bkolika m\u011bs\u00edci obdr\u017eela 31 vozidel vyroben\u00fdch v USA, kter\u00e1 od t\u00e9 doby na boji\u0161ti viditeln\u011b chyb\u00ed<\/strong><\/span><\/p>\n<p><span>Moskevsk\u00e9 s\u00edly poprv\u00e9 spat\u0159ily hlavn\u00ed bojov\u00e9 tanky M1 Abrams na front\u011b u Donbasu, \u0159ekl vysok\u00fd rusk\u00fd p\u0159edstavitel. Loni byla na Ukrajinu dod\u00e1na \u0161ar\u017ee t\u011b\u017ek\u00e9ho obrn\u011bnce vyroben\u00e9 v USA.<\/span><\/p>\n<p><span>V ned\u011bln\u00edm rozhovoru pro TASS Igor Kimakovskij, kter\u00fd slou\u017e\u00ed jako poradce \u0161\u00e9fa rusk\u00e9 Don\u011bck\u00e9 lidov\u00e9 republiky (DPR), \u0159ekl, \u017ee vozidla dodan\u00e1 USA byla spat\u0159ena severoz\u00e1padn\u011b od m\u011bsta Avd\u011bjevka, kter\u00e9 ned\u00e1vno dobyli Rusov\u00e9. vojsko.<\/span><\/p>\n<p><span>\u00da\u0159edn\u00edk neuvedl dal\u0161\u00ed podrobnosti o po\u010dtu Abram\u016f, jejich zjevn\u00e9 bojov\u00e9 p\u0159ipravenosti ani o tom, jak je ukrajin\u0161t\u00ed velitel\u00e9 nasazovali.\u00a0Kimakovskij v\u0161ak tak\u00e9 poznamenal, \u017ee kyjevsk\u00e9 jednotky pobl\u00ed\u017e Avd\u011bjevky aktivn\u011b vyu\u017e\u00edvaj\u00ed drony.<\/span><\/p>\n<p><span>Americk\u00fd prezident Joe Biden ozn\u00e1mil, \u017ee Washington poskytne Kyjevu 31 tank\u016f M1 Abrams \u2013 dost na vybaven\u00ed jednoho obrn\u011bn\u00e9ho praporu \u2013 koncem ledna 2023. Ukrajinsk\u00fd prezident Vladimir Zelenskyj koncem z\u00e1\u0159\u00ed \u0159ekl, \u017ee prvn\u00ed americk\u00e9 obrn\u011bn\u00e9 jednotky dorazily na Ukrajinu s dod\u00e1vkou podle americk\u00fdch \u00fa\u0159edn\u00edk\u016f bude dokon\u010dena v polovin\u011b \u0159\u00edjna.<\/span><\/p>\n<p><span>Od t\u00e9 doby v\u0161ak na boji\u0161ti v\u00fdrazn\u011b chyb\u011bli, p\u0159i\u010dem\u017e n\u011bkte\u0159\u00ed z\u00e1padn\u00ed experti nazna\u010dovali, \u017ee by je Kyjev mohl dr\u017eet v z\u00e1loze pro p\u0159\u00edpadnou velkou ofenz\u00edvu, nebo se mohl rozhodnout, \u017ee Abramy nebudou v zimn\u00edch podm\u00ednk\u00e1ch \u00fa\u010dinn\u00e9 proti opevn\u011bn\u00fdm Rus\u016fm. obrany.<\/span><\/p>\n<p><span>S\u00e1m Zelenskyj se sna\u017eil bagatelizovat o\u010dek\u00e1v\u00e1n\u00ed od Abrams\u016f.\u00a0<\/span><em><span>&#8222;Douf\u00e1m, \u017ee&#8230; bude v\u00edce dod\u00e1vek, ale opravdu nemohu \u0159\u00edci, \u017ee tanky hraj\u00ed hlavn\u00ed roli na bitevn\u00edm poli. Je jich p\u0159\u00edli\u0161 m\u00e1lo,\u201c<\/span><\/em><span>\u00a0\u0159ekl v listopadu.<\/span><\/p>\n<p><span>Prvn\u00ed zpr\u00e1vy o nasazen\u00ed Abramsu p\u0159i\u0161ly pot\u00e9, co Rusko dobylo strategick\u00e9 donbask\u00e9 m\u011bsto Avd\u011bjevka, p\u0159i\u010dem\u017e Moskva tvrdila, \u017ee ukrajinsk\u00fd \u00fastup z oblasti se zm\u011bnil v neorganizovanou cestu s velk\u00fdmi ztr\u00e1tami.<\/span><\/p>\n<p><span>Moskva dod\u00e1vky z\u00e1padn\u00edch zbran\u00ed na Ukrajinu soustavn\u011b odsuzovala a tvrdila, \u017ee jen prodlou\u017e\u00ed konflikt.\u00a0Mluv\u010d\u00ed Kremlu Dmitrij Peskov tak\u00e9 varoval, \u017ee tanky Abrams vyslan\u00e9 na Ukrajinu\u00a0<\/span><em><span>\u201ebudou ho\u0159et\u201c<\/span><\/em><span>\u00a0jako zbytek jeho z\u00e1padn\u00edho vybaven\u00ed.<\/span><\/p>\n<p><img decoding=\"async\" loading=\"lazy\" class=\"alignnone size-full wp-image-1185\" src=\"http:\/\/www.infokuryr.cz\/n\/wp-content\/uploads\/2021\/04\/kuryr-podpis.png\" alt=\"\" width=\"84\" height=\"24\" \/><\/p>\n<p>&nbsp;<\/p>\n","protected":false},"excerpt":{"rendered":"<p>Ukrajina p\u0159ed n\u011bkolika m\u011bs\u00edci obdr\u017eela 31 vozidel vyroben\u00fdch v USA, kter\u00e1 od t\u00e9 doby na&#8230;<\/p>\n","protected":false},"author":2,"featured_media":47902,"comment_status":"closed","ping_status":"closed","sticky":false,"template":"","format":"standard","meta":[],"categories":[7],"tags":[5221,1549,26],"_links":{"self":[{"href":"https:\/\/www.infokuryr.cz\/n\/wp-json\/wp\/v2\/posts\/47901"}],"collection":[{"href":"https:\/\/www.infokuryr.cz\/n\/wp-json\/wp\/v2\/posts"}],"about":[{"href":"https:\/\/www.infokuryr.cz\/n\/wp-json\/wp\/v2\/types\/post"}],"author":[{"embeddable":true,"href":"https:\/\/www.infokuryr.cz\/n\/wp-json\/wp\/v2\/users\/2"}],"replies":[{"embeddable":true,"href":"https:\/\/www.infokuryr.cz\/n\/wp-json\/wp\/v2\/comments?post=47901"}],"version-history":[{"count":0,"href":"https:\/\/www.infokuryr.cz\/n\/wp-json\/wp\/v2\/posts\/47901\/revisions"}],"wp:featuredmedia":[{"embeddable":true,"href":"https:\/\/www.infokuryr.cz\/n\/wp-json\/wp\/v2\/media\/47902"}],"wp:attachment":[{"href":"https:\/\/www.infokuryr.cz\/n\/wp-json\/wp\/v2\/media?parent=47901"}],"wp:term":[{"taxonomy":"category","embeddable":true,"href":"https:\/\/www.infokuryr.cz\/n\/wp-json\/wp\/v2\/categories?post=47901"},{"taxonomy":"post_tag","embeddable":true,"href":"https:\/\/www.infokuryr.cz\/n\/wp-json\/wp\/v2\/tags?post=47901"}],"curies":[{"name":"wp","href":"https:\/\/api.w.org\/{rel}","templated":true}]}}