{"id":47900,"date":"2024-02-26T00:33:42","date_gmt":"2024-02-25T23:33:42","guid":{"rendered":"https:\/\/www.infokuryr.cz\/n\/?p=47900"},"modified":"2024-02-25T16:07:54","modified_gmt":"2024-02-25T15:07:54","slug":"nemecko-stale-nerozhodlo-o-zbranich-dlouheho-doletu-pro-ukrajinu","status":"publish","type":"post","link":"https:\/\/www.infokuryr.cz\/n\/2024\/02\/26\/nemecko-stale-nerozhodlo-o-zbranich-dlouheho-doletu-pro-ukrajinu\/","title":{"rendered":"N\u011bmecko st\u00e1le nerozhodlo o zbran\u00edch dlouh\u00e9ho doletu pro Ukrajinu"},"content":{"rendered":"<div id=\"fb-root\"><\/div>\n<p><span style=\"font-size: 18pt;\"><strong>Berl\u00edn se br\u00e1nil v\u00fdzv\u00e1m k vysl\u00e1n\u00ed raket Taurus do Kyjeva v obav\u00e1ch, \u017ee by to mohlo vyvolat eskalaci<\/strong><\/span><\/p>\n<p><span>N\u011bme\u010dt\u00ed politici st\u00e1le diskutuj\u00ed, zda by m\u011bl Berl\u00edn dodat Ukrajin\u011b zbran\u011b dlouh\u00e9ho doletu, jako jsou rakety Taurus, kter\u00e9 Kyjev po\u017eaduje u\u017e m\u011bs\u00edce, uvedla ministryn\u011b zahrani\u010d\u00ed Annalena Baerbock.<\/span><\/p>\n<p><span>Na sobotn\u00edm setk\u00e1n\u00ed se sv\u00fdm ukrajinsk\u00fdm prot\u011bj\u0161kem Dmitrijem Kulebou v Od\u011bse, kter\u00e9 se shodovalo s druh\u00fdm v\u00fdro\u010d\u00edm vypuknut\u00ed konfliktu s Ruskem, Baerbockov\u00e1 p\u0159iznala, \u017ee Z\u00e1pad nedod\u00e1v\u00e1 do Kyjeva dostatek zbran\u00ed, a dodala, \u017ee Ukrajina pot\u0159ebuje \u201emnohem <\/span><em><span>v\u00edce munice\u201c. mnohem v\u00edce protivzdu\u0161n\u00e9 obrany, mnohem v\u00edce d\u011blost\u0159electva.\u201c<\/span><\/em><\/p>\n<p><em><span>\u201eP\u0159er\u00fdv\u00e1me si mozky, zvl\u00e1\u0161t\u011b v uplynul\u00e9m roce, nad ot\u00e1zkou, jak dodat v\u00edce, v\u010detn\u011b zbra\u0148ov\u00fdch syst\u00e9m\u016f dlouh\u00e9ho doletu<\/span><\/em><span>\u00a0,\u201c dodala, i kdy\u017e konkr\u00e9tn\u011b nezm\u00ednila rakety Taurus.<\/span><\/p>\n<p><span>Ta m\u016f\u017ee b\u00fdt vybavena 500kilogramovou hlavic\u00ed a m\u00e1 dosah asi 500 km, co\u017e znamen\u00e1, \u017ee by je Ukrajina mohla potenci\u00e1ln\u011b pou\u017e\u00edt k \u00faderu na Moskvu.<\/span><\/p>\n<p><span>Ve sv\u011btle toho n\u011bmeck\u00fd kancl\u00e9\u0159 Olaf Scholz ji\u017e d\u0159\u00edve vysv\u011btlil, \u017ee dod\u00e1n\u00ed tohoto druhu zbran\u00ed by mohlo konflikt d\u00e1le eskalovat.<\/span><\/p>\n<p><span>Baerbockov\u00e9 koment\u00e1\u0159 p\u0159i\u0161el pot\u00e9, co n\u011bmeck\u00fd parlament ve \u010dtvrtek zam\u00edtl n\u00e1vrh opozi\u010dn\u00ed frakce CDU\/CSU na dod\u00e1n\u00ed raket Taurus Ukrajin\u011b. Ve stejn\u00fd den v\u0161ak n\u011bme\u010dt\u00ed poslanci podpo\u0159ili iniciativu vl\u00e1dnouc\u00ed koalice v zemi, kter\u00e1 po\u017eadovala poskytnut\u00ed\u00a0<\/span><em><span>\u201edodate\u010dn\u00fdch, nezbytn\u00fdch zbra\u0148ov\u00fdch syst\u00e9m\u016f a munice dlouh\u00e9ho doletu\u201c.\u00a0<\/span><\/em><span>O raket\u00e1ch Taurus v\u0161ak \u0159e\u010d nebyla.<\/span><\/p>\n<p><span>N\u011bmeck\u00fd ministr obrany Boris Pistorius v lednu signalizoval, \u017ee dod\u00e1vky Taurus do Kyjeva prozat\u00edm nep\u0159ich\u00e1zej\u00ed v \u00favahu, a poznamenal, \u017ee Berl\u00edn mus\u00ed\u00a0<\/span><em><span>\u201ehl\u00eddat sv\u00e9 vlastn\u00ed obrann\u00e9 schopnosti\u201c,<\/span><\/em><span> co\u017e znamen\u00e1 pro Ukrajinu, \u017ee nem\u016f\u017ee \u201ezasahovat <\/span><em><span>naplno\u201c. \u201c<\/span><\/em><\/p>\n<p><span>Ukrajina ji\u017e obdr\u017eela rakety Storm Shadow a SCALP dlouh\u00e9ho doletu z Velk\u00e9 Brit\u00e1nie a Francie.\u00a0Moskva opakovan\u011b obvinila Kyjev z pou\u017e\u00edv\u00e1n\u00ed tohoto typu zbran\u00ed k c\u00edlen\u00ed na civilisty.<\/span><\/p>\n<p><span>Rusko neust\u00e1le odsuzuje dod\u00e1vky z\u00e1padn\u00edch zbran\u00ed na Ukrajinu a varuje, \u017ee konflikt jen prodlou\u017e\u00ed, ani\u017e by zm\u011bnil jeho kone\u010dn\u00fd v\u00fdsledek.\u00a0Moskva tak\u00e9 uvedla, \u017ee napumpov\u00e1n\u00edm Kyjeva zbran\u011bmi se Z\u00e1pad st\u00e1v\u00e1 spoluvin\u00edkem jeho v\u00e1le\u010dn\u00fdch zlo\u010din\u016f.<\/span><\/p>\n<p><img decoding=\"async\" loading=\"lazy\" class=\"alignnone size-full wp-image-1185\" src=\"http:\/\/www.infokuryr.cz\/n\/wp-content\/uploads\/2021\/04\/kuryr-podpis.png\" alt=\"\" width=\"84\" height=\"24\" \/><\/p>\n<p>&nbsp;<\/p>\n","protected":false},"excerpt":{"rendered":"<p>Berl\u00edn se br\u00e1nil v\u00fdzv\u00e1m k vysl\u00e1n\u00ed raket Taurus do Kyjeva v obav\u00e1ch, \u017ee by to&#8230;<\/p>\n","protected":false},"author":2,"featured_media":14592,"comment_status":"closed","ping_status":"closed","sticky":false,"template":"","format":"standard","meta":[],"categories":[7],"tags":[84,349,26],"_links":{"self":[{"href":"https:\/\/www.infokuryr.cz\/n\/wp-json\/wp\/v2\/posts\/47900"}],"collection":[{"href":"https:\/\/www.infokuryr.cz\/n\/wp-json\/wp\/v2\/posts"}],"about":[{"href":"https:\/\/www.infokuryr.cz\/n\/wp-json\/wp\/v2\/types\/post"}],"author":[{"embeddable":true,"href":"https:\/\/www.infokuryr.cz\/n\/wp-json\/wp\/v2\/users\/2"}],"replies":[{"embeddable":true,"href":"https:\/\/www.infokuryr.cz\/n\/wp-json\/wp\/v2\/comments?post=47900"}],"version-history":[{"count":0,"href":"https:\/\/www.infokuryr.cz\/n\/wp-json\/wp\/v2\/posts\/47900\/revisions"}],"wp:featuredmedia":[{"embeddable":true,"href":"https:\/\/www.infokuryr.cz\/n\/wp-json\/wp\/v2\/media\/14592"}],"wp:attachment":[{"href":"https:\/\/www.infokuryr.cz\/n\/wp-json\/wp\/v2\/media?parent=47900"}],"wp:term":[{"taxonomy":"category","embeddable":true,"href":"https:\/\/www.infokuryr.cz\/n\/wp-json\/wp\/v2\/categories?post=47900"},{"taxonomy":"post_tag","embeddable":true,"href":"https:\/\/www.infokuryr.cz\/n\/wp-json\/wp\/v2\/tags?post=47900"}],"curies":[{"name":"wp","href":"https:\/\/api.w.org\/{rel}","templated":true}]}}