{"id":47859,"date":"2024-02-25T00:48:55","date_gmt":"2024-02-24T23:48:55","guid":{"rendered":"https:\/\/www.infokuryr.cz\/n\/?p=47859"},"modified":"2024-02-25T05:38:18","modified_gmt":"2024-02-25T04:38:18","slug":"litevsky-zoldak-zabit-v-bojich-o-ukrajinu","status":"publish","type":"post","link":"https:\/\/www.infokuryr.cz\/n\/2024\/02\/25\/litevsky-zoldak-zabit-v-bojich-o-ukrajinu\/","title":{"rendered":"Litevsk\u00fd \u017eold\u00e1k zabit v boj\u00edch o Ukrajinu"},"content":{"rendered":"<div id=\"fb-root\"><\/div>\n<p><span style=\"font-size: 18pt;\"><strong>U Ar\u0165omovska na rusk\u00e9m Donbasu byl zabit litevsk\u00fd bojovn\u00edk, uvedl ministr obrany Pobalt\u00ed<\/strong><\/span><\/p>\n<p>Litevsk\u00fd ministr obrany Arvydas Anusauskas potvrdil zpr\u00e1vy, \u017ee v ukrajinsk\u00e9m konfliktu byl zabit ob\u010dan pobaltsk\u00e9ho st\u00e1tu, kter\u00fd je \u010dlenem EU i NATO.<\/p>\n<p>Podle m\u00edstn\u00edch m\u00e9di\u00ed je to poprv\u00e9, co Litevec zem\u0159el v boji za Ukrajinu.\u00a0N\u011bkolik bylo tak\u00e9 \u00fadajn\u011b zran\u011bno v konfliktu.<\/p>\n<p>Smrt \u017eold\u00e1ka, identifikovan\u00e9ho jako 43let\u00e9ho Tadase Tumase, v p\u00e1tek ozn\u00e1mil Sigitas Maliauskas, kter\u00fd vede skupinu litevsk\u00fdch instruktor\u016f p\u016fsob\u00edc\u00edch na Ukrajin\u011b s n\u00e1zvem Mission Snake Island.<\/p>\n<p>Podle vedouc\u00edho skupiny slou\u017eil Tumas, jeho\u017e volac\u00ed znak byl \u201eOb\u0159\u00ed\u201c, v 92. brig\u00e1d\u011b ozbrojen\u00fdch sil Ukrajiny.\u00a0Byl sap\u00e9rem v jednotce, ale tak\u00e9 vykon\u00e1val povinnosti \u0159idi\u010de a pr\u016fzkumn\u00edka, dodal.<\/p>\n<p>Tumas byl zabit p\u0159i p\u0159eprav\u011b min na frontovou linii, kdy\u017e vozidlo, kter\u00e9 \u0159\u00eddil, bylo zasa\u017eeno rusk\u00fdm dronem, uvedl Maliauskas.<\/p>\n<p>\u0158ekl, \u017ee k \u00faderu do\u0161lo pobl\u00ed\u017e Ar\u0165omovska (Ukrajinou naz\u00fdvan\u00e9ho Bakhmut) v rusk\u00e9 Don\u011bck\u00e9 lidov\u00e9 republice.\u00a0M\u011bsto dobyly s\u00edly Moskvy loni v kv\u011btnu.<\/p>\n<p>Ministr obrany Vilniusu \u0159ekl LRT Radio, \u017ee informace o Tumasov\u011b smrti se\u00a0<em>\u201edostaly na litevsk\u00e9 velvyslanectv\u00ed v Kyjev\u011b a k n\u00e1m\u201c.\u00a0<\/em>Anusauskas tak\u00e9 potvrdil, \u017ee mu\u017e zem\u0159el pobl\u00ed\u017e Ar\u0165omovska, ale neuvedl \u017e\u00e1dn\u00e9 dal\u0161\u00ed podrobnosti.<\/p>\n<p>Slavnostn\u00ed rozlou\u010den\u00ed s Tumasem se bude konat na n\u00e1m\u011bst\u00ed Majdan (Nez\u00e1vislost) v centru Kyjeva.\u00a0Jeho t\u011blo bude pot\u00e9 zpopeln\u011bno s popelem, kter\u00fd m\u00e1 b\u00fdt doru\u010den do Litvy, podle v\u00fdstupu &#8217;15min&#8216;.<\/p>\n<p>B\u00fdval\u00fd p\u0159edseda litevsk\u00e9ho \u00fastavn\u00edho soudu Dainius Zalimas v\u011bnoval zabit\u00e9mu \u017eold\u00e1kovi p\u0159\u00edsp\u011bvek na Facebooku.\u00a0<em>&#8222;Tolik to bol\u00ed&#8220;<\/em>\u00a0ps\u00e1t o smrti\u00a0<em>&#8222;na\u0161eho p\u0159\u00edtele a kamar\u00e1da,&#8220;<\/em>\u00a0zd\u016fraznil.\u00a0Tumas bojoval za ukrajinsk\u00e9 s\u00edly od listopadu a po n\u011bm z\u016fstala man\u017eelka a dv\u011b d\u011bti, \u0159ekl Zalimas.<\/p>\n<p>Za\u010d\u00e1tkem tohoto t\u00fddne z\u00e1stupce n\u00e1\u010deln\u00edka rusk\u00e9ho gener\u00e1ln\u00edho \u0161t\u00e1bu plukovn\u00edk gener\u00e1l Sergej Rudskoy \u0159ekl, \u017ee n\u011bkter\u00e9 jednotky NATO bojuj\u00ed proti rusk\u00e9 arm\u00e1d\u011b v konfliktu\u00a0<em>\u201ep\u0159evle\u010den\u00e9 za \u017eold\u00e1ky\u201c.\u00a0<\/em>Zahrani\u010dn\u00ed specialist\u00e9 \u0159\u00edd\u00ed protivzdu\u0161nou obranu a raketov\u00e9 syst\u00e9my a z\u00e1rove\u0148 tvo\u0159\u00ed sou\u010d\u00e1st kyjevsk\u00fdch \u00fato\u010dn\u00fdch odd\u00edl\u016f, \u0159ekl.<\/p>\n<p>Rusk\u00fd ministr obrany Sergej \u0160ojgu v prosinci uvedl, \u017ee od za\u010d\u00e1tku konfliktu mezi Ruskem a Ukrajinou bylo zabito v\u00edce ne\u017e 5800 zahrani\u010dn\u00edch \u017eold\u00e1k\u016f, p\u0159i\u010dem\u017e v\u011bt\u0161ina z nich poch\u00e1zela z Polska, USA a Velk\u00e9 Brit\u00e1nie.<\/p>\n<p>Moskva ji\u017e d\u0159\u00edve uvedla, \u017ee \u017eold\u00e1ci nebudou podle mezin\u00e1rodn\u00edho pr\u00e1va pova\u017eov\u00e1ni za legitimn\u00ed bojovn\u00edky a\u00a0<em>\u201enejlep\u0161\u00ed v\u011bc, kter\u00e1 je \u010dek\u00e1, pokud budou zajati \u017eiv\u00ed, je soud a maxim\u00e1ln\u00ed tresty odn\u011bt\u00ed svobody\u201c.<\/em><\/p>\n<p><img decoding=\"async\" loading=\"lazy\" class=\"alignnone size-full wp-image-1185\" src=\"http:\/\/www.infokuryr.cz\/n\/wp-content\/uploads\/2021\/04\/kuryr-podpis.png\" alt=\"\" width=\"84\" height=\"24\" \/><\/p>\n<p>&nbsp;<\/p>\n<p>&nbsp;<\/p>\n","protected":false},"excerpt":{"rendered":"<p>U Ar\u0165omovska na rusk\u00e9m Donbasu byl zabit litevsk\u00fd bojovn\u00edk, uvedl ministr obrany Pobalt\u00ed Litevsk\u00fd ministr&#8230;<\/p>\n","protected":false},"author":2,"featured_media":47860,"comment_status":"closed","ping_status":"closed","sticky":false,"template":"","format":"standard","meta":[],"categories":[7],"tags":[6856,26,5004,2969],"_links":{"self":[{"href":"https:\/\/www.infokuryr.cz\/n\/wp-json\/wp\/v2\/posts\/47859"}],"collection":[{"href":"https:\/\/www.infokuryr.cz\/n\/wp-json\/wp\/v2\/posts"}],"about":[{"href":"https:\/\/www.infokuryr.cz\/n\/wp-json\/wp\/v2\/types\/post"}],"author":[{"embeddable":true,"href":"https:\/\/www.infokuryr.cz\/n\/wp-json\/wp\/v2\/users\/2"}],"replies":[{"embeddable":true,"href":"https:\/\/www.infokuryr.cz\/n\/wp-json\/wp\/v2\/comments?post=47859"}],"version-history":[{"count":0,"href":"https:\/\/www.infokuryr.cz\/n\/wp-json\/wp\/v2\/posts\/47859\/revisions"}],"wp:featuredmedia":[{"embeddable":true,"href":"https:\/\/www.infokuryr.cz\/n\/wp-json\/wp\/v2\/media\/47860"}],"wp:attachment":[{"href":"https:\/\/www.infokuryr.cz\/n\/wp-json\/wp\/v2\/media?parent=47859"}],"wp:term":[{"taxonomy":"category","embeddable":true,"href":"https:\/\/www.infokuryr.cz\/n\/wp-json\/wp\/v2\/categories?post=47859"},{"taxonomy":"post_tag","embeddable":true,"href":"https:\/\/www.infokuryr.cz\/n\/wp-json\/wp\/v2\/tags?post=47859"}],"curies":[{"name":"wp","href":"https:\/\/api.w.org\/{rel}","templated":true}]}}