{"id":47840,"date":"2024-02-25T00:40:12","date_gmt":"2024-02-24T23:40:12","guid":{"rendered":"https:\/\/www.infokuryr.cz\/n\/?p=47840"},"modified":"2024-02-24T17:36:05","modified_gmt":"2024-02-24T16:36:05","slug":"ruska-armada-zasahla-700-cilu-drony-zajala-200-ukrajinskych-vojaku-v-avdejevce","status":"publish","type":"post","link":"https:\/\/www.infokuryr.cz\/n\/2024\/02\/25\/ruska-armada-zasahla-700-cilu-drony-zajala-200-ukrajinskych-vojaku-v-avdejevce\/","title":{"rendered":"Rusk\u00e1 arm\u00e1da zas\u00e1hla 700 c\u00edl\u016f drony, zajala 200 ukrajinsk\u00fdch voj\u00e1k\u016f v Avd\u011bjevce"},"content":{"rendered":"<div id=\"fb-root\"><\/div>\n<p><strong><span>Rusk\u00fd ministr obrany Sergej \u0160ojgu nav\u0161t\u00edvil z\u00f3nu speci\u00e1ln\u00ed vojensk\u00e9 operace a vyslechl si zpr\u00e1vy velitel\u016f skupiny sil Tsentr, kter\u00e1 ned\u00e1vno dobyla strategick\u00e9 m\u011bsto Avd\u011bjevka od kyjevsk\u00fdch sil, ozn\u00e1milo rusk\u00e9 ministerstvo obrany 24. \u00fanora.<\/span><\/strong><\/p>\n<p><span>Ministerstvo v prohl\u00e1\u0161en\u00ed uvedlo, \u017ee \u0160ojgu byl informov\u00e1n o aktu\u00e1ln\u00ed situaci, povaze nep\u0159\u00e1telsk\u00fdch aktivit a pln\u011bn\u00ed bojov\u00fdch \u00fakol\u016f rusk\u00fdch jednotek v opera\u010dn\u00edm sm\u011bru.<\/span><\/p>\n<p><span>Ministr na\u0159\u00eddil b\u011bhem n\u00e1v\u0161t\u011bvy d\u00e1le pos\u00edlit skupinu sil Tsentr vybaven\u00edm pro elektronick\u00fd boj, uv\u00e1d\u00ed ministerstvo.<\/span><\/p>\n<p><em>\u201eRusk\u00fd ministr obrany si dal za \u00fakol d\u00e1le pos\u00edlit skupinu prost\u0159edky elektronick\u00e9ho boje, p\u0159edev\u0161\u00edm na taktick\u00e9 \u00farovni,\u201c uvedlo ministerstvo.<\/em><\/p>\n<p><span>Andrey Mordvichev, velitel skupiny sil Tsentr, informoval \u0160ojgu, \u017ee pr\u016fzkumn\u00fd dron Orlan-30 se b\u011bhem bitvy u Avd\u011bjevky osv\u011bd\u010dil.<\/span><\/p>\n<p><em>&#8222;Syst\u00e9m bezpilotn\u00edch vzdu\u0161n\u00fdch prost\u0159edk\u016f Orlan-30 se uk\u00e1zal jako velmi dobr\u00fd v pr\u016fb\u011bhu osvobozov\u00e1n\u00ed osady Avd\u011bjevka,&#8220; \u0159ekl podle ministerstva.<\/em><\/p>\n<p><span>\u00dato\u010dn\u00e9 bezpilotn\u00ed letouny skupiny b\u011bhem bitvy zni\u010dily v\u00edce ne\u017e 700 r\u016fzn\u00fdch nep\u0159\u00e1telsk\u00fdch c\u00edl\u016f ve sm\u011bru na Avd\u011bjevku, \u0159ekl Mordvichev.<\/span><\/p>\n<p><em>\u201eJen b\u011bhem posledn\u00edch \u010dtrn\u00e1cti dn\u016f zni\u010dily \u00fadern\u00e9 drony ve sm\u011bru na Avd\u011bjevku v\u00edce ne\u017e 700 r\u016fzn\u00fdch nep\u0159\u00e1telsk\u00fdch c\u00edl\u016f, v\u010detn\u011b obrn\u011bn\u00fdch vozidel, d\u011blost\u0159eleck\u00fdch syst\u00e9m\u016f, radar\u016f a \u017eiv\u00e9 s\u00edly protivn\u00edka,\u201c uvedlo ministerstvo s odkazem na velitele.<\/em><\/p>\n<p><span>Krom\u011b toho Mordvichev informoval \u0160ojgua, \u017ee 200 ukrajinsk\u00fdch voj\u00e1k\u016f se vzdalo jeho skupin\u011b b\u011bhem z\u00e1v\u011bre\u010dn\u00e9ho n\u00e1poru v Avd\u011bjevce.<\/span><\/p>\n<p><em>&#8222;Po vy\u010dist\u011bn\u00ed jsme ji\u017e odvezli asi dv\u011b st\u011b v\u00e1le\u010dn\u00fdch zajatc\u016f a podle obdr\u017een\u00fdch informac\u00ed pl\u00e1nujeme v p\u0159\u00ed\u0161t\u00edch dnech ulovit asi sto zajatc\u016f,&#8220; \u0159ekl velitel.<\/em><\/p>\n<p><span>Mordvichev tak\u00e9 pouk\u00e1zal na to, \u017ee kyjevsk\u00e9 s\u00edly byly v d\u016fsledku osvobozen\u00ed m\u011bsta zatla\u010deny zp\u011bt o v\u00edce ne\u017e deset kilometr\u016f.<\/span><\/p>\n<p><span>Rusk\u00e1 arm\u00e1da uvalila plnou kontrolu nad Avd\u011bjevkou a bl\u00edzk\u00fdmi oblastmi 17. \u00fanora. V t\u00e9 dob\u011b bylo p\u0159i pokusu o \u00fat\u011bk z m\u011bsta zabito asi 1500 ukrajinsk\u00fdch voj\u00e1k\u016f.<\/span><\/p>\n<p><span>Ned\u00e1vn\u00e9 zpr\u00e1vy odhalily, \u017ee kyjevsk\u00e9 s\u00edly popravily zran\u011bn\u00e9 ciz\u00ed \u017eold\u00e1ky a nastra\u017eily mrtv\u00e1 t\u011bla sv\u00fdch voj\u00e1k\u016f p\u0159ed \u00fat\u011bkem z Avd\u011bjevky a zanechaly za sebou spoustu zbran\u00ed a munice.<\/span><\/p>\n<p><span>Rusk\u00e9 v\u00edt\u011bzstv\u00ed v Avd\u011bjevce bylo pro Ukrajinu velkou ranou.\u00a0Situace se nyn\u00ed pro kyjevsk\u00e9 s\u00edly zhor\u0161uje.\u00a0Skupina sil Tsentr st\u00e1le postupuje na sever a z\u00e1pad m\u011bsta.\u00a024. \u00fanora bylo ozn\u00e1meno, \u017ee p\u0159ilehl\u00e9 m\u011bsto Lastochkino bylo dobyto rusk\u00fdmi jednotkami.<\/span><\/p>\n<p><img decoding=\"async\" loading=\"lazy\" class=\"alignnone size-full wp-image-1185\" src=\"http:\/\/www.infokuryr.cz\/n\/wp-content\/uploads\/2021\/04\/kuryr-podpis.png\" alt=\"\" width=\"84\" height=\"24\" \/><\/p>\n<p>&nbsp;<\/p>\n","protected":false},"excerpt":{"rendered":"<p>Rusk\u00fd ministr obrany Sergej \u0160ojgu nav\u0161t\u00edvil z\u00f3nu speci\u00e1ln\u00ed vojensk\u00e9 operace a vyslechl si zpr\u00e1vy velitel\u016f&#8230;<\/p>\n","protected":false},"author":2,"featured_media":29161,"comment_status":"closed","ping_status":"closed","sticky":false,"template":"","format":"standard","meta":[],"categories":[7],"tags":[6854,26,2369],"_links":{"self":[{"href":"https:\/\/www.infokuryr.cz\/n\/wp-json\/wp\/v2\/posts\/47840"}],"collection":[{"href":"https:\/\/www.infokuryr.cz\/n\/wp-json\/wp\/v2\/posts"}],"about":[{"href":"https:\/\/www.infokuryr.cz\/n\/wp-json\/wp\/v2\/types\/post"}],"author":[{"embeddable":true,"href":"https:\/\/www.infokuryr.cz\/n\/wp-json\/wp\/v2\/users\/2"}],"replies":[{"embeddable":true,"href":"https:\/\/www.infokuryr.cz\/n\/wp-json\/wp\/v2\/comments?post=47840"}],"version-history":[{"count":0,"href":"https:\/\/www.infokuryr.cz\/n\/wp-json\/wp\/v2\/posts\/47840\/revisions"}],"wp:featuredmedia":[{"embeddable":true,"href":"https:\/\/www.infokuryr.cz\/n\/wp-json\/wp\/v2\/media\/29161"}],"wp:attachment":[{"href":"https:\/\/www.infokuryr.cz\/n\/wp-json\/wp\/v2\/media?parent=47840"}],"wp:term":[{"taxonomy":"category","embeddable":true,"href":"https:\/\/www.infokuryr.cz\/n\/wp-json\/wp\/v2\/categories?post=47840"},{"taxonomy":"post_tag","embeddable":true,"href":"https:\/\/www.infokuryr.cz\/n\/wp-json\/wp\/v2\/tags?post=47840"}],"curies":[{"name":"wp","href":"https:\/\/api.w.org\/{rel}","templated":true}]}}