{"id":47838,"date":"2024-02-25T00:39:19","date_gmt":"2024-02-24T23:39:19","guid":{"rendered":"https:\/\/www.infokuryr.cz\/n\/?p=47838"},"modified":"2024-02-24T17:33:56","modified_gmt":"2024-02-24T16:33:56","slug":"hlodavci-poskozuji-zapadni-vojenske-vybaveni-na-ukrajine","status":"publish","type":"post","link":"https:\/\/www.infokuryr.cz\/n\/2024\/02\/25\/hlodavci-poskozuji-zapadni-vojenske-vybaveni-na-ukrajine\/","title":{"rendered":"Hlodavci po\u0161kozuj\u00ed z\u00e1padn\u00ed vojensk\u00e9 vybaven\u00ed na Ukrajin\u011b"},"content":{"rendered":"<div id=\"fb-root\"><\/div>\n<p><strong><span>Vojensk\u00e9 vybaven\u00ed dod\u00e1van\u00e9 na Ukrajinu Z\u00e1padem po\u0161kozuj\u00ed hlodavci, odhalil Le Figaro ve zpr\u00e1v\u011b zve\u0159ejn\u011bn\u00e9 22. \u00fanora.<\/span><\/strong><\/p>\n<p><span>Francouzsk\u00e9 noviny ve sv\u00e9 zpr\u00e1v\u011b uvedly, \u017ee vybaven\u00ed je \u201en\u011bkdy nevhodn\u00e9 pro realitu fronty\u201c a \u201enevych\u00e1z\u00ed dob\u0159e\u201c ve skute\u010dn\u00e9m konfliktu.<\/span><\/p>\n<p><span>Le Figaro poskytl zpr\u00e1vu francouzsk\u00e9ho bojovn\u00edka v \u0159ad\u00e1ch kyjevsk\u00fdch sil, kter\u00fd si st\u011b\u017eoval, \u017ee \u201ehlodavci se\u017erali kabely na n\u011bkter\u00fdch vozidlech\u201c.<\/span><\/p>\n<p><em>&#8222;N\u011bkter\u00e9 ochrann\u00e9 pl\u00e1\u0161t\u011b elektrick\u00fdch dr\u00e1t\u016f [v hardwaru dod\u00e1van\u00e9m Z\u00e1padem] jsou vyrobeny z kuku\u0159i\u010dn\u00fdch vl\u00e1ken,&#8220; co\u017e p\u0159itahuje my\u0161i a krysy, \u0159ekl nejmenovan\u00fd bojovn\u00edk.<\/em><\/p>\n<p><span>Noviny poznamenaly, \u017ee \u201etento fenom\u00e9n je okrajov\u00fd, ale vypr\u00e1v\u00ed p\u0159\u00edb\u011bh konfrontace z\u00e1padn\u00ed vojensk\u00e9 techniky s realitou\u201c.<\/span><\/p>\n<p><em>\u201eZ\u00e1padn\u00ed vozidla byla navr\u017eena jako technologick\u00e1 v\u00fdkladn\u00ed sk\u0159\u00ed\u0148.\u00a0Ale v bl\u00e1t\u011b a mrazu ne v\u017edy funguj\u00ed,\u201c \u0159ekl francouzsk\u00fd bojovn\u00edk.<\/em><\/p>\n<p><em>\u201eNa\u0161t\u011bst\u00ed m\u011bli Ukrajinci ve sv\u00e9m arzen\u00e1lu je\u0161t\u011b p\u00e1r krust,\u201c dodal s odkazem na star\u00fd hardware sov\u011btsk\u00e9 v\u00fdroby.<\/em><\/p>\n<p><span>Ministerstvo obrany Spojen\u00e9ho kr\u00e1lovstv\u00ed loni v prosinci varovalo, \u017ee m\u00edrn\u00fd podzim a hojnost potravin z pol\u00ed, kter\u00e1 z\u016fstala neobd\u011bl\u00e1na kv\u016fli nep\u0159\u00e1telsk\u00fdm akc\u00edm, podn\u00edtily n\u00e1r\u016fst populace hlodavc\u016f v oblastech konfliktu mezi Ruskem a Ukrajinou.<\/span><\/p>\n<p><span>Zv\u00ed\u0159ata \u201epravd\u011bpodobn\u011b hledaj\u00ed \u00fakryt ve vojensk\u00fdch vozidlech a obrann\u00fdch pozic\u00edch,\u201c uvedl tehdy a varoval, \u017ee hlodavci \u201evyv\u00edjej\u00ed dal\u0161\u00ed tlak na mor\u00e1lku voj\u00e1k\u016f\u201c a tak\u00e9 \u201ep\u0159edstavuj\u00ed nebezpe\u010d\u00ed pro vojenskou techniku \u200b\u200bp\u0159e\u017evykov\u00e1n\u00edm kabel\u016f\u201c.<\/span><\/p>\n<p><span>Od za\u010d\u00e1tku rusk\u00e9 speci\u00e1ln\u00ed vojensk\u00e9 operace zhruba p\u0159ed dv\u011bma lety dostala Ukrajina od Spojen\u00fdch st\u00e1t\u016f a dal\u0161\u00edch podporovatel\u016f vojensk\u00e9 vybaven\u00ed v hodnot\u011b stovek miliard.\u00a0V\u011bt\u0161ina t\u011bchto za\u0159\u00edzen\u00ed byla vyrobena na Z\u00e1pad\u011b.<\/span><\/p>\n<p><span>Kyjevsk\u00e9 s\u00edly b\u011bhem posledn\u00ed jarn\u00ed protiofenz\u00edvy siln\u011b s\u00e1zely na p\u0159evahu sv\u00e9 z\u00e1padn\u00ed techniky, zejm\u00e9na bojov\u00fdch vozidel.\u00a0Za\u0159\u00edzen\u00ed v\u0161ak bylo snadno pora\u017eeno rusk\u00fdmi jednotkami, v n\u011bkter\u00fdch p\u0159\u00edpadech za pou\u017eit\u00ed zbran\u00ed ze sov\u011btsk\u00e9 \u00e9ry, a protiofenz\u00edva se uk\u00e1zala jako naprost\u00e9 selh\u00e1n\u00ed.<\/span><\/p>\n<p><span>V koment\u00e1\u0159i k ukrajinsk\u00e9 por\u00e1\u017ece rusk\u00fd prezident Vladimir Putin loni v prosinci prohl\u00e1sil, \u017ee \u201em\u00fdtus o nezranitelnosti z\u00e1padn\u00ed vojensk\u00e9 techniky se zhroutil\u201c b\u011bhem speci\u00e1ln\u00ed vojensk\u00e9 operace.<\/span><\/p>\n<p><img decoding=\"async\" loading=\"lazy\" class=\"alignnone size-full wp-image-1185\" src=\"http:\/\/www.infokuryr.cz\/n\/wp-content\/uploads\/2021\/04\/kuryr-podpis.png\" alt=\"\" width=\"84\" height=\"24\" \/><\/p>\n<p>&nbsp;<\/p>\n<p>&nbsp;<\/p>\n","protected":false},"excerpt":{"rendered":"<p>Vojensk\u00e9 vybaven\u00ed dod\u00e1van\u00e9 na Ukrajinu Z\u00e1padem po\u0161kozuj\u00ed hlodavci, odhalil Le Figaro ve zpr\u00e1v\u011b zve\u0159ejn\u011bn\u00e9 22&#8230;.<\/p>\n","protected":false},"author":2,"featured_media":47839,"comment_status":"closed","ping_status":"closed","sticky":false,"template":"","format":"standard","meta":[],"categories":[7],"tags":[6853,26,5332],"_links":{"self":[{"href":"https:\/\/www.infokuryr.cz\/n\/wp-json\/wp\/v2\/posts\/47838"}],"collection":[{"href":"https:\/\/www.infokuryr.cz\/n\/wp-json\/wp\/v2\/posts"}],"about":[{"href":"https:\/\/www.infokuryr.cz\/n\/wp-json\/wp\/v2\/types\/post"}],"author":[{"embeddable":true,"href":"https:\/\/www.infokuryr.cz\/n\/wp-json\/wp\/v2\/users\/2"}],"replies":[{"embeddable":true,"href":"https:\/\/www.infokuryr.cz\/n\/wp-json\/wp\/v2\/comments?post=47838"}],"version-history":[{"count":0,"href":"https:\/\/www.infokuryr.cz\/n\/wp-json\/wp\/v2\/posts\/47838\/revisions"}],"wp:featuredmedia":[{"embeddable":true,"href":"https:\/\/www.infokuryr.cz\/n\/wp-json\/wp\/v2\/media\/47839"}],"wp:attachment":[{"href":"https:\/\/www.infokuryr.cz\/n\/wp-json\/wp\/v2\/media?parent=47838"}],"wp:term":[{"taxonomy":"category","embeddable":true,"href":"https:\/\/www.infokuryr.cz\/n\/wp-json\/wp\/v2\/categories?post=47838"},{"taxonomy":"post_tag","embeddable":true,"href":"https:\/\/www.infokuryr.cz\/n\/wp-json\/wp\/v2\/tags?post=47838"}],"curies":[{"name":"wp","href":"https:\/\/api.w.org\/{rel}","templated":true}]}}