{"id":4782,"date":"2021-09-16T07:50:25","date_gmt":"2021-09-16T05:50:25","guid":{"rendered":"http:\/\/www.infokuryr.cz\/n\/?p=4782"},"modified":"2021-09-16T07:50:25","modified_gmt":"2021-09-16T05:50:25","slug":"chci-jen-svuj-zivot-zpet-rika-16leta-ktere-se-po-podani-vakciny-pfizer-rozvinuly-neurologicke-priznaky","status":"publish","type":"post","link":"https:\/\/www.infokuryr.cz\/n\/2021\/09\/16\/chci-jen-svuj-zivot-zpet-rika-16leta-ktere-se-po-podani-vakciny-pfizer-rozvinuly-neurologicke-priznaky\/","title":{"rendered":"Chci jen sv\u016fj \u017eivot zp\u011bt, \u0159\u00edk\u00e1 16let\u00e1, kter\u00e9 se po pod\u00e1n\u00ed vakc\u00edny Pfizer rozvinuly neurologick\u00e9 p\u0159\u00edznaky"},"content":{"rendered":"<div id=\"fb-root\"><\/div>\n<p><em><span>V exkluzivn\u00edm rozhovoru pro The Defender 16let\u00e1 Sarah Green a jej\u00ed matka popsali Sarah neurologick\u00e9 p\u0159\u00edznaky po o\u010dkov\u00e1n\u00ed vakc\u00ednou Pfizer a to, jak l\u00e9ka\u0159i odm\u00edtli uznat, \u017ee za to m\u016f\u017ee b\u00fdt v d\u016fsledku vakc\u00edny.<\/span><\/em><\/p>\n<p><span>Sarah Greenov\u00e1 byla zdrav\u00e1 16let\u00e1 \u017eena-dokud se u n\u00ed po o\u010dkov\u00e1n\u00ed vakc\u00ednou COVID spole\u010dnosti Pfizer neobjevily neurologick\u00e9 probl\u00e9my.\u00a0L\u00e9ka\u0159i ale \u0159ekli, \u017ee jej\u00ed nov\u00e9 chv\u011bn\u00ed, tiky a oslabuj\u00edc\u00ed migr\u00e9ny nemohly b\u00fdt zp\u016fsobeny o\u010dkov\u00e1n\u00edm.<\/span><\/p>\n<p><span>V exkluzivn\u00edm rozhovoru pro The Defender Sarah a jej\u00ed matka Marie Green \u0159ekly, \u017ee se c\u00edt\u00ed bezmocn\u00ed, proto\u017ee nikdo nechce uznat po\u0161kozen\u00ed Sarah o\u010dkov\u00e1n\u00edm a \u201enikdo jim nem\u016f\u017ee pomoci\u201c.<\/span><\/p>\n<p><span>Sarah dostala 4. kv\u011btna druhou d\u00e1vku p\u0159\u00edpravku Pfizer a okam\u017eit\u011b ji za\u010dala bolet hlava v z\u00e1tylku, kter\u00e1 se roz\u0161\u00ed\u0159ila do sp\u00e1nk\u016f.\u00a0\u0158ekla, \u017ee to vypad\u00e1, jako by ji \u201ep\u0159ejel autobus\u201c.\u00a0Trochu si zd\u0159\u00edmla a doufala, \u017ee to p\u0159ejde.<\/span><\/p>\n<p><span>Bolest hlavy ale nezmizela a b\u011bhem t\u0159\u00ed t\u00fddn\u016f se Sarah pomalu ve tv\u00e1\u0159i objevily mal\u00e9 z\u00e1\u0161kuby.<\/span><\/p>\n<p><span>\u201eV noci 23. kv\u011btna jsem \u0161la do domu m\u00e9ho otce, proto\u017ee se mi ka\u017ed\u00fdch 15 sekund za\u010dal stahovat\u00a0krk,\u201c \u0159ekla Sarah.<\/span><\/p>\n<p><span>Green \u0159ekl, \u017ee Sarah za\u010dala slovo a bylo to, jako by se jej\u00ed mozek p\u0159izp\u016fsoboval. Bylo to, jako by se sna\u017eila dostat slovo &#8211; pr\u00e1v\u011b to za\u010dalo znovu.&#8220;<\/span><\/p>\n<p><span>Pot\u00e9, co se Sarah zhor\u0161ily p\u0159\u00edznaky, ji rodi\u010de vzali do Johnston Health ve Smithfieldu v Severn\u00ed Karol\u00edn\u011b.\u00a0Po p\u0159\u00edjezdu l\u00e9ka\u0159i zjistili, \u017ee se Sarah celou dobu chv\u011bla.\u00a0Green \u0159ekl, \u017ee l\u00e9ka\u0159 se pod\u00edval dol\u016f a zjistil, \u017ee Sarah m\u00e1 v prav\u00e9 noze tak\u00e9 t\u0159es, ale nem\u011bli d\u011btsk\u00e9ho neurologa, tak\u017ee po jej\u00ed stabilizaci byla p\u0159evezena do WakeMed v Raleighu.<\/span><\/p>\n<p><span>Sarahovy EEG, MRI s kontrastem i bez n\u011bj a CT vy\u0161et\u0159en\u00ed byly norm\u00e1ln\u00ed.\u00a0Po dvou dnech p\u0159i\u0161el l\u00e9ka\u0159 a \u0159ekl, \u017ee Sarah m\u00e1 nervov\u00e9 \u0161kub\u00e1n\u00ed a pot\u0159ebovala by nav\u0161t\u00edvit psychiatra.<\/span><\/p>\n<p><span>B\u011bhem kontrastn\u00ed magnetick\u00e9 rezonance \u0159ekla Sarahov\u00e9 matka, \u017ee u\u017e ned\u00fdch\u00e1 a \u017ee ji museli vyt\u00e1hnout ze stroje a intubovat. O dv\u011b hodiny pozd\u011bji p\u0159i\u0161el l\u00e9ka\u0159 a \u0159ekl, \u017ee po\u0161lou Sarah dom\u016f.<\/span><\/p>\n<p><span>\u201eNecht\u011bli ji ani odk\u00e1zat na neurologa,\u201c \u0159ekla Green. &#8222;\u0158ekli, \u017ee to bylo jen nervov\u00fd stres a m\u011bla by nav\u0161t\u00edvit terapeuta.&#8220;<\/span><\/p>\n<p><span>Green \u0159ekla, \u017ee vakc\u00edna nebyla prvn\u00ed v\u011bc\u00ed, na kterou myslela, kdy\u017e za\u010daly p\u0159\u00edznaky jej\u00ed dcery, ale nemocnice ji nechala vyplnit formul\u00e1\u0159 se seznamem v\u011bc\u00ed, kter\u00e9 se mohly zm\u011bnit, a \u201ekdy\u017e na tom z\u00e1le\u017eelo, jedin\u00e1 v\u011bc, kter\u00e1 se zm\u011bnila, byla vakc\u00edna\u201c .<\/span><\/p>\n<p><span>Kdy\u017e se Green zeptal l\u00e9ka\u0159e, zda by vakc\u00edna mohla zp\u016fsobit stav jej\u00ed dcery, velmi se br\u00e1nil a \u0159ekl: \u201eNem\u016f\u017eeme za to, to je v\u0161echno.\u201c<\/span><\/p>\n<p><span>Green \u0159ekl, \u017ee l\u00e9ka\u0159ova reakce byla frustruj\u00edc\u00ed.\u00a0\u201eJak m\u016f\u017eete \u0159\u00edct, \u017ee nev\u00edte, co to je, ale tvrd\u00edte, \u017ee p\u0159\u00ed\u010dinou nen\u00ed vakc\u00edna,\u201c zeptala se.<\/span><\/p>\n<p><span>Green \u0159ekl: \u201eJakmile jsme \u0159ekli, \u017ee je to vakc\u00edna, cht\u011bli se n\u00e1s dostate\u010dn\u011b rychle zbavit.\u201c<\/span><\/p>\n<p><span>Kdy\u017e se Sarah 6. \u010dervna kone\u010dn\u011b vydala k neurologovi, Green se zeptala zda Sarahin stav souvis\u00ed s vakc\u00ednou.<\/span><\/p>\n<p><span>Doktor \u0159ekl, \u017ee Sarah m\u011bla funk\u010dn\u00ed pohybovou poruchu, kter\u00e1 s vakc\u00ednou nesouvis\u00ed &#8211; a\u010dkoli \u0159ekl, \u017ee od schv\u00e1len\u00ed vakc\u00edn proti COVID zaznamenal v\u00edce p\u0159\u00edpad\u016f, proto\u017ee lid\u00e9 jsou z vakc\u00edny stresovan\u00ed a je psychosomatick\u00e1.<\/span><\/p>\n<p><span>Podle N\u00e1rodn\u00ed organizace pro vz\u00e1cn\u00e9 poruchy je funk\u010dn\u00ed pohybov\u00e1 porucha typ funk\u010dn\u00ed neurologick\u00e9 poruchy, ke kter\u00e9 doch\u00e1z\u00ed, kdy\u017e je probl\u00e9m s fungov\u00e1n\u00edm nervov\u00e9ho syst\u00e9mu a zp\u016fsobem, jak\u00fdm mozek a t\u011blo vys\u00edlaj\u00ed a\u00a0 nebo p\u0159ij\u00edmaj\u00ed sign\u00e1ly &#8211; a neboli maj\u00ed struktur\u00e1ln\u00ed chorobn\u00fd proces, jako je roztrou\u0161en\u00e1 skler\u00f3za nebo mrtvice.<\/span><\/p>\n<p><span>Porucha m\u016f\u017ee zahrnovat r\u016fzn\u00e9 neurologick\u00e9 p\u0159\u00edznaky, jako nap\u0159\u00edklad: \u00a0t\u0159es, dystonie, trhav\u00e9 pohyby (myoklonus) a probl\u00e9my s ch\u016fz\u00ed (porucha ch\u016fze).<\/span><\/p>\n<p><span>Green nesouhlasila s l\u00e9ka\u0159ov\u00fdm hodnocen\u00edm, \u017ee Sarahova reakce je \u201epsychosomatick\u00e1\u201c.<\/span><\/p>\n<p><span>\u201eSarah je 16 le. Byla nerv\u00f3zn\u00ed, \u017ee dostala jehlu do pa\u017ee, ale kdy\u017e dostala vakc\u00ednu, nasadila si n\u00e1plast a ode\u0161la do Starbucks,\u201c \u0159ekla Green.<\/span><\/p>\n<p><span>\u201eKdy\u017e jsem se to pokusila vysv\u011btlit jej\u00edmu neurologovi, \u0159ekl mi, abych se p\u0159estal soust\u0159edit na p\u0159\u00ed\u010dinu a soust\u0159edil se na to, aby moje dcera byla zdrav\u00e1,\u201c \u0159ekla Green. &#8222;Ale c\u00edtil jsem, \u017ee bychom s n\u00ed nemohli zach\u00e1zet spr\u00e1vn\u011b, kdybychom nev\u011bd\u011bli pro\u010d.&#8220;<\/span><\/p>\n<p><span>Green \u0159ekla, \u017ee Sarah z\u00edskala vakc\u00ednu sama, proto\u017ee Severn\u00ed Karol\u00edna j\u00ed umo\u017e\u0148uje o\u010dkov\u00e1n\u00ed bez souhlasu rodi\u010d\u016f.<\/span><\/p>\n<p><span>\u201ePracuje v odv\u011btv\u00ed rychl\u00e9ho ob\u010derstven\u00ed a v prvn\u00ed linii a bylo jim \u0159e\u010deno, \u017ee o\u010dkov\u00e1n\u00ed je povinn\u00e9,\u201c \u0159ekla Green. \u201eKrispy Kreme rozd\u00e1val tucet koblih, tak\u017ee d\u011bti \u0161ly a nechaly se o\u010dkovat.\u201c<\/span><\/p>\n<p><span>Green \u0159ekla, \u017ee ani ona, ani jej\u00ed man\u017eel nebyli o\u010dkov\u00e1ni proti COVID.\u00a0Kdy\u017e Sarah \u0159ekla, \u017ee chce b\u00fdt o\u010dkov\u00e1na, Green j\u00ed a jej\u00edmu man\u017eelovi vysv\u011btlil v\u00fdhrady a pro\u010d o\u010dkov\u00e1n\u00ed necht\u011bli.<\/span><\/p>\n<p><span>Green \u0159ekla:<\/span><\/p>\n<p><em>Mnohokr\u00e1t jsme se ptali, pro\u010d byla o\u010dkovan\u00e1, a my ne.\u00a0P\u0159i\u0161la k n\u00e1m a \u0159ekla n\u00e1m, \u017ee chce dostat vakc\u00ednu, ale nev\u011bd\u011bli jsme, \u017ee se rozhodla.\u00a0Diskutovali jsme o tom, ale jejich pr\u00e1ce a bezplatn\u00e9 pob\u00eddky, kter\u00e9 si mysl\u00edm byly zam\u011b\u0159eny na mlad\u00e9 lidi &#8211; Krispy Kreme jim nab\u00eddl tucet koblih zdarma &#8211; opravdu ovlivnily jejich rozhodnut\u00ed.<\/em><\/p>\n<p><span>Sarah bylo \u0159e\u010deno, \u017ee riziko o\u010dkov\u00e1n\u00ed je, \u017ee m\u00e1 na p\u00e1r dn\u00ed bolavou pa\u017ei, ale ub\u011bhly m\u011bs\u00edce a neda\u0159\u00ed se j\u00ed zbavit\u00a0n\u00e1sledk\u016f vakcinace.<\/span><\/p>\n<p><span>Kv\u016fli jej\u00edm symptom\u016fm musela Sarah v tomto semestru odej\u00edt ze dvou vysoko\u0161kolsk\u00fdch kurz\u016f.\u00a0&#8222;Pr\u00e1v\u011b za\u010dala \u0159\u00eddit, ale u\u017e nem\u016f\u017ee \u0159\u00eddit, proto\u017ee u\u017e nem\u016f\u017ee vzhl\u00ed\u017eet ani ot\u00e1\u010det hlavu doprava, ani\u017e by zp\u016fsobovala spastick\u00e9 z\u00e1\u0161kuby.&#8220;\u00a0Ani neum\u00ed ps\u00e1t, \u201c\u0159ekla Green. &#8222;Neust\u00e1le se t\u0159ese jako n\u011bkdo s Parkinsonovou chorobou.&#8220;<\/span><\/p>\n<p><span>P\u0159\u00edznaky Sarah se postupem \u010dasu jen zhor\u0161ovaly, ale jedinou mo\u017enost\u00ed l\u00e9\u010dby, kter\u00e1 j\u00ed byla doporu\u010dena, byl l\u00e9k podobn\u00fd Benadrylu.<\/span><\/p>\n<p><span>Green \u0159ekla:<\/p>\n<p><\/span><em>Je to tak frustruj\u00edc\u00ed. Pokusili jsme se ji dostat do floridsk\u00e9 nemocnice, ale maj\u00ed \u0161estim\u011bs\u00ed\u010dn\u00ed \u010dekac\u00ed listinu. Zavolali jsme do Clevelandu, ale maj\u00ed t\u0159\u00edm\u011bs\u00ed\u010dn\u00ed \u010dekac\u00ed listinu. Zavolali jsme do Shriners Hospital, ale ani je necht\u011bj\u00ed vid\u011bt. M\u011bli jsme sch\u016fzku s l\u00e9ka\u0159em, ale m\u011blo to b\u00fdt prost\u0159ednictv\u00edm videokonference. St\u00e1le p\u0159ed n\u00e1mi pr\u00e1skaj\u00ed dve\u0159mi, a jakmile zm\u00edn\u00ed vakc\u00ednu, necht\u011bj\u00ed s n\u00e1mi m\u00edt nic spole\u010dn\u00e9ho.<\/em><\/p>\n<p><span>Green \u0159ekla, \u017ee ona a Sarah nejsou proti o\u010dkov\u00e1n\u00ed. &#8222;Sarah dostala v\u0161echna sv\u00e1 o\u010dkov\u00e1n\u00ed, ale je p\u0159\u00edli\u0161 mnoho lid\u00ed, kte\u0159\u00ed nev\u011bd\u00ed, \u017ee s t\u011bmito mRNA je probl\u00e9m.&#8220; Kdyby alespo\u0148 uznali mo\u017en\u00e9 vedlej\u0161\u00ed \u00fa\u010dinky &#8230; ale p\u0159edst\u00edraj\u00ed, \u017ee se to ned\u011bje, a nen\u00ed v\u016f\u010di n\u00ed f\u00e9r, \u017ee cel\u00fd jejich \u017eivot je zni\u010den, \u201cdodala.<\/span><\/p>\n<p><span>Greenov\u00e1 uvedla, \u017ee Sarah po\u0161kozen\u00ed o\u010dkov\u00e1n\u00edm nahl\u00e1sila Centru pro kontrolu a prevenci nemoc\u00ed (CDC) a syst\u00e9mu hl\u00e1\u0161en\u00ed ne\u017e\u00e1douc\u00edch \u00fa\u010dink\u016f spole\u010dnosti Pfizer (ID 1354500).<\/p>\n<p><\/span><em>Kdy\u017e jsem zavolal do spole\u010dnosti Pfizer, musela jsem odpov\u011bd\u011bt na n\u011bkolik ot\u00e1zek a oni \u0159ekli, \u017ee zavolaj\u00ed zp\u011bt, pokud se objev\u00ed n\u011bjak\u00e9 nov\u00e9 p\u0159\u00edznaky, aby mohli aktualizovat svou zpr\u00e1vu, \u0159ekla Green. &#8222;Kdy\u017e jsem zavolala podruh\u00e9, \u0159ekli, \u017ee ztratili zpr\u00e1vu.Kdy\u017e jsem se zeptala, jestli se ozval je\u0161t\u011b n\u011bkdo se stejn\u00fdmi p\u0159\u00edznaky, odpov\u011bd\u011bli &#8218;ne&#8216;. &#8222;<\/em><\/p>\n<p><span>Jak ochr\u00e1nce pr\u00e1va informoval 8. z\u00e1\u0159\u00ed, t\u0159icetilet\u00e1 \u017eena utrp\u011bla v\u00e1\u017en\u00e9 neurologick\u00e9 komplikace pot\u00e9, co dostala vakc\u00ednu COVID od spole\u010dnosti Pfizer a tak\u00e9 ozn\u00e1mila sv\u00e9 zran\u011bn\u00ed spole\u010dnosti Pfizer.<\/span><\/p>\n<p><span>29. \u010dervna uspo\u0159\u00e1dal americk\u00fd sen\u00e1tor Ron Johnson tiskovou konferenci s rodinami, kter\u00e9 byly o\u010dkov\u00e1ny proti COVID, v\u010detn\u011b vakc\u00edny Pfizer, s neurologick\u00fdm po\u0161kozen\u00edm.<\/span><\/p>\n<p><span>Mezi nimi byla Maddie de Garay z Ohia, kter\u00e1 se ve v\u011bku 12 let p\u0159ihl\u00e1sila jako dobrovolnice do studie vakc\u00edny spole\u010dnosti Pfizer.\u00a0Nyn\u00ed je na invalidn\u00edm voz\u00edku pot\u00e9, co trp\u011bla v\u00e1\u017en\u00fdmi vedlej\u0161\u00edmi \u00fa\u010dinky vakc\u00edny.<\/span><\/p>\n<p><span>Green, kter\u00e1 \u0159ekla, \u017ee Sarah byla p\u0159ed o\u010dkov\u00e1n\u00edm zdrav\u00e1 a \u017eila sv\u016fj nejlep\u0161\u00ed \u017eivot, je velmi znepokojena t\u00edm, \u017ee vakc\u00ednu dost\u00e1vaj\u00ed d\u011bti do 12 let. \u201eM\u011bli byste probl\u00e9m uznat a opravit ho, nebo alespo\u0148 d\u00e1t lidem v\u011bd\u011bt, na co si d\u00e1t pozor,\u201c \u0159ekla.<\/span><\/p>\n<p><span>\u201eChci jen sv\u016fj \u017eivot,\u201c \u0159ekla Sarah.\u00a0&#8222;V\u0161echno bylo odlo\u017eeno.&#8220;\u00a0Musel jsem odej\u00edt z vysok\u00e9 \u0161koly, proto\u017ee neum\u00edm ps\u00e1t a m\u00e1m sch\u016fzky s l\u00e9ka\u0159em. Chodila\u00a0jsem ven s p\u0159\u00e1teli, ale te\u010f je to vy\u010derp\u00e1vaj\u00edc\u00ed. Moje migr\u00e9ny jsou tak \u0161patn\u00e9, \u017ee mus\u00edm sed\u011bt hodiny v temn\u00e9 m\u00edstnosti bez sv\u011btel a spot\u0159ebi\u010d\u016f. \u201c<\/span><\/p>\n<p><span>Matka Sarah \u0159ekla, \u017ee se c\u00edt\u00ed provinile, \u017ee se nepod\u00edvala na vakc\u00ednu, ne\u017e jej\u00ed dcera dostala prvn\u00ed d\u00e1vku. Nyn\u00ed se c\u00edt\u00ed bezmocn\u00e1, proto\u017ee \u201em\u00e1te pocit, \u017ee nem\u016f\u017eete nic d\u011blat a \u017ee v\u00e1m nikdo nem\u016f\u017ee pomoci\u201c.<\/span><\/p>\n<p><img decoding=\"async\" loading=\"lazy\" class=\"alignnone size-full wp-image-1185\" src=\"http:\/\/www.infokuryr.cz\/n\/wp-content\/uploads\/2021\/04\/kuryr-podpis.png\" alt=\"\" width=\"84\" height=\"24\" \/><\/p>\n<p>&nbsp;<\/p>\n","protected":false},"excerpt":{"rendered":"<p>V exkluzivn\u00edm rozhovoru pro The Defender 16let\u00e1 Sarah Green a jej\u00ed matka popsali Sarah neurologick\u00e9&#8230;<\/p>\n","protected":false},"author":2,"featured_media":4783,"comment_status":"closed","ping_status":"closed","sticky":false,"template":"","format":"standard","meta":[],"categories":[7],"tags":[213,315,37,46],"_links":{"self":[{"href":"https:\/\/www.infokuryr.cz\/n\/wp-json\/wp\/v2\/posts\/4782"}],"collection":[{"href":"https:\/\/www.infokuryr.cz\/n\/wp-json\/wp\/v2\/posts"}],"about":[{"href":"https:\/\/www.infokuryr.cz\/n\/wp-json\/wp\/v2\/types\/post"}],"author":[{"embeddable":true,"href":"https:\/\/www.infokuryr.cz\/n\/wp-json\/wp\/v2\/users\/2"}],"replies":[{"embeddable":true,"href":"https:\/\/www.infokuryr.cz\/n\/wp-json\/wp\/v2\/comments?post=4782"}],"version-history":[{"count":0,"href":"https:\/\/www.infokuryr.cz\/n\/wp-json\/wp\/v2\/posts\/4782\/revisions"}],"wp:featuredmedia":[{"embeddable":true,"href":"https:\/\/www.infokuryr.cz\/n\/wp-json\/wp\/v2\/media\/4783"}],"wp:attachment":[{"href":"https:\/\/www.infokuryr.cz\/n\/wp-json\/wp\/v2\/media?parent=4782"}],"wp:term":[{"taxonomy":"category","embeddable":true,"href":"https:\/\/www.infokuryr.cz\/n\/wp-json\/wp\/v2\/categories?post=4782"},{"taxonomy":"post_tag","embeddable":true,"href":"https:\/\/www.infokuryr.cz\/n\/wp-json\/wp\/v2\/tags?post=4782"}],"curies":[{"name":"wp","href":"https:\/\/api.w.org\/{rel}","templated":true}]}}