{"id":47804,"date":"2024-02-24T00:39:46","date_gmt":"2024-02-23T23:39:46","guid":{"rendered":"https:\/\/www.infokuryr.cz\/n\/?p=47804"},"modified":"2024-02-23T20:13:07","modified_gmt":"2024-02-23T19:13:07","slug":"jiri-paroubek-69-pro-rychle-ukonceni-valky-na-ukrajine","status":"publish","type":"post","link":"https:\/\/www.infokuryr.cz\/n\/2024\/02\/24\/jiri-paroubek-69-pro-rychle-ukonceni-valky-na-ukrajine\/","title":{"rendered":"Ji\u0159\u00ed Paroubek: 69% pro rychl\u00e9 ukon\u010den\u00ed v\u00e1lky na Ukrajin\u011b"},"content":{"rendered":"<div id=\"fb-root\"><\/div>\n<p><strong>Podle pr\u016fzkumu agentury Stem si 69% \u010desk\u00fdch ob\u010dan\u016f p\u0159eje rychl\u00e9 ukon\u010den\u00ed konfliktu na Ukrajin\u011b, a to i za cenu ur\u010dit\u00fdch \u00fazemn\u00edch ztr\u00e1t ukrajinsk\u00e9ho \u00fazem\u00ed ve prosp\u011bch Ruska.<\/strong><\/p>\n<p>Mysl\u00edm, \u017ee toto by m\u011bla b\u00fdt kl\u00ed\u010dov\u00e1 informace pro vedouc\u00ed politick\u00e9 \u010dinitele tohoto st\u00e1tu, proto\u017ee v\u00edce ne\u017e dv\u011b t\u0159etiny jeho ob\u010dan\u016f si &#8222;n\u011bco&#8220; p\u0159ej\u00ed. V\u00a0tomto p\u0159\u00edpad\u011b by se jednalo o z\u00e1va\u017en\u00e9 politick\u00e9 rozhodnut\u00ed, v rozporu s vl\u00e1dn\u00ed politikou. Samoz\u0159ejm\u011b, zaj\u00edmav\u00e9 by byly i n\u011bkter\u00e9 dal\u0161\u00ed ot\u00e1zky. Nap\u0159.: Kolik ob\u010dan\u016f si nyn\u00ed p\u0159eje p\u0159estat s\u00a0dod\u00e1vkami zbran\u00ed na Ukrajinu a t\u00edm eskalovat tento konflikt?<\/p>\n<p>53% ob\u010dan\u016f si p\u0159eje, aby pokra\u010dovala pomoc ukrajinsk\u00fdm uprchl\u00edk\u016fm. Je to ov\u0161em ni\u017e\u0161\u00ed \u010d\u00edslo, ne\u017e jak\u00e9 bylo p\u0159i p\u0159edchoz\u00edm m\u011b\u0159en\u00ed.<\/p>\n<p>Takov\u00fd v\u00fdvoj n\u00e1zor\u016f \u010desk\u00e9 spole\u010dnosti se dal o\u010dek\u00e1vat a mysl\u00edm, \u017ee s postupuj\u00edc\u00edm v\u00e1le\u010dn\u00fdm konfliktem, ve kter\u00e9m, jak se zd\u00e1, hraj\u00ed \u010d\u00edm d\u00e1l v\u00edce prim Rusov\u00e9, kte\u0159\u00ed postupuj\u00ed na \u0159ad\u011b \u00fasek\u016f 1300 km dlouh\u00e9 fronty, se bude po\u010det lid\u00ed s\u00a0t\u00edmto n\u00e1zorem je\u0161t\u011b zvy\u0161ovat.<\/p>\n<p><a href=\"https:\/\/stranapro.cz\/\"><img decoding=\"async\" loading=\"lazy\" class=\"alignnone wp-image-40285 aligncenter\" src=\"http:\/\/www.infokuryr.cz\/n\/wp-content\/uploads\/2023\/11\/11pro-300x79.png\" alt=\"\" width=\"600\" height=\"158\" srcset=\"https:\/\/www.infokuryr.cz\/n\/wp-content\/uploads\/2023\/11\/11pro-300x79.png 300w, https:\/\/www.infokuryr.cz\/n\/wp-content\/uploads\/2023\/11\/11pro.png 363w\" sizes=\"(max-width: 600px) 100vw, 600px\" \/><\/a><\/p>\n<p>Bohu\u017eel, \u010dinitel\u00e9 NATO zat\u00edm mluv\u00ed sp\u00ed\u0161e o eskalaci s\u00a0t\u00edm, \u017ee st\u00edha\u010dky F-16, kter\u00e9 maj\u00ed b\u00fdt Ukrajin\u011b dod\u00e1ny, mohou \u00fato\u010dit i na rusk\u00e9m \u00fazem\u00ed. Konstatuji, \u017ee \u010dinitel\u00e9 NATO, jmenovit\u011b gener\u00e1ln\u00ed tajemn\u00edk v\u00a0tomto p\u0159\u00edpad\u011b, ale tak\u00e9 \u0159ada \u0161\u00e9f\u016f st\u00e1t\u016f a vl\u00e1d EU, projevuje ve vztahu ke konfliktu na Ukrajin\u011b stejnou lehkomyslnost, jakou v\u00a0polovin\u011b roku 1914 projevovaly politick\u00e9 \u0161pi\u010dky rozhoduj\u00edc\u00edch evropsk\u00fdch zem\u00ed: N\u011bmecka, Ruska, Velk\u00e9 Brit\u00e1nie a tak\u00e9 Rakouska-Uherska. A kr\u00e1tce po Sarajevsk\u00e9m atent\u00e1tu na rakousk\u00e9ho n\u00e1sledn\u00edka tr\u016fnu se rozpoutal celoevropsk\u00fd a n\u00e1sledn\u011b celosv\u011btov\u00fd konflikt, kter\u00fd dnes s\u00a0odstupem naz\u00fdv\u00e1me I. sv\u011btov\u00e1 v\u00e1lka anebo tak\u00e9 Velk\u00e1 v\u00e1lka. V\u00fdsledkem konfliktu byly miliony zma\u0159en\u00fdch \u017eivot\u016f, miliony zmrza\u010den\u00fdch, obrovsk\u00e9 materi\u00e1ln\u00ed \u0161kody a tak\u00e9 \u00fapln\u00e9 rozbit\u00ed politick\u00e9 struktury Evropy a sv\u011bta. D\u016fsledkem v\u00e1lky byla bol\u0161evick\u00e1 revoluce v\u00a0Rusku, fa\u0161ismus v\u00a0It\u00e1lii a s\u00a0ur\u010dit\u00fdm \u010dasov\u00fdm odstupem tak\u00e9 nacistick\u00fd re\u017eim v\u00a0N\u011bmecku a nov\u00e1, II. sv\u011btov\u00e1 v\u00e1lka.<\/p>\n<p>\u010ce\u0161i jsou jako obvykle racion\u00e1ln\u00ed, by\u0165 dnes racion\u00e1ln\u00ed \u010d\u00e1st \u010desk\u00e9 spole\u010dnosti p\u0159edstavuje jej\u00ed ml\u010d\u00edc\u00ed v\u011bt\u0161inu, za kterou se sna\u017e\u00ed mluvit jak\u00e1si v\u00e1le\u010dn\u00e1 strana, kterou vytvo\u0159ila vl\u00e1da p\u011btikoalice.<\/p>\n<p>Ji\u017e p\u0159ed dv\u011bma lety jsem volal po m\u00edrov\u00e9m \u0159e\u0161en\u00ed konfliktu ve v\u00fdchodn\u00ed Evrop\u011b. K\u00a0tomu nedo\u0161lo. V\u00fdsledkem jsou statis\u00edce mrtv\u00fdch voj\u00e1k\u016f, ale tak\u00e9 des\u00edtky tis\u00edc mrtv\u00fdch civilist\u016f, nedoz\u00edrn\u00e9 materi\u00e1ln\u00ed hodnoty.<\/p>\n<p>Pokud jde o \u010cesko, v\u00fdsledkem tohoto konfliktu je v\u00a0d\u016fsledku r\u016fstu cen rozhoduj\u00edc\u00edch surovinov\u00fdch komodit, po\u010d\u00ednaje energetick\u00fdmi surovinami, zem\u011bd\u011blsk\u00fdmi produkty a pr\u016fmyslov\u00fdmi kovy, obrovsk\u00e1 inflace a razantn\u00ed pokles \u017eivotn\u00ed \u00farovn\u011b \u010desk\u00e9ho obyvatelstva. Je dob\u0159e, \u017ee \u010ce\u0161i za\u010d\u00ednaj\u00ed tyto souvislosti mezi v\u00e1lkou na Ukrajin\u011b a poklesem sv\u00e9 \u017eivotn\u00ed \u00farovn\u011b vn\u00edmat. Kdo to ov\u0161em vn\u00edmat nebude schopen, je Fialova vl\u00e1da a j\u00ed podporuj\u00edc\u00ed men\u0161ina \u010desk\u00e9ho obyvatelstva.<\/p>\n<p><a href=\"https:\/\/vasevec.info\/komentare\/69-pro-rychle-ukonceni-valky-na-ukrajine\">Ji\u0159\u00ed Paroubek<\/a><\/p>\n<p><img decoding=\"async\" loading=\"lazy\" class=\"alignnone size-medium wp-image-2342\" src=\"http:\/\/www.infokuryr.cz\/n\/wp-content\/uploads\/2021\/06\/paroubek-300x208.jpg\" alt=\"\" width=\"300\" height=\"208\" srcset=\"https:\/\/www.infokuryr.cz\/n\/wp-content\/uploads\/2021\/06\/paroubek-300x208.jpg 300w, https:\/\/www.infokuryr.cz\/n\/wp-content\/uploads\/2021\/06\/paroubek.jpg 318w\" sizes=\"(max-width: 300px) 100vw, 300px\" \/><\/p>\n<p>&nbsp;<\/p>\n<p><img decoding=\"async\" loading=\"lazy\" class=\"alignnone wp-image-47634 aligncenter\" src=\"http:\/\/www.infokuryr.cz\/n\/wp-content\/uploads\/2024\/02\/Pozvanka_Praha-_23.3.24-300x229.jpg\" alt=\"\" width=\"650\" height=\"496\" srcset=\"https:\/\/www.infokuryr.cz\/n\/wp-content\/uploads\/2024\/02\/Pozvanka_Praha-_23.3.24-300x229.jpg 300w, https:\/\/www.infokuryr.cz\/n\/wp-content\/uploads\/2024\/02\/Pozvanka_Praha-_23.3.24.jpg 595w\" sizes=\"(max-width: 650px) 100vw, 650px\" \/><\/p>\n","protected":false},"excerpt":{"rendered":"<p>Podle pr\u016fzkumu agentury Stem si 69% \u010desk\u00fdch ob\u010dan\u016f p\u0159eje rychl\u00e9 ukon\u010den\u00ed konfliktu na Ukrajin\u011b, a&#8230;<\/p>\n","protected":false},"author":2,"featured_media":22962,"comment_status":"closed","ping_status":"closed","sticky":false,"template":"","format":"standard","meta":[],"categories":[6],"tags":[29,565,620,40],"_links":{"self":[{"href":"https:\/\/www.infokuryr.cz\/n\/wp-json\/wp\/v2\/posts\/47804"}],"collection":[{"href":"https:\/\/www.infokuryr.cz\/n\/wp-json\/wp\/v2\/posts"}],"about":[{"href":"https:\/\/www.infokuryr.cz\/n\/wp-json\/wp\/v2\/types\/post"}],"author":[{"embeddable":true,"href":"https:\/\/www.infokuryr.cz\/n\/wp-json\/wp\/v2\/users\/2"}],"replies":[{"embeddable":true,"href":"https:\/\/www.infokuryr.cz\/n\/wp-json\/wp\/v2\/comments?post=47804"}],"version-history":[{"count":0,"href":"https:\/\/www.infokuryr.cz\/n\/wp-json\/wp\/v2\/posts\/47804\/revisions"}],"wp:featuredmedia":[{"embeddable":true,"href":"https:\/\/www.infokuryr.cz\/n\/wp-json\/wp\/v2\/media\/22962"}],"wp:attachment":[{"href":"https:\/\/www.infokuryr.cz\/n\/wp-json\/wp\/v2\/media?parent=47804"}],"wp:term":[{"taxonomy":"category","embeddable":true,"href":"https:\/\/www.infokuryr.cz\/n\/wp-json\/wp\/v2\/categories?post=47804"},{"taxonomy":"post_tag","embeddable":true,"href":"https:\/\/www.infokuryr.cz\/n\/wp-json\/wp\/v2\/tags?post=47804"}],"curies":[{"name":"wp","href":"https:\/\/api.w.org\/{rel}","templated":true}]}}