{"id":47797,"date":"2024-02-24T00:34:29","date_gmt":"2024-02-23T23:34:29","guid":{"rendered":"https:\/\/www.infokuryr.cz\/n\/?p=47797"},"modified":"2024-02-23T20:01:58","modified_gmt":"2024-02-23T19:01:58","slug":"stalinovo-kgb-1948-vystridala-bidenova-fbi-2024-jak-z-kopiraku","status":"publish","type":"post","link":"https:\/\/www.infokuryr.cz\/n\/2024\/02\/24\/stalinovo-kgb-1948-vystridala-bidenova-fbi-2024-jak-z-kopiraku\/","title":{"rendered":"Stalinovo KGB 1948 vyst\u0159\u00eddala Bidenova FBI 2024: jak z kop\u00edr\u00e1ku"},"content":{"rendered":"<div id=\"fb-root\"><\/div>\n<div class=\"introtext\">\n<p><span style=\"font-size: 14pt;\"><strong>\u010c\u00edm v\u00edce chceme m\u00edr a neutralitu, \u010d\u00edm v\u00edce se boj\u00edme o sv\u00e9 potomky, t\u00edm v\u00edce n\u00e1s zatahuj\u00ed do sv\u00fdch sp\u00e1r\u016f nen\u00e1visti a v\u00e1lky.<\/strong><\/span><\/p>\n<\/div>\n<div class=\"fulltext\">\n<p>\u0160\u00e9f FBI Christopher Wray, jeden z nejvlivn\u011bj\u0161\u00edch lid\u00ed Spojen\u00fdch st\u00e1t\u016f, se v Praze setkal s \u0161\u00e9fy \u010desk\u00fdch bezpe\u010dnostn\u00edch a zpravodajsk\u00fdch slu\u017eeb a tak\u00e9 s ministrem vnitra.<\/p>\n<p>Wrayov\u011b p\u0159\u00edjezdu p\u0159edch\u00e1zely utajovan\u00e9 policejn\u00ed man\u00e9vry. Po celou dobu nebylo zn\u00e1m\u00e9 nejen m\u00edsto, kde se bude pohybovat, ale ani \u010das, kdy se setk\u00e1 s \u0161\u00e9fy \u010desk\u00fdch bezpe\u010dnostn\u00edch a zpravodajsk\u00fdch slu\u017eeb.<\/p>\n<p>&#8222;V p\u0159\u00edpad\u011b n\u00e1v\u0161t\u011bv takov\u00fdchto osobnost\u00ed nelze vylou\u010dit n\u011bjak\u00e9 bezpe\u010dnostn\u00ed ohro\u017een\u00ed, z tohoto d\u016fvodu pr\u00e1v\u011b i m\u00edsta setk\u00e1n\u00ed, lokace a ani \u010dasov\u00e9 \u00fadaje nejsou zve\u0159ej\u0148ov\u00e1ny,&#8220; uvedla bezpe\u010dnostn\u00ed expertka Barbora Vegrichtov\u00e1.<\/p>\n<p><a href=\"https:\/\/stranapro.cz\/\"><img decoding=\"async\" loading=\"lazy\" class=\"alignnone wp-image-40285 aligncenter\" src=\"http:\/\/www.infokuryr.cz\/n\/wp-content\/uploads\/2023\/11\/11pro-300x79.png\" alt=\"\" width=\"547\" height=\"144\" srcset=\"https:\/\/www.infokuryr.cz\/n\/wp-content\/uploads\/2023\/11\/11pro-300x79.png 300w, https:\/\/www.infokuryr.cz\/n\/wp-content\/uploads\/2023\/11\/11pro.png 363w\" sizes=\"(max-width: 547px) 100vw, 547px\" \/><\/a><\/p>\n<p>U\u017e ch\u00e1pete, pro\u010d zat\u00edm se chovaj\u00ed politick\u00e9 minority, jako kdy\u017e jim tento st\u00e1t pat\u0159\u00ed?<\/p>\n<p>P\u0159ijeli s kapsami pln\u00fdch pen\u011bz na zkorumpov\u00e1n\u00ed, nebo u\u017e USA te\u010de do bot a cht\u011bj\u00ed m\u00edt \u010desk\u00e9 ob\u010dany jako otroky, \u010di lidsk\u00e9 rukojm\u00ed?<\/p>\n<p>St\u00e1le jsme pod n\u011b\u010d\u00ed hrozbou: krmili jsme Rakousko-Uhersko jako nejpr\u016fmyslov\u011bj\u0161\u00ed st\u00e1t, jednou n\u00e1s napadnou nacisti a p\u0159ijdeme o Sudety, p\u0159edt\u00edm Pol\u00e1ci a zab\u00edrali T\u011b\u0161\u00ednsko, d\u011blaj\u00ed \u010di d\u011blali si z n\u00e1s dojnou kr\u00e1vu USA, SSSR a N\u011bmecko a skute\u010dnou svobodu n\u00e1\u0161 st\u00e1t a ob\u010dan\u00e9 v d\u011bjin\u00e1ch za\u017eili jen p\u00e1r let.<\/p>\n<p><strong>Dnes si op\u011bt tato vl\u00e1da mysl\u00ed, \u017ee drancov\u00e1n\u00ed na\u0161\u00ed zem\u011b ve jm\u00e9nu USA je beztrestn\u00e9 s ochrannou rukou USA. Co vyleze z n\u00e1v\u0161t\u011bvy \u0161\u00e9fa FBI Christophera Wraye uvid\u00edme, ale zd\u00e1 se, \u017ee Raku\u0161anovi na chv\u00edli spadl k\u00e1men ze srdce.\u00a0<\/strong><\/p>\n<p><a href=\"https:\/\/www.skrytapravda.cz\/z-domova\/1748-stalinovo-kgb-1948-vystridala-bidenova-fbi-2024-jak-z-kopiraku\">Petr Pokorn\u00fd<\/a><\/p>\n<p><img decoding=\"async\" loading=\"lazy\" class=\"wp-image-47634 aligncenter\" src=\"http:\/\/www.infokuryr.cz\/n\/wp-content\/uploads\/2024\/02\/Pozvanka_Praha-_23.3.24-300x229.jpg\" alt=\"\" width=\"705\" height=\"538\" srcset=\"https:\/\/www.infokuryr.cz\/n\/wp-content\/uploads\/2024\/02\/Pozvanka_Praha-_23.3.24-300x229.jpg 300w, https:\/\/www.infokuryr.cz\/n\/wp-content\/uploads\/2024\/02\/Pozvanka_Praha-_23.3.24.jpg 595w\" sizes=\"(max-width: 705px) 100vw, 705px\" \/><\/p>\n<p>&nbsp;<\/p>\n<\/div>\n","protected":false},"excerpt":{"rendered":"<p>\u010c\u00edm v\u00edce chceme m\u00edr a neutralitu, \u010d\u00edm v\u00edce se boj\u00edme o sv\u00e9 potomky, t\u00edm v\u00edce&#8230;<\/p>\n","protected":false},"author":2,"featured_media":47798,"comment_status":"closed","ping_status":"closed","sticky":false,"template":"","format":"standard","meta":[],"categories":[6],"tags":[160,166,3524,1032],"_links":{"self":[{"href":"https:\/\/www.infokuryr.cz\/n\/wp-json\/wp\/v2\/posts\/47797"}],"collection":[{"href":"https:\/\/www.infokuryr.cz\/n\/wp-json\/wp\/v2\/posts"}],"about":[{"href":"https:\/\/www.infokuryr.cz\/n\/wp-json\/wp\/v2\/types\/post"}],"author":[{"embeddable":true,"href":"https:\/\/www.infokuryr.cz\/n\/wp-json\/wp\/v2\/users\/2"}],"replies":[{"embeddable":true,"href":"https:\/\/www.infokuryr.cz\/n\/wp-json\/wp\/v2\/comments?post=47797"}],"version-history":[{"count":0,"href":"https:\/\/www.infokuryr.cz\/n\/wp-json\/wp\/v2\/posts\/47797\/revisions"}],"wp:featuredmedia":[{"embeddable":true,"href":"https:\/\/www.infokuryr.cz\/n\/wp-json\/wp\/v2\/media\/47798"}],"wp:attachment":[{"href":"https:\/\/www.infokuryr.cz\/n\/wp-json\/wp\/v2\/media?parent=47797"}],"wp:term":[{"taxonomy":"category","embeddable":true,"href":"https:\/\/www.infokuryr.cz\/n\/wp-json\/wp\/v2\/categories?post=47797"},{"taxonomy":"post_tag","embeddable":true,"href":"https:\/\/www.infokuryr.cz\/n\/wp-json\/wp\/v2\/tags?post=47797"}],"curies":[{"name":"wp","href":"https:\/\/api.w.org\/{rel}","templated":true}]}}