{"id":4778,"date":"2021-09-16T07:19:49","date_gmt":"2021-09-16T05:19:49","guid":{"rendered":"http:\/\/www.infokuryr.cz\/n\/?p=4778"},"modified":"2021-09-16T07:19:49","modified_gmt":"2021-09-16T05:19:49","slug":"vladimir-putin-skoncil-v-izolaci-z-obav-pred-nakazou","status":"publish","type":"post","link":"https:\/\/www.infokuryr.cz\/n\/2021\/09\/16\/vladimir-putin-skoncil-v-izolaci-z-obav-pred-nakazou\/","title":{"rendered":"Vladimir Putin skon\u010dil v izolaci z obav p\u0159ed n\u00e1kazou&#8230;"},"content":{"rendered":"<div id=\"fb-root\"><\/div>\n<h4>Vladimir Putin skon\u010dil v izolaci z obav p\u0159ed n\u00e1kazou, jeho spolupracovn\u00edk onemocn\u011bl koronavirem pouh\u00e9 3 dny po o\u010dkov\u00e1n\u00ed! Jen\u017ee, pr\u00fd ne\u0161lo o o\u010dkov\u00e1n\u00ed vakc\u00ednou Sputnik V, ale jeho poradce se nao\u010dkoval minul\u00fd t\u00fdden p\u0159i n\u00e1v\u0161t\u011bv\u011b p\u0159\u00edbuzn\u00fdch v Izraeli vakc\u00ednou Pfizer! Jen\u017ee ta nen\u00ed v Rusku schv\u00e1len\u00e1! Kreml pr\u00fd m\u00e1 podez\u0159en\u00ed, \u017ee by mohlo j\u00edt o biologick\u00fd pokus o odstran\u011bn\u00ed Vladimira Putina prost\u0159ednictv\u00edm biologick\u00e9ho bojov\u00e9ho vektoru! Co to je? Pro\u010d by se o\u010dkovan\u00fd Putin skr\u00fdval, kdy\u017e je o\u010dkovan\u00fd? Pot\u00e1p\u00ed se pro amfory, hlad\u00ed sn\u011b\u017en\u00e9 leopardy, jezd\u00ed na medv\u011bdech, ale boj\u00ed se n\u00e1kazy, i kdy\u017e je o\u010dkovan\u00fd?<\/h4>\n<p>Rusk\u00fd prezident Vladimir Putin skon\u010dil podle informac\u00ed m\u00e9di\u00ed v karant\u00e9n\u011b, proto\u017ee n\u011bkolik posledn\u00edch dn\u016f byl v \u00fazk\u00e9m kontaktu s jedn\u00edm ze sv\u00fdch poradc\u016f, kter\u00fd ov\u0161em\u00a0<strong>pouh\u00e9 3 dny po o\u010dkov\u00e1n\u00ed onemocn\u011bl v\u00e1\u017en\u011bj\u0161\u00ed respira\u010dn\u00ed nemoc\u00ed [<a href=\"https:\/\/href.li\/?https:\/\/www.reuters.com\/world\/europe\/vladimir-putin-is-self-isolate-after-covid-19-detected-entourage-kremlin-2021-09-14\/\" target=\"_blank\" rel=\"nofollow noopener\">1<\/a>].<\/strong>\u00a0Rusk\u00e1 ofici\u00e1ln\u00ed m\u00e9dia ml\u010d\u00ed ohledn\u011b jm\u00e9na dan\u00e9 osoby, ale na rusk\u00e9 alternativ\u011b se za\u010d\u00edn\u00e1 prosl\u00fdchat, \u017ee tento poradce minul\u00fd t\u00fdden nav\u0161t\u00edvil sv\u00e9 p\u0159\u00edbuzn\u00e9 v Izraeli a nechal se tam nao\u010dkovat vakc\u00ednou Pfizer. Jen\u017ee pouh\u00e9 3 dny pot\u00e9 onemocn\u011bl a vyka\u0161l\u00e1v\u00e1 krev z plic.<\/p>\n<figure id=\"attachment_48369\" class=\"wp-caption aligncenter\" style=\"width: 463px;\"><a href=\"https:\/\/aeronet.cz\/news\/wp-content\/uploads\/PutinDesk.jpg\"><img decoding=\"async\" loading=\"lazy\" class=\"wp-image-48369 \" src=\"https:\/\/aeronet.cz\/news\/wp-content\/uploads\/PutinDesk-1024x683.jpg\" sizes=\"(max-width: 700px) 100vw, 700px\" srcset=\"https:\/\/aeronet.cz\/news\/wp-content\/uploads\/PutinDesk-1024x683.jpg 1024w, https:\/\/aeronet.cz\/news\/wp-content\/uploads\/PutinDesk-300x200.jpg 300w, https:\/\/aeronet.cz\/news\/wp-content\/uploads\/PutinDesk-768x512.jpg 768w, https:\/\/aeronet.cz\/news\/wp-content\/uploads\/PutinDesk-700x467.jpg 700w, https:\/\/aeronet.cz\/news\/wp-content\/uploads\/PutinDesk-536x357.jpg 536w, https:\/\/aeronet.cz\/news\/wp-content\/uploads\/PutinDesk-725x483.jpg 725w, https:\/\/aeronet.cz\/news\/wp-content\/uploads\/PutinDesk.jpg 1200w\" alt=\"\" width=\"463\" height=\"309\" \/><\/a><figcaption class=\"wp-caption-text\">Vladimir Putin p\u0159i ozn\u00e1men\u00ed, \u017ee jde do izolace<\/figcaption><\/figure>\n<p>Tyto zpr\u00e1vy jsou neov\u011b\u0159en\u00e9 a objevuj\u00ed se na rusk\u00e9m Telegramu, tak\u017ee je nepova\u017eujte za sm\u011brodatn\u00e9, ov\u0161em z nep\u0159\u00edm\u00fdch indici\u00ed m\u016f\u017eeme potvrdit, \u017ee reakce Kremlu t\u00e9to mimo\u0159\u00e1dn\u00e9 ud\u00e1losti opravdu odpov\u00edd\u00e1. Vladimir\u00a0<strong>Putin byl p\u0159em\u00edst\u011bn do izolovan\u00e9ho k\u0159\u00eddla v Kremlu a odtamtud v\u00fdtahem sjel do podzemn\u00edho protiatomov\u00e9ho krytu pod Kremlem, odkud nyn\u00ed \u00fa\u0159aduje.<\/strong>\u00a0Pouk\u00e1zali na to ru\u0161t\u00ed novin\u00e1\u0159i, \u017ee prostory bunkru maj\u00ed uzav\u0159en\u00fd okruh pro vzduchotechniku, tak\u017ee se tam nem\u016f\u017ee dostat virus dovnit\u0159, ani odtamtud ven.<\/p>\n<h6><span style=\"font-size: 14pt;\">Vladimir Putin utekl do bunkru p\u0159ed ch\u0159ipkou, i kdy\u017e je o\u010dkovan\u00fd, vtipkuj\u00ed Rusov\u00e9\u2026 jen\u017ee situace je mnohem v\u00e1\u017en\u011bj\u0161\u00ed<\/span><\/h6>\n<p>Mnoho Rus\u016f si nyn\u00ed z Vladimira Putina utahuje, \u017ee sice lov\u00ed amfory z mo\u0159e, hlad\u00ed sn\u011b\u017en\u00e9 leopardy, jezd\u00ed na medv\u011bdech, ale boj\u00ed se oby\u010dejn\u00e9ho viru, proti kter\u00e9mu je p\u0159ece o\u010dkovan\u00fd t\u00edm slavn\u00fdm Sputnikem V. Tyhle \u0161tiplav\u00e9 koment\u00e1\u0159e ov\u0161em trefily h\u0159eb\u00ed\u010dek na hlavi\u010dku, proto\u017ee opravdu ned\u00e1v\u00e1 smysl, aby n\u011bkdo, kdo je o\u010dkovan\u00fd vakc\u00ednou, se ut\u00edkal schovat do izolace, kdy\u017e n\u011bkomu v jeho okol\u00ed tzv. nesedne d\u00e1vka vakc\u00edny. Jen\u017ee, ona to v\u016fbec nen\u00ed legrace. Vladimir Putin u\u017e \u010delil n\u011bkolika pokus\u016fm o atent\u00e1t.<\/p>\n<figure id=\"attachment_38897\" class=\"wp-caption aligncenter\" style=\"width: 520px;\"><a href=\"https:\/\/aeronet.cz\/news\/wp-content\/uploads\/PutinImgCat9.jpg\"><img decoding=\"async\" loading=\"lazy\" class=\"wp-image-38897 \" src=\"https:\/\/aeronet.cz\/news\/wp-content\/uploads\/PutinImgCat9.jpg\" sizes=\"(max-width: 700px) 100vw, 700px\" srcset=\"https:\/\/aeronet.cz\/news\/wp-content\/uploads\/PutinImgCat9.jpg 700w, https:\/\/aeronet.cz\/news\/wp-content\/uploads\/PutinImgCat9-300x225.jpg 300w, https:\/\/aeronet.cz\/news\/wp-content\/uploads\/PutinImgCat9-476x357.jpg 476w, https:\/\/aeronet.cz\/news\/wp-content\/uploads\/PutinImgCat9-644x483.jpg 644w\" alt=\"\" width=\"520\" height=\"390\" \/><\/a><figcaption class=\"wp-caption-text\">Lev Leviev, \u0161\u00e9f Evropsk\u00e9ho \u017eidovsk\u00e9ho kongresu a Vladimir Putin<\/figcaption><\/figure>\n<p>Ur\u010dit\u011b jste si v\u0161imli, jak si Vladimir Putin voz\u00ed na mezin\u00e1rodn\u00ed sch\u016fzky vlastn\u00ed pit\u00ed, vlastn\u00ed skleni\u010dku, d\u0159\u00edve to ned\u011blal. Snaha o jeho odstran\u011bn\u00ed v Rusku je v t\u00e9to dob\u011b mnohem aktu\u00e1ln\u011bj\u0161\u00ed ne\u017e kdykoliv p\u0159edt\u00edm a Kreml z\u0159ejm\u011b vyc\u00edtil, \u017ee n\u011bkdo se pr\u00e1v\u011b pokusil zlikvidovat Vladimira Putina pomoc\u00ed biologick\u00e9ho bojov\u00e9ho vektoru.<\/p>\n<p>Pokud je pravda, \u017ee n\u011bkdo z jeho spolupracovn\u00edk\u016f se v Izraeli nao\u010dkoval \u00fadajn\u00fdm Pfizerem a po 3 dnech za\u010dal vyka\u0161l\u00e1vat v Kremlu krev, potom se mohlo jednat o biologick\u00fd bojov\u00fd vektor.\u00a0<strong>To je mechanika likvidace nepohodln\u00e9 osoby skrze prost\u0159edn\u00edka, kter\u00fd m\u00e1 na c\u00edl p\u0159en\u00e9st n\u00e1kazu.<\/strong>\u00a0M\u016f\u017ee j\u00edt o virus, bakterii, bojov\u00e9 sp\u00f3ry, aerobn\u00ed nervov\u00fd plyn v zapouzd\u0159en\u00fdch t\u011bl\u00edsk\u00e1ch, kter\u00e1 se vyka\u0161l\u00e1vaj\u00ed.<\/p>\n<h6><span style=\"font-size: 14pt;\">Putin kv\u016fli hrozb\u011b n\u00e1kazy v Kremlu zru\u0161il kl\u00ed\u010dovou bezpe\u010dnostn\u00ed sch\u016fzku v T\u00e1d\u017eikist\u00e1nu, kter\u00e1 m\u011bla \u0159e\u0161it situaci na hranic\u00edch s Afgh\u00e1nist\u00e1nem<\/span><\/h6>\n<p>O\u010dkovan\u00fd Vladimir Putin se bez obav a\u017e dote\u010f st\u00fdkal s kdek\u00fdm, ale p\u0159itom lze \u00fasp\u011b\u0161n\u011b pochybovat, \u017ee by m\u011bl poka\u017ed\u00e9 a o ka\u017ed\u00e9m jistotu, \u017ee je o\u010dkovan\u00fd, a \u017ee ho doty\u010dn\u00e1 osoba nem\u016f\u017ee nakazit. Najednou v\u0161ak v\u0161eho nech\u00e1, zru\u0161\u00ed cestu do T\u00e1d\u017eikist\u00e1nu kv\u016fli velmi d\u016fle\u017eit\u00e9mu jedn\u00e1n\u00ed o ochran\u011b hranic p\u0159ed Talibanem, Al-Kajdou a Isl\u00e1msk\u00fdm st\u00e1tem, kter\u00e9 za\u010daly pod veden\u00edm CIA a Mossadu znovu operovat na \u00fazem\u00ed Agh\u00e1nist\u00e1nu, prost\u011b svoji \u00fa\u010dast odvol\u00e1 a skon\u010d\u00ed v bunkru kv\u016fli n\u00e1kaze sv\u00e9ho spolupracovn\u00edka. A pozor, nedo\u0161lo k n\u00e1kaze jen u n\u011bho.<\/p>\n<figure id=\"attachment_48368\" class=\"wp-caption aligncenter\" style=\"width: 442px;\"><a href=\"https:\/\/aeronet.cz\/news\/wp-content\/uploads\/PutinBerelLazar.jpg\"><img decoding=\"async\" loading=\"lazy\" class=\"wp-image-48368 \" src=\"https:\/\/aeronet.cz\/news\/wp-content\/uploads\/PutinBerelLazar-1024x682.jpg\" sizes=\"(max-width: 700px) 100vw, 700px\" srcset=\"https:\/\/aeronet.cz\/news\/wp-content\/uploads\/PutinBerelLazar-1024x682.jpg 1024w, https:\/\/aeronet.cz\/news\/wp-content\/uploads\/PutinBerelLazar-300x200.jpg 300w, https:\/\/aeronet.cz\/news\/wp-content\/uploads\/PutinBerelLazar-768x512.jpg 768w, https:\/\/aeronet.cz\/news\/wp-content\/uploads\/PutinBerelLazar-700x466.jpg 700w, https:\/\/aeronet.cz\/news\/wp-content\/uploads\/PutinBerelLazar-536x357.jpg 536w, https:\/\/aeronet.cz\/news\/wp-content\/uploads\/PutinBerelLazar-725x483.jpg 725w, https:\/\/aeronet.cz\/news\/wp-content\/uploads\/PutinBerelLazar.jpg 1280w\" alt=\"\" width=\"442\" height=\"294\" \/><\/a><figcaption class=\"wp-caption-text\">Vladimir Putin a Berel Lazar, \u0161\u00e9f Federace rusk\u00fdch \u017did\u016f<\/figcaption><\/figure>\n<p>Podle rusk\u00e9ho tisku je naka\u017eeno mnoho osob z Putinova poradn\u00edho t\u00fdmu,\u00a0<strong>jedn\u00e1 se de facto o masovou n\u00e1kazu a vzhledem k tomu, \u017ee v\u0161ichni z Putinova poradn\u00edho okol\u00ed jsou pln\u011b o\u010dkov\u00e1n\u00ed Sputnikem V,<\/strong>\u00a0tak to prost\u011b znamen\u00e1, \u017ee zm\u00edn\u011bn\u00fd poradce byl v Izraeli nao\u010dkov\u00e1n n\u011bjak\u00fdm ksindlem, kter\u00fd v sob\u011b obsahuje \u00fapln\u011b n\u011bco jin\u00e9ho, ne\u017e by m\u011bla b\u00fdt o\u010dkovac\u00ed \u0161makul\u00e1da. Pro takov\u00e9 p\u0159\u00edpady m\u00e1 Kreml jedin\u00fd protokol: Izolaci prezidenta a odd\u011blen\u00ed v\u00fdkonn\u00e9 moci od slo\u017eek arm\u00e1dy, bezpe\u010dnosti a policie. Kreml nic o n\u00e1v\u0161t\u011bv\u011b doty\u010dn\u00e9ho v Izraeli neuv\u00e1d\u00ed a p\u00ed\u0161e, \u017ee osoba se o\u010dkovala p\u0159\u00edli\u0161 pozd\u011b a za 3 dny onemocn\u011bla. Pod\u00edvejme se, co napsala Izvestija [<a href=\"https:\/\/href.li\/?https:\/\/iz.ru\/1221617\/2021-09-14\/putin-soobshchil-pravitelstvu-ob-ukhode-na-samoizoliatciiu?utm_source=yxnews&amp;utm_medium=desktop\" target=\"_blank\" rel=\"nofollow noopener\">2<\/a>].<\/p>\n<p>Rusk\u00fd prezident Vladimir Putin se kv\u016fli celodenn\u00ed interakci s nemocn\u00fdm zam\u011bstnancem z p\u0159edchoz\u00edho dne dostal do izolace. Hlava st\u00e1tu to ozn\u00e1mila 14. z\u00e1\u0159\u00ed na setk\u00e1n\u00ed se \u010dleny vl\u00e1dy za \u00fa\u010dasti strany Jednotn\u00e9 Rusko.<\/p>\n<p>\u201c<em>U\u017e v\u00edte, \u017ee jsem musel odlo\u017eit cestu do T\u00e1d\u017eikist\u00e1nu kv\u016fli tomu, \u017ee v m\u00e9m nejbli\u017e\u0161\u00edm okol\u00ed onemocn\u011blo n\u011bkolik lid\u00ed a jeden z t\u011bchto zam\u011bstnanc\u016f pracuje se mnou v t\u011bsn\u00e9 bl\u00edzkosti<\/em>,\u201d \u0159ekl rusk\u00fd prezident.<\/p>\n<p>Podle Putina byl zam\u011bstnanec o\u010dkov\u00e1n proti COVID-19, ale jeho titr proti infekci v krvi klesl. Prezident nazna\u010dil, \u017ee doty\u010dn\u00fd mu\u017e byl nao\u010dkov\u00e1n p\u0159\u00edli\u0161 pozd\u011b, proto\u017ee onemocn\u011bl t\u0159i dny po o\u010dkov\u00e1n\u00ed. \u201c<em>Den p\u0159edt\u00edm jsem s n\u00edm velmi \u00fazce komunikoval, a to po cel\u00fd den,<\/em>\u201d poznamenala hlava st\u00e1tu. Upozornil tak\u00e9, \u017ee sou\u010dasn\u00e1 situace bude testem \u00fa\u010dinnosti rusk\u00e9ho l\u00e9ku Sputnik V.<\/p>\n<p>\u201c<strong><em>Uvid\u00edme, jak to bude vypadat v praxi, v \u017eivot\u011b. Douf\u00e1m, \u017ee v\u0161e bude tak, jak m\u00e1 b\u00fdt, a \u017ee Sputnik V skute\u010dn\u011b uk\u00e1\u017ee sv\u00e9 vysok\u00e9 parametry ochrany proti COVID-19 v re\u00e1ln\u00e9m \u017eivot\u011b<\/em><\/strong>,\u201d uzav\u0159el prezident.<\/p>\n<p>Podle Dmitrije Peskova, tiskov\u00e9ho mluv\u010d\u00edho rusk\u00e9ho v\u016fdce, je hlava st\u00e1tu naprosto zdrav\u00e1 a nejsou \u017e\u00e1dn\u00e9 d\u016fvody pro zaveden\u00ed zvl\u00e1\u0161tn\u00edch protokol\u016f v souvislosti s jeho odchodem do sebeizolace. Ujistil, \u017ee izolace nem\u00e1 vliv na intenzitu Putinovy pr\u00e1ce. Z\u00e1rove\u0148 byla v\u0161echna pl\u00e1novan\u00e1 dvoustrann\u00e1 jedn\u00e1n\u00ed \u201c<em>odlo\u017eena na neur\u010dito<\/em>\u201c. O den d\u0159\u00edve Putin na setk\u00e1n\u00ed s paralympijsk\u00fdmi sportovci uvedl, \u017ee m\u00e1 s koronavirem t\u011b\u017ekou situaci.<\/p>\n<p>Den p\u0159edt\u00edm na setk\u00e1n\u00ed s gubern\u00e1torem Tversk\u00e9 oblasti Igorem Rud\u011bnou hlava st\u00e1tu uvedla, \u017ee po o\u010dkov\u00e1n\u00ed proti koronavirov\u00e9 infekci si dr\u017e\u00ed hladinu protil\u00e1tek.<\/p>\n<p>Od ledna prob\u00edh\u00e1 v Rusku rozs\u00e1hl\u00e9 o\u010dkov\u00e1n\u00ed. Ob\u010dan\u00e9 se nech\u00e1vaj\u00ed o\u010dkovat zdarma a dobrovoln\u011b. V zemi bylo registrov\u00e1no p\u011bt vakc\u00edn proti koronaviru: Sputnik V, Sputnik Lite, EpiVacCorona, EpiVacCorona-N a CoviVac.<\/p>\n<h6><span style=\"font-size: 14pt;\">Podle Kremlu se te\u010f uvid\u00ed, jestli vakc\u00edna Sputnik funguje\u2026 a Rusov\u00e9 se v\u00e1l\u00ed sm\u00edchy pod stolem, \u017ee ani v Kremlu vakc\u00edn\u011b nev\u011b\u0159\u00ed<\/span><\/h6>\n<p>Koment\u00e1\u0159 Kremlu je zaj\u00edmav\u00fd pr\u00e1v\u011b v t\u00e9 \u010d\u00e1sti, kde se hovo\u0159\u00ed o tom, \u017ee nastal\u00e1 situace se stane testem, jestli v re\u00e1ln\u00e9m \u017eivot\u011b Sputnik V opravdu funguje. Na rusk\u00e9m Telegramu se to stalo hned ter\u010dem vtip\u016f, \u017ee Kreml kone\u010dn\u011b zah\u00e1jil ofici\u00e1ln\u011b prvn\u00ed klinick\u00e9 zkou\u0161ky na dobrovoln\u00edc\u00edch a v\u0161ichni s nap\u011bt\u00edm \u010dekaj\u00ed, jak to dopadne. Jen\u017ee, tohle nen\u00ed d\u016fvodem k legraci.<\/p>\n<p><strong>Kreml t\u00edmto v\u00fdrokem nep\u0159\u00edmo potvrdil, \u017ee naprosto nev\u00ed, jestli vakc\u00edna Sputnik V prezidenta ochr\u00e1n\u00ed, jako kdyby to nebylo jasn\u00e9 a dop\u0159edu dan\u00e9.<\/strong>\u00a0Jako kdyby o tom ani Kreml nebyl p\u0159esv\u011bd\u010den\u00fd, \u017ee kdy\u017e je jednou prezident o\u010dkovan\u00fd, tak je o\u010dkovan\u00fd, a t\u00edm je to dan\u00e9 a nemus\u00ed nikdo nic \u0159e\u0161it, ani se ob\u00e1vat. Jen\u017ee, ono se zd\u00e1, \u017ee obavy z n\u00e1kazy jsou v Kremlu zna\u010dn\u00e9, ale tohle nebude m\u00edt s koronavirem nic spole\u010dn\u00e9ho.<\/p>\n<figure id=\"attachment_48367\" class=\"wp-caption aligncenter\" style=\"width: 471px;\"><a href=\"https:\/\/aeronet.cz\/news\/wp-content\/uploads\/TheJewishBriga.jpg\"><img decoding=\"async\" loading=\"lazy\" class=\"wp-image-48367 \" src=\"https:\/\/aeronet.cz\/news\/wp-content\/uploads\/TheJewishBriga.jpg\" sizes=\"(max-width: 1280px) 100vw, 1280px\" srcset=\"https:\/\/aeronet.cz\/news\/wp-content\/uploads\/TheJewishBriga.jpg 1280w, https:\/\/aeronet.cz\/news\/wp-content\/uploads\/TheJewishBriga-300x193.jpg 300w, https:\/\/aeronet.cz\/news\/wp-content\/uploads\/TheJewishBriga-768x493.jpg 768w, https:\/\/aeronet.cz\/news\/wp-content\/uploads\/TheJewishBriga-1024x658.jpg 1024w, https:\/\/aeronet.cz\/news\/wp-content\/uploads\/TheJewishBriga-700x450.jpg 700w, https:\/\/aeronet.cz\/news\/wp-content\/uploads\/TheJewishBriga-100x65.jpg 100w, https:\/\/aeronet.cz\/news\/wp-content\/uploads\/TheJewishBriga-556x357.jpg 556w, https:\/\/aeronet.cz\/news\/wp-content\/uploads\/TheJewishBriga-752x483.jpg 752w\" alt=\"\" width=\"471\" height=\"303\" \/><\/a><figcaption class=\"wp-caption-text\">Setk\u00e1n\u00ed Chabad Lubavitch v \u0159\u00edjnu 2015 v Izraeli [<a href=\"https:\/\/href.li\/?https:\/\/matzav.com\/netanyahu-to-chief-rabbi-lazar-some-of-our-friends-are-naive\/\" target=\"_blank\" rel=\"nofollow noopener\">4<\/a>]. Benjamin Netanyahu si pozval v\u0161echny Putinovy \u017eidovsk\u00e9 p\u0159\u00e1tele. Zleva v modr\u00e9m saku Roman Abramovi\u010d, vpravo od n\u011bj Lev Leviev a vpravo od Netanyahua Berel Lazar a rusk\u00fd \u017eidovsk\u00fd miliard\u00e1\u0159 Michail Mirila\u0161vili, prezident [<a href=\"https:\/\/href.li\/?https:\/\/www.worldjewishcongress.org\/en\/bio\/michael-mirilashvili\" target=\"_blank\" rel=\"nofollow noopener\">5<\/a>] Euro-asijsk\u00e9ho \u017eidovsk\u00e9ho kongresu. Cel\u00e1 jedna Chabad rodina.<\/figcaption><\/figure>\n<p>Tomu toti\u017e neodpov\u00edd\u00e1 reakce Kremlu, na to prost\u011b m\u016f\u017eete vz\u00edt jed. P\u0159edstavte si, \u017ee byste se nechali o\u010dkovat proti tetanu, ale potom po \u0161kr\u00e1bnut\u00ed o rezav\u00fd h\u0159eb\u00edk v n\u011bjak\u00e9m prkn\u011b na zahrad\u011b byste let\u011bli za doktorem jako s keserem ve strachu o sv\u016fj \u017eivot, proto\u017ee byste m\u011bli strach z tetanu, nebo\u0165 byste v\u016fbec nev\u011b\u0159ili sv\u00e9 vakcinaci. Tohle prost\u011b ned\u00e1v\u00e1 smysl.\u00a0<strong>Pokud je n\u011bkdo o\u010dkovan\u00fd a v\u011b\u0159\u00ed vakc\u00edn\u011b, nebude se chovat tak, jak se pr\u00e1v\u011b zachoval rusk\u00fd prezident. To ned\u00e1v\u00e1 smysl<\/strong>. Existuj\u00ed jen t\u0159i mo\u017en\u00e1 vysv\u011btlen\u00ed. Bu\u010f Vladimir Putin v\u016fbec nen\u00ed o\u010dkovan\u00fd, nikdy nebyl a te\u010f m\u00e1 obavy o sv\u00e9 zdrav\u00ed. Anebo prezident o\u010dkovan\u00fd je, ale vakc\u00edn\u011b naprosto nev\u011b\u0159\u00ed.<\/p>\n<h6><span style=\"font-size: 14pt;\">N\u00e1kaza vypukla u \u010dlov\u011bka z vnit\u0159n\u00edho kruhu prezidenta, podle zdroj\u016f byl minul\u00fd v\u00edkend v Izraeli<\/span><\/h6>\n<p>A t\u0159et\u00ed mo\u017enost\u00ed je to, o \u010dem jsem psal na za\u010d\u00e1tku \u010dl\u00e1nku, \u017ee jeho spolupracovn\u00edk p\u0159ivezl z Izraele n\u011bjak\u00fd ksindl, kter\u00fd nem\u011bl s vakc\u00ednou Pfizer mnoho spole\u010dn\u00e9ho a mohlo j\u00edt o bojov\u00fd biologick\u00fd vektor. A proto\u017ee Izrael je spojenec Ruska, Kreml se to sna\u017e\u00ed p\u0159ikr\u00fdt a ututlat, aby se to nedostalo na ve\u0159ejnost. D\u016fvodem pro tutl\u00e1n\u00ed jsou dv\u011b roviny. Za prv\u00e9, vrhlo by to \u0161patn\u00e9 sv\u011btlo na Sputnik V, \u017ee se ru\u0161t\u00ed \u017did\u00e9 z t\u011bsn\u00e9ho okol\u00ed Putinova poradn\u00edho kruhu jezd\u00ed s izraelsk\u00fdmi pasy o\u010dkovat Pfizerem do Izraele. A za druh\u00e9, v Rusku by to vyvolalo skand\u00e1l, \u017ee se izraelsk\u00fd Mossad mo\u017en\u00e1 pr\u00e1v\u011b pokusil odd\u011blat prezidenta Rusk\u00e9 federace.<\/p>\n<figure id=\"attachment_39429\" class=\"wp-caption aligncenter\" style=\"width: 518px;\"><a href=\"https:\/\/aeronet.cz\/news\/wp-content\/uploads\/TorahPutinBerel.png\"><img decoding=\"async\" loading=\"lazy\" class=\"wp-image-39429 \" src=\"https:\/\/aeronet.cz\/news\/wp-content\/uploads\/TorahPutinBerel-1024x601.png\" sizes=\"(max-width: 700px) 100vw, 700px\" srcset=\"https:\/\/aeronet.cz\/news\/wp-content\/uploads\/TorahPutinBerel.png 1024w, https:\/\/aeronet.cz\/news\/wp-content\/uploads\/TorahPutinBerel-300x176.png 300w, https:\/\/aeronet.cz\/news\/wp-content\/uploads\/TorahPutinBerel-768x451.png 768w, https:\/\/aeronet.cz\/news\/wp-content\/uploads\/TorahPutinBerel-700x411.png 700w, https:\/\/aeronet.cz\/news\/wp-content\/uploads\/TorahPutinBerel-608x357.png 608w, https:\/\/aeronet.cz\/news\/wp-content\/uploads\/TorahPutinBerel-823x483.png 823w\" alt=\"\" width=\"518\" height=\"304\" \/><\/a><figcaption class=\"wp-caption-text\">Berel Lazar p\u0159ed\u010d\u00edt\u00e1 Putinovi z T\u00f3ry<\/figcaption><\/figure>\n<p><strong>Vladimir Putin m\u00e1 okolo sebe podle informac\u00ed 22 poradc\u016f z nejr\u016fzn\u011bj\u0161\u00edch oblast\u00ed, kte\u0159\u00ed tvo\u0159\u00ed jeho poradn\u00ed sbor. Drtiv\u00e1 v\u011bt\u0161ina z nich jsou ru\u0161t\u00ed \u017did\u00e9 s izraelsk\u00fdmi pasy<\/strong>. Krom\u011b t\u011bchto lid\u00ed m\u00e1 ale Vladimir Putin je\u0161t\u011b men\u0161\u00ed a tzv. vnit\u0159n\u00ed kruh, kter\u00fd tvo\u0159\u00ed de facto jen 3 osoby: Michail \u0160elomov, Sergej Roldugin a Pjotr Kolbin. \u0160elomov je Putin\u016fv vzd\u00e1len\u00fd p\u0159\u00edbuzn\u00fd (<em>ze strany Putinovy \u017eidovsk\u00e9 matky, za mlada \u0160elomova, resp. \u0160lomova, v\u00edce o Putinov\u011b rodin\u011b a p\u016fvodu\u00a0<strong><a href=\"https:\/\/aeronet.cz\/news\/analyza-chasidskeho-puvodu-vladimira-putina-a-jeho-zidovskych-predku-jak-jste-dosud-mozna-vubec-netusili-proc-predseda-evropskeho-zidovske-kongresu-privedl-vladimira-putina-v-roce-1999-do-kremlu\/\">zde<\/a><\/strong><\/em>), zat\u00edmco Kolbin a Roldugin jsou Putinovi p\u0159\u00e1tel\u00e9 z d\u011btstv\u00ed. Kolbin je povol\u00e1n\u00edm \u0159ezn\u00edk a v\u00fdrobce uzenin, Roldugin je um\u011blec a violoncellista.\u00a0V\u0161ichni t\u0159i ale maj\u00ed obrovsk\u00fd majetek \u2013 ru\u0161t\u00ed novin\u00e1\u0159i zjistili, \u017ee \u0160elomov nashrom\u00e1\u017edil 573 milion\u016f dolar\u016f, Kolbin m\u00e1 jm\u011bn\u00ed za 550 milion\u016f dolar\u016f a Roldugin ovl\u00e1d\u00e1 offshorov\u00e9 firmy, kter\u00e9 nakl\u00e1daj\u00ed se dv\u011bma miliardami dolar\u016f.<\/p>\n<h6><span style=\"font-size: 14pt;\">Pokusil se pr\u00e1v\u011b Mossad \u201cbiologicky\u201d odstranit rusk\u00e9ho prezidenta v souvislosti s pl\u00e1nem Izraele na vyvol\u00e1n\u00ed v\u00e1lky s \u00cdr\u00e1nem, kter\u00e9 by Putin ale ve\u0161kerou silou br\u00e1nil?<\/span><\/h6>\n<p>P\u0159esto se zd\u00e1, \u017ee si v\u011bt\u0161inou nejsou v\u011bdomi, jak\u00e9 firmy ovl\u00e1daj\u00ed, a podle novin\u00e1\u0159\u016f \u201c<em>s n\u00e1mahou vysv\u011btluj\u00ed p\u016fvod sv\u00e9ho bohatstv\u00ed<\/em>\u201c. To je zejm\u00e9na p\u0159\u00edpad \u0160elomova, kter\u00fd podle zpr\u00e1v ud\u00e1v\u00e1 ofici\u00e1ln\u011b v da\u0148ov\u00fdch rusk\u00fdch p\u0159izn\u00e1n\u00edch sv\u016fj p\u0159\u00edjem jen 8 500 dolar\u016f ro\u010dn\u011b. Vladimir Putin m\u00e1 v Rusku pov\u011bst super-oligarchy, ale vzhledem k tomu, jak se dostal k funkci prezidenta v Kremlu v roce 1999 je prakticky jist\u00e9, \u017ee Vladimir Putin nen\u00ed ten, kdo tyto pen\u00edze a fondy vlastn\u00ed. Stopy toti\u017e vedou k Chabadu Lubavitch a do Izraele.<\/p>\n<p><strong>Pr\u00e1v\u011b na n\u011bj toti\u017e Vladimir Putin ned\u00e1 dopustit. A to ani ve chv\u00edli, kdy izraelsk\u00e9 st\u00edha\u010dky zp\u016fsobily v S\u00fdrii z\u0159\u00edcen\u00ed rusk\u00e9ho Ilju\u0161inu s rusk\u00fdmi voj\u00e1ky [<a href=\"https:\/\/aeronet.cz\/news\/zemetreseni-v-kremlu-vikendova-roztrzka-mezi-vladimirem-putinem-a-generalnim-stabem-ruske-armady-ma-prvni-obet-putinova-dohoda-s-netanyahuem-pada-rusko-doda-syrii-system-s-300-a-vladimir-putin\/\">3<\/a>].<\/strong>\u00a0Putin by ov\u0161em nepodpo\u0159il v\u00e1lku Izraele proti \u00cdr\u00e1nu, proto\u017ee to by \u0161lo proti z\u00e1jm\u016fm rusk\u00fdch \u017did\u016f, kte\u0159\u00ed dod\u00e1vaj\u00ed do \u00cdr\u00e1nu nejen plyn, ale hlavn\u011b poskytuj\u00ed izolovan\u00e9 isl\u00e1msk\u00e9 zemi bankovn\u00ed mezin\u00e1rodn\u00ed slu\u017eby a clearingov\u00e9 operace p\u0159es rusk\u00e9 (\u017eidovsk\u00e9) banky. \u00datok sionist\u016f z Izraele proti \u00cdr\u00e1nu by byl \u00fatokem proti k\u0161eft\u016fm rusk\u00fdch \u017did\u016f s \u00cdr\u00e1nem. A znovu by to byla v\u00e1lka mezi \u017e a \u017d. Nehled\u011b na to, \u017ee oslaben\u00edm \u00cdr\u00e1nu by pos\u00edlala v regionu Sa\u00fadsk\u00e1 Ar\u00e1bie, kter\u00e1 je ve vleku USA.<\/p>\n<figure id=\"attachment_38891\" class=\"wp-caption aligncenter\" style=\"width: 524px;\"><a href=\"https:\/\/aeronet.cz\/news\/wp-content\/uploads\/PutinImgCat3.jpg\"><img decoding=\"async\" loading=\"lazy\" class=\"wp-image-38891 \" src=\"https:\/\/aeronet.cz\/news\/wp-content\/uploads\/PutinImgCat3.jpg\" sizes=\"(max-width: 800px) 100vw, 800px\" srcset=\"https:\/\/aeronet.cz\/news\/wp-content\/uploads\/PutinImgCat3.jpg 800w, https:\/\/aeronet.cz\/news\/wp-content\/uploads\/PutinImgCat3-300x224.jpg 300w, https:\/\/aeronet.cz\/news\/wp-content\/uploads\/PutinImgCat3-768x574.jpg 768w, https:\/\/aeronet.cz\/news\/wp-content\/uploads\/PutinImgCat3-700x523.jpg 700w, https:\/\/aeronet.cz\/news\/wp-content\/uploads\/PutinImgCat3-478x357.jpg 478w, https:\/\/aeronet.cz\/news\/wp-content\/uploads\/PutinImgCat3-646x483.jpg 646w\" alt=\"\" width=\"524\" height=\"392\" \/><\/a><figcaption class=\"wp-caption-text\">Vladimir Putin v Jeruzal\u00e9m\u011b u Zdi n\u00e1\u0159k\u016f<\/figcaption><\/figure>\n<p>Domn\u00edvat se, \u017ee by Vladimir Putin m\u011bl strach z ch\u0159ipky, to je naprost\u00fd nesmysl. Reakce Kremlu ale ukazuje, \u017ee hrozba byla re\u00e1ln\u00e1 a prezident musel b\u00fdt uklizen. Copak se to stalo? N\u011bkdo v Izraeli u\u017e m\u00e1 s Ruskem jin\u00e9 pl\u00e1ny?\u00a0<strong>Stejn\u011b tak jako Lev Leviev p\u0159ivedl Vladimira Putina do Kremlu, tak ho op\u011bt z Kremlu odvede, proto\u017ee nastal \u010das na v\u00fdm\u011bnu str\u00e1\u017e\u00ed?<\/strong><\/p>\n<p>Nemyslete si, \u017ee v Kremlu r\u00e1di vytahuj\u00ed na sv\u011btlo chucpe, pokud by nemuseli. Rusov\u00e9 si te\u010f utahuj\u00ed z vakc\u00edny Sputnik V a l\u00e9ka\u0159i krok prezidenta dokonce kritizuj\u00ed, \u017ee m\u016f\u017ee podkopat d\u016fv\u011bru v dal\u0161\u00ed o\u010dkov\u00e1n\u00ed vakc\u00ednou, ale podle v\u0161eho to bylo nezbytn\u00e9. Opravdu to do sebe zapad\u00e1. Poradce byl v Izraeli u p\u0159\u00edbuzn\u00fdch, nechal se tam nao\u010dkovat Pfizerem, jako dr\u017eitel izraelsk\u00e9ho pasu na to m\u011bl n\u00e1rok a po 3 dnech zkolabuje a vyka\u0161l\u00e1v\u00e1 krev. A reakce? Putin skon\u010dil v bunkru. Nemus\u00edte b\u00fdt g\u00e9niov\u00e9 na to, aby v\u00e1m do\u0161lo, k \u010demu v Kremlu do\u0161lo. Te\u010f se bude \u010dekat, jestli to Putina zas\u00e1hlo, nebo ne.<\/p>\n<p>-VK- \u0160\u00e9fredaktor AE News<\/p>\n<p><a href=\"https:\/\/aeronet.cz\/news\/vladimir-putin-skoncil-v-izolaci-z-obav-pred-nakazou-jeho-spolupracovnik-onemocnel-koronavirem-pouhe-3-dny-po-ockovani-jenze-pry-neslo-o-ockovani-vakcinou-sputnik-v-ale-jeho-poradce-se-naockoval\/\">ZDROJ<\/a><\/p>\n<p>&nbsp;<\/p>\n","protected":false},"excerpt":{"rendered":"<p>Vladimir Putin skon\u010dil v izolaci z obav p\u0159ed n\u00e1kazou, jeho spolupracovn\u00edk onemocn\u011bl koronavirem pouh\u00e9 3&#8230;<\/p>\n","protected":false},"author":2,"featured_media":4779,"comment_status":"closed","ping_status":"closed","sticky":false,"template":"","format":"standard","meta":[],"categories":[7],"tags":[107,219,213,315,102,22],"_links":{"self":[{"href":"https:\/\/www.infokuryr.cz\/n\/wp-json\/wp\/v2\/posts\/4778"}],"collection":[{"href":"https:\/\/www.infokuryr.cz\/n\/wp-json\/wp\/v2\/posts"}],"about":[{"href":"https:\/\/www.infokuryr.cz\/n\/wp-json\/wp\/v2\/types\/post"}],"author":[{"embeddable":true,"href":"https:\/\/www.infokuryr.cz\/n\/wp-json\/wp\/v2\/users\/2"}],"replies":[{"embeddable":true,"href":"https:\/\/www.infokuryr.cz\/n\/wp-json\/wp\/v2\/comments?post=4778"}],"version-history":[{"count":0,"href":"https:\/\/www.infokuryr.cz\/n\/wp-json\/wp\/v2\/posts\/4778\/revisions"}],"wp:featuredmedia":[{"embeddable":true,"href":"https:\/\/www.infokuryr.cz\/n\/wp-json\/wp\/v2\/media\/4779"}],"wp:attachment":[{"href":"https:\/\/www.infokuryr.cz\/n\/wp-json\/wp\/v2\/media?parent=4778"}],"wp:term":[{"taxonomy":"category","embeddable":true,"href":"https:\/\/www.infokuryr.cz\/n\/wp-json\/wp\/v2\/categories?post=4778"},{"taxonomy":"post_tag","embeddable":true,"href":"https:\/\/www.infokuryr.cz\/n\/wp-json\/wp\/v2\/tags?post=4778"}],"curies":[{"name":"wp","href":"https:\/\/api.w.org\/{rel}","templated":true}]}}