{"id":47766,"date":"2024-02-24T00:36:30","date_gmt":"2024-02-23T23:36:30","guid":{"rendered":"https:\/\/www.infokuryr.cz\/n\/?p=47766"},"modified":"2024-02-23T17:05:09","modified_gmt":"2024-02-23T16:05:09","slug":"putin-lituje-ze-na-ukrajine-nejednal-drive","status":"publish","type":"post","link":"https:\/\/www.infokuryr.cz\/n\/2024\/02\/24\/putin-lituje-ze-na-ukrajine-nejednal-drive\/","title":{"rendered":"Putin lituje, \u017ee na Ukrajin\u011b nejednal d\u0159\u00edve&#8230;"},"content":{"rendered":"<div id=\"fb-root\"><\/div>\n<div class=\"elementor-element elementor-element-1fb4c2c elementor-widget elementor-widget-theme-post-content\" data-id=\"1fb4c2c\" data-element_type=\"widget\" data-widget_type=\"theme-post-content.default\">\n<div class=\"elementor-widget-container\">\n<p><strong><span>Rusko poraz\u00ed osu NATO vedenou USA ve sv\u00e9 z\u00e1stupn\u00e9 v\u00e1lce na Ukrajin\u011b.\u00a0V\u00edt\u011bzstv\u00ed ale trvalo d\u00e9le a bylo krvav\u011bj\u0161\u00ed, ne\u017e kdyby Putin jednal d\u0159\u00edve.<\/span><\/strong><\/p>\n<p><span>Prezident Vladimir Putin v ned\u00e1vn\u00e9m rozhovoru pro rusk\u00e1 m\u00e9dia u\u010dinil zaj\u00edmav\u00e9 p\u0159izn\u00e1n\u00ed.\u00a0\u0158ekl, \u017ee \u201elituje\u201c, \u017ee nejednal d\u0159\u00edve a nena\u0159\u00eddil vojenskou operaci na Ukrajin\u011b.<\/span><\/p>\n<p><span>Celkov\u011b zn\u011bl Putin v rozhovoru o vyhl\u00eddk\u00e1ch na v\u00edt\u011bzstv\u00ed Ukrajiny proti z\u00e1stupn\u00e9 v\u00e1lce NATO veden\u00e9 USA.\u00a0Tento t\u00fdden si p\u0159ipom\u00edn\u00e1me druh\u00e9 v\u00fdro\u010d\u00ed invaze rusk\u00fdch ozbrojen\u00fdch sil na Ukrajinu 24. \u00fanora 2022.<\/span><\/p>\n<p><span>Nez\u00e1visl\u00ed analytici a dokonce i z\u00e1padn\u00ed m\u00e9dia p\u0159ipou\u0161t\u011bj\u00ed, \u017ee kyjevsk\u00fd re\u017eim podporovan\u00fd NATO je na pokraji por\u00e1\u017eky proti nad\u0159azen\u00fdm rusk\u00fdm sil\u00e1m.\u00a0P\u00e1d strategicky d\u016fle\u017eit\u00e9ho m\u011bsta Avdiivka v posledn\u00edch dnech ukazuje na definitivn\u00ed kolaps re\u017eimu.<\/span><\/p>\n<p><span>Rusko ovl\u00e1d\u00e1 asi 20 procent \u00fazem\u00ed na v\u00fdchod\u011b a jihu b\u00fdval\u00e9 Ukrajiny.\u00a0Toto \u00fazem\u00ed zahrnuje oblast Donbass a Krym, kter\u00e9 jsou nyn\u00ed pr\u00e1vn\u011b ned\u00edlnou sou\u010d\u00e1st\u00ed Rusk\u00e9 federace.<\/span><\/p>\n<p><span>Nicm\u00e9n\u011b rusk\u00fd v\u016fdce v rozhovoru otev\u0159en\u011b \u0159ekl, \u017ee m\u011bl na\u0159\u00eddit rusk\u00e9 arm\u00e1d\u011b, aby se postavila ukrajinsk\u00e9mu re\u017eimu d\u0159\u00edve.<\/span><\/p>\n<p><span>Rusk\u00e1 tiskov\u00e1 agentura Tass cituje Putina: \u201eJedin\u00e9, \u010deho m\u016f\u017eeme litovat, je, \u017ee jsme nepodnikli opat\u0159en\u00ed d\u0159\u00edve, proto\u017ee jsme v\u011b\u0159ili, \u017ee m\u00e1me co do \u010din\u011bn\u00ed se slu\u0161n\u00fdmi lidmi.<\/span><\/p>\n<p><span>Putin nekomentoval, o kolik d\u0159\u00edve m\u011blo Rusko zah\u00e1jit svou speci\u00e1ln\u00ed vojenskou operaci na obranu etnick\u00e9ho rusk\u00e9ho obyvatelstva na b\u00fdval\u00e9 v\u00fdchodn\u00ed Ukrajin\u011b a na denacifikaci kyjevsk\u00e9ho re\u017eimu podporovan\u00e9ho NATO.<\/span><\/p>\n<p><span>M\u011bl na mysli minsk\u00e9 m\u00edrov\u00e9 dohody, kter\u00e9 byly vyjedn\u00e1ny v letech 2014 a 2015 za zprost\u0159edkov\u00e1n\u00ed N\u011bmecka, Francie a Ruska.<\/span><\/p>\n<p><span>Putin dodal: \u201ePozd\u011bji se uk\u00e1zalo, \u017ee jsme byli v tomto ohledu podvedeni, proto\u017ee jak b\u00fdval\u00e1 n\u011bmeck\u00e1 kancl\u00e9\u0159ka [Angela Merkelov\u00e1], tak b\u00fdval\u00fd francouzsk\u00fd prezident [Francois Hollande] ve\u0159ejn\u011b ve\u0159ejn\u011b p\u0159iznali, \u017ee nikdy nem\u011bli v \u00famyslu naplnit dohody.\u00a0M\u00edsto toho cht\u011bli z\u00edskat \u010das na dod\u00e1n\u00ed dal\u0161\u00edch zbran\u00ed kyjevsk\u00e9mu re\u017eimu, a to je p\u0159esn\u011b to, co ud\u011blali.<\/span><\/p>\n<p><span>Za\u010d\u00e1tkem kv\u011btna 2014 jsem napsal \u010dl\u00e1nek s titulkem: \u201ePutin by m\u011bl poslat voj\u00e1ky na Ukrajinu\u201c.<\/span><\/p>\n<p><span>V t\u00e9 dob\u011b se toto prohl\u00e1\u0161en\u00ed mohlo zd\u00e1t lehkomysln\u00e9, ale ud\u00e1losti posledn\u00ed dek\u00e1dy tento argument pos\u00edlily.<\/span><\/p>\n<p><span>\u010cl\u00e1nek byl poprv\u00e9 publikov\u00e1n kolem 4. kv\u011btna 2014 \u00edr\u00e1nskou tiskovou agenturou Press TV, kam jsem psal pravidelnou rubriku (dokud tam neukon\u010dily americk\u00e9 sankce proti \u00cdr\u00e1nu).\u00a0Zd\u00e1 se, \u017ee odkaz na m\u016fj p\u016fvodn\u00ed n\u00e1zorov\u00fd \u010dl\u00e1nek na Press TV byl smaz\u00e1n z internetu.\u00a0Na\u0161t\u011bst\u00ed jej v t\u00e9 dob\u011b znovu zve\u0159ejnily jin\u00e9 str\u00e1nky, v\u010detn\u011b webu Paula Craiga Robertse.\u00a0Roberts je vysoce uzn\u00e1van\u00fd americk\u00fd spisovatel a znal\u00fd koment\u00e1tor, kter\u00fd za vl\u00e1dy prezidenta Ronalda Reagana slou\u017eil jako n\u00e1m\u011bstek ministra financ\u00ed.<\/span><\/p>\n<p><span>M\u016fj sloupek se t\u00fdkal masakru 2. kv\u011btna v Od\u011bse, p\u0159i kter\u00e9m bylo zavra\u017ed\u011bno v\u00edce ne\u017e 40 civilist\u016f.\u00a0Protestovali proti neonacistick\u00e9mu re\u017eimu podporovan\u00e9mu NATO, kter\u00fd se v \u00fanoru 2014 chopil moci v Kyjev\u011b p\u0159i pu\u010di proti zvolen\u00e9mu prorusk\u00e9mu prezidentovi podporovan\u00e9mu CIA.\u00a0Antifa\u0161isti\u010dt\u00ed demonstranti se zabarik\u00e1dovali v s\u00e1le odbor\u016f m\u011bsta, kter\u00fd zap\u00e1lili p\u0159\u00edznivci kyjevsk\u00e9ho re\u017eimu.<\/span><\/p>\n<p><span>\u010cl\u00e1nek tak\u00e9 zd\u016fraznil, \u017ee tehdej\u0161\u00ed \u0161\u00e9f CIA John Brennan nav\u0161t\u00edvil Kyjev o m\u011bs\u00edc d\u0159\u00edve, v dubnu 2014, a dva m\u011bs\u00edce po p\u0159evratu, kter\u00fd p\u0159ivedl k moci sou\u010dasn\u00fd neonacistick\u00fd re\u017eim.\u00a0CIA vedla po p\u0159evratu takzvanou \u201eprotiteroristickou operaci\u201c kyjevsk\u00e9ho re\u017eimu.\u00a0Re\u017eimn\u00ed neonacistick\u00e9 polovojensk\u00e9 jednotky, vyzbrojen\u00e9 a vycvi\u010den\u00e9 NATO, zah\u00e1jily \u00fatoky na rusk\u00e9 obyvatelstvo v Donbasu, kter\u00e9 se br\u00e1nilo nez\u00e1konn\u00e9mu uchopen\u00ed moci v Kyjev\u011b.\u00a0N\u00e1sledn\u00e1 ob\u010dansk\u00e1 v\u00e1lka podporovan\u00e1 NATO si vy\u017e\u00e1dala kolem 14 000 ob\u011bt\u00ed a vedla k vys\u00eddlen\u00ed v\u00edce ne\u017e milionu lid\u00ed.<\/span><\/p>\n<p><span>Ob\u010dansk\u00e1 v\u00e1lka a agrese proti obyvatelstvu na Donbasu, kter\u00e1 trvala osm let od roku 2014 do roku 2022, nakonec vedla k tomu, \u017ee Putin p\u0159ed dv\u011bma lety na\u0159\u00eddil z\u00e1sah rusk\u00fdch jednotek.<\/span><\/p>\n<p><span>Z\u00e1padn\u00ed vl\u00e1dy a m\u00e9dia samoz\u0159ejm\u011b tento p\u0159\u00edb\u011bh p\u0159ekroutily t\u00edm, \u017ee o\u010der\u0148ovaly Putina a Rusko za \u00fadajnou \u201einvazi\u201c na Ukrajinu bez provokace, poru\u0161ov\u00e1n\u00ed jej\u00ed suverenity a ohro\u017eov\u00e1n\u00ed zbytku Evropy.<\/span><\/p>\n<p><span>Jak Putin \u0159ekl ve sv\u00e9m v\u00fd\u0161e citovan\u00e9m rozhovoru, hlavn\u00edm d\u016fvodem, pro\u010d oddaloval vojenskou intervenci, bylo to, \u017ee Moskva byla podvedena N\u011bmeckem, Franci\u00ed a zbytkem NATO.\u00a0Rusk\u00e9 veden\u00ed v\u011b\u0159ilo, \u017ee z\u00e1padn\u00ed mocnosti mysl\u00ed v\u00e1\u017en\u011b sv\u016fj deklarovan\u00fd z\u00e1vazek diplomatick\u00e9ho \u0159e\u0161en\u00ed ukrajinsk\u00e9ho konfliktu v r\u00e1mci Minsk\u00e9 dohody.<\/span><\/p>\n<p><span>\u010cl\u00e1nek, na kter\u00fd se tento autor odvol\u00e1v\u00e1, byl publikov\u00e1n p\u0159ed uzav\u0159en\u00edm minsk\u00fdch dohod.\u00a0Zde je \u00faryvek z toho \u010dl\u00e1nku.<\/span><\/p>\n<p><span>\u201eSou\u010dasn\u00e1 situace [na Ukrajin\u011b, kv\u011bten 2014] je podobn\u00e1 p\u0159edchoz\u00ed tajn\u00e9 operaci pod veden\u00edm USA v Ji\u017en\u00ed Osetii v roce 2008, kdy se gruz\u00ednsk\u00e9 s\u00edly podporovan\u00e9 NATO pokusily destabilizovat tuto zemi, rusk\u00e9ho spojence.\u00a0Rusko tehdy jednalo rozhodn\u011b, vyslalo sv\u00e9 jednotky a zni\u010dilo spiknut\u00ed NATO.\u00a0A Washington ustoupil.<\/span><\/p>\n<p><span>\u201eWashington to d\u011bl\u00e1 znovu: podkop\u00e1v\u00e1, l\u017ee, zab\u00edj\u00ed a vyhro\u017euje [na Ukrajin\u011b].\u00a0Ale to je zbab\u011bl\u00fd blaf, kter\u00fd by m\u011bl Putin okam\u017eit\u011b odlo\u017eit.\u00a0Realita je p\u0159\u00edli\u0161 v\u00e1\u017en\u00e1 na to, abychom se zapojili do t\u011bchto cynick\u00fdch z\u00e1padn\u00edch her.\u00a0\u017divoty lid\u00ed na Ukrajin\u011b jsou ve skute\u010dn\u00e9m ohro\u017een\u00ed ze strany fa\u0161istick\u00fdch polovojensk\u00fdch jednotek a politick\u00fdch gangster\u016f, kter\u00e9 Washington dosadil v Kyjev\u011b a nyn\u00ed jim umo\u017e\u0148uje voln\u00fd pr\u016fchod.\u00a0&#8222;Krvav\u00e9 ud\u00e1losti tohoto v\u00edkendu [v Od\u011bse] jsou tragick\u00fdm sv\u011bdectv\u00edm nal\u00e9hav\u00e9 hrozby.&#8220;<\/span><\/p>\n<p><span>Ve sv\u00e9m \u010dl\u00e1nku jsem vyzval prezidenta Putina, aby vyslal voj\u00e1ky na Ukrajinu, aby zabr\u00e1nil velk\u00e9 eskalaci v\u00e1lky.\u00a0Argumentovalo t\u00edm, \u017ee pokud nebudou mocnosti NATO ponech\u00e1ny bez kontroly, zv\u00fd\u0161\u00ed se n\u00e1sil\u00ed a ohro\u017een\u00ed Ruska.<\/span><\/p>\n<p><span>V t\u00e9 dob\u011b se po\u010det \u00famrt\u00ed zp\u016fsoben\u00fdch fa\u0161isty podporovan\u00fdmi NATO na Ukrajin\u011b po p\u0159evratu v \u00fanoru 2014 pohyboval kolem 100. S eskalac\u00ed agrese v letech 2014 a\u017e 2022 vzrostl po\u010det ob\u011bt\u00ed na 14 tis\u00edc.\u00a0Po dvou letech konfliktu na Ukrajin\u011b od zah\u00e1jen\u00ed rusk\u00fdch operac\u00ed se po\u010det ob\u011bt\u00ed zv\u00fd\u0161il na nejm\u00e9n\u011b 500 000 ukrajinsk\u00fdch voj\u00e1k\u016f a nezn\u00e1m\u00fd po\u010det na stran\u011b rusk\u00e9 arm\u00e1dy.\u00a0Mnoho rusk\u00fdch civilist\u016f bylo tak\u00e9 zabito d\u00e1lkov\u00fdmi zbran\u011bmi NATO vyp\u00e1len\u00fdmi kyjevsk\u00fdm re\u017eimem na p\u0159edv\u00e1le\u010dn\u00e9 \u00fazem\u00ed Rusk\u00e9 federace.\u00a0Krom\u011b toho se NATO jako p\u0159\u00edm\u00fd protivn\u00edk Ruska st\u00e1le v\u00edce zapojuje do proxy v\u00e1lky.<\/span><\/p>\n<p><span>Konflikt by pravd\u011bpodobn\u011b mohl b\u00fdt zvl\u00e1dnut, kdyby Rusko jednalo na obranu sv\u00fdch z\u00e1jm\u016f mnohem d\u0159\u00edve.\u00a0S\u00e1m prezident Putin vyj\u00e1d\u0159il l\u00edtost nad t\u00edm, \u017ee nejednal d\u0159\u00edve.<\/span><\/p>\n<p><span>Nep\u0159edpokl\u00e1d\u00e1m, \u017ee prezident Putin \u010detl m\u016fj p\u016fvodn\u00ed \u010dl\u00e1nek publikovan\u00fd t\u00e9m\u011b\u0159 p\u0159ed 10 lety.\u00a0Ale pokud by se tehdy chopil iniciativy, m\u00edsto aby oddaloval konfrontaci se silami NATO d\u0159\u00edve, ne\u017e zkonsolidovaly hrozbu na Ukrajin\u011b, mohl Putin odvr\u00e1tit mnoho z ni\u010den\u00ed a smrti, kter\u00e9 n\u00e1sledovaly.<\/span><\/p>\n<p><span>To nen\u00ed p\u0159\u00edpad \u201ezp\u011btn\u00fd pohled je \u00fa\u017easn\u00e1 v\u011bc\u201c.\u00a0Varovn\u00e9 zna\u010dky byly jasn\u011b viditeln\u00e9 ji\u017e v roce 2014.\u00a0Rusko m\u011blo zas\u00e1hnout d\u0159\u00edve, jak nyn\u00ed p\u0159ipou\u0161t\u00ed prezident Putin.<\/span><\/p>\n<p><span>Nakonec Rusko poraz\u00ed osu NATO vedenou USA ve sv\u00e9 z\u00e1stupn\u00e9 v\u00e1lce na Ukrajin\u011b.\u00a0V\u00edt\u011bzstv\u00ed ale trvalo d\u00e9le a bylo krvav\u011bj\u0161\u00ed, ne\u017e kdyby Putin jednal d\u0159\u00edve.<\/span><\/p>\n<p><span>V ka\u017ed\u00e9m p\u0159\u00edpad\u011b jsme z\u00edskali alespo\u0148 jednu konstruktivn\u00ed lekci.\u00a0Spojen\u00fdm st\u00e1t\u016fm a jejich stoupenc\u016fm NATO nelze nikdy v\u011b\u0159it.\u00a0Rusko mus\u00ed v\u017edy jednat rozhodn\u011b, aby chr\u00e1nilo sv\u00e9 z\u00e1jmy a \u0159\u00eddilo vztahy se z\u00e1padn\u00edmi mocnostmi na z\u00e1klad\u011b toho, \u017ee jsou ze sv\u00e9 podstaty vlastizr\u00e1dn\u00e9, zlomysln\u00e9 a naprosto nespolehliv\u00e9.<\/span><\/p>\n<\/div>\n<\/div>\n<div class=\"elementor-element elementor-element-8c57238 quelle dc-has-condition dc-condition-empty elementor-widget elementor-widget-heading\" data-id=\"8c57238\" data-element_type=\"widget\" data-widget_type=\"heading.default\">\n<div class=\"elementor-widget-container\">\n<h3 class=\"elementor-heading-title elementor-size-default\"><span style=\"font-size: 10pt;\"><a href=\"https:\/\/strategic-culture.su\/news\/2024\/02\/19\/putin-regrets-not-acting-sooner-in-ukraine-sorry-to-say-but-i-told-you-so-vlad\/\" target=\"_blank\" rel=\"nofollow noopener\">ZDROJ<\/a><\/span><\/h3>\n<p>&nbsp;<\/p>\n<\/div>\n<\/div>\n","protected":false},"excerpt":{"rendered":"<p>Rusko poraz\u00ed osu NATO vedenou USA ve sv\u00e9 z\u00e1stupn\u00e9 v\u00e1lce na Ukrajin\u011b.\u00a0V\u00edt\u011bzstv\u00ed ale trvalo d\u00e9le&#8230;<\/p>\n","protected":false},"author":2,"featured_media":47767,"comment_status":"closed","ping_status":"closed","sticky":false,"template":"","format":"standard","meta":[],"categories":[7],"tags":[39,102,1052,26,40],"_links":{"self":[{"href":"https:\/\/www.infokuryr.cz\/n\/wp-json\/wp\/v2\/posts\/47766"}],"collection":[{"href":"https:\/\/www.infokuryr.cz\/n\/wp-json\/wp\/v2\/posts"}],"about":[{"href":"https:\/\/www.infokuryr.cz\/n\/wp-json\/wp\/v2\/types\/post"}],"author":[{"embeddable":true,"href":"https:\/\/www.infokuryr.cz\/n\/wp-json\/wp\/v2\/users\/2"}],"replies":[{"embeddable":true,"href":"https:\/\/www.infokuryr.cz\/n\/wp-json\/wp\/v2\/comments?post=47766"}],"version-history":[{"count":0,"href":"https:\/\/www.infokuryr.cz\/n\/wp-json\/wp\/v2\/posts\/47766\/revisions"}],"wp:featuredmedia":[{"embeddable":true,"href":"https:\/\/www.infokuryr.cz\/n\/wp-json\/wp\/v2\/media\/47767"}],"wp:attachment":[{"href":"https:\/\/www.infokuryr.cz\/n\/wp-json\/wp\/v2\/media?parent=47766"}],"wp:term":[{"taxonomy":"category","embeddable":true,"href":"https:\/\/www.infokuryr.cz\/n\/wp-json\/wp\/v2\/categories?post=47766"},{"taxonomy":"post_tag","embeddable":true,"href":"https:\/\/www.infokuryr.cz\/n\/wp-json\/wp\/v2\/tags?post=47766"}],"curies":[{"name":"wp","href":"https:\/\/api.w.org\/{rel}","templated":true}]}}