{"id":47748,"date":"2024-02-23T05:11:16","date_gmt":"2024-02-23T04:11:16","guid":{"rendered":"https:\/\/www.infokuryr.cz\/n\/?p=47748"},"modified":"2024-02-23T05:11:16","modified_gmt":"2024-02-23T04:11:16","slug":"michael-svatos-vladimir-putin-vcera-opet-celemu-svetu-dokazal-ze-mezi-svetovymi-politiky-nema-rovnocenneho-soupere","status":"publish","type":"post","link":"https:\/\/www.infokuryr.cz\/n\/2024\/02\/23\/michael-svatos-vladimir-putin-vcera-opet-celemu-svetu-dokazal-ze-mezi-svetovymi-politiky-nema-rovnocenneho-soupere\/","title":{"rendered":"Michael Svato\u0161: Vladim\u00edr Putin v\u010dera op\u011bt cel\u00e9mu sv\u011btu dok\u00e1zal, \u017ee mezi sv\u011btov\u00fdmi politiky nem\u00e1 rovnocenn\u00e9ho soupe\u0159e!"},"content":{"rendered":"<div id=\"fb-root\"><\/div>\n<p><span style=\"font-size: 18pt;\"><strong>Vladim\u00edr Putin v\u010dera op\u011bt cel\u00e9mu sv\u011btu dok\u00e1zal, \u017ee mezi sv\u011btov\u00fdmi politiky nem\u00e1 rovnocenn\u00e9ho soupe\u0159e! Aneb odhalen\u00e9 tajemstv\u00ed letu nejlep\u0161\u00edho strategick\u00e9ho bombard\u00e9ru sv\u011bta!<\/strong><\/span><\/p>\n<p>Vladim\u00edr Putin v\u010dera op\u011bt cel\u00e9mu sv\u011btu dok\u00e1zal, \u017ee mezi sv\u011btov\u00fdmi politiky nem\u00e1 rovnocenn\u00e9ho soupe\u0159e! V Kazani se r\u00e1no vy\u0161plhal do kokpitu rusk\u00e9ho strategick\u00e9ho bombard\u00e9ru T-160M, kter\u00fd dok\u00e1\u017ee n\u00e9st a\u017e 12 nukle\u00e1rn\u00edch st\u0159el CH-102 s doletem 4500km a vydal pilotovi pokyn ke vzletu.\u00a0<a href=\"https:\/\/www.twz.com\/russian-kh-101-cruise-missile-filmed-firing-off-decoy-flares\">St\u0159ely CH-102 v nejnov\u011bj\u0161\u00ed verzi 23r<\/a>\u00a0p\u0159i letu k c\u00edli vypou\u0161t\u011bj\u00ed kolem sebe infra\u010derven\u00e9 pasti a radioloka\u010dn\u00ed ru\u0161i\u010de, a jejich prosincov\u00fd \u00fader na Kyjev dok\u00e1zal, \u017ee tato jejich nov\u00e1 schopnost je \u010dinn\u00ed je\u0161t\u011b v\u00edce odoln\u00e9 proti sest\u0159elen\u00ed. Z\u00e1padn\u00ed technici si nyn\u00ed usilovn\u011b l\u00e1mou hlavu, jak je ovl\u00e1d\u00e1n\u00ed vypou\u0161t\u011bn\u00ed past\u00ed a ru\u0161i\u010dek p\u0159i letu CH-102 k c\u00edli ovl\u00e1d\u00e1no, a kdy p\u0159esn\u011b k n\u011bmu dojde.<\/p>\n<p>Strategick\u00fd bombard\u00e9r T-160 v nejnov\u011bj\u0161\u00ed verzi M2, kter\u00e1 pr\u00e1v\u011b vstupuje do v\u00fdzbroje, bude z\u0159ejm\u011b velk\u00fdm p\u0159ekvapen\u00edm, proto\u017ee se spekuluje, \u017ee Putin na\u0159\u00eddil obnovit zkou\u0161ky \u201corbit\u00e1ln\u00edho prost\u0159edku Burlak\u201d, kter\u00e9 byly v roce 1992 zastaveny. \u201cOrbit\u00e1ln\u00ed prost\u0159edky\u00a0 Burlak\u201d m\u011bly do vesm\u00edru vypou\u0161t\u011bt pr\u00e1v\u011b bombard\u00e9ry TU-160. USA maj\u00ed u\u017e m\u011bs\u00edc evidentn\u00ed strach z n\u011bjak\u00e9 nov\u00e9 rusk\u00e9 vesm\u00edrn\u00e9 zbran\u011b, o kter\u00e9 si mysl\u00ed, \u017ee bude jadern\u00e1. Putin zpr\u00e1vy Washingtonu o rusk\u00fdch p\u0159\u00edprav\u00e1ch na rozm\u00edst\u011bn\u00ed jadern\u00fdch zbran\u00ed ve vesm\u00edru dementoval. \u0158e\u0161en\u00edm rovnice tak m\u016f\u017ee b\u00fdt obnoven\u00ed projektu Burlak, kdy zbra\u0148 nen\u00ed rozm\u00edst\u011bna v kosmu, ale je na leti\u0161ti, a v kosmu se rozm\u00edst\u00ed, teprve a\u017e bude t\u0159eba. N\u00e1hl\u00fd z\u00e1jem Vladim\u00edra Putina prol\u00e9tnout se v T-160M, kter\u00fd je nukle\u00e1rn\u00edm nosi\u010dem pro st\u0159ely CH-102, a potenci\u00e1ln\u00edm nosi\u010dem pro \u201corbit\u00e1ln\u00ed prost\u0159edky Burlak\u201d tomu nasv\u011bd\u010duje. (Dole \u2013 foto \u201cBurlak\u201d)<\/p>\n<div id=\"attachment_9361\" class=\"wp-caption aligncenter\" style=\"width: 703px;\"><img decoding=\"async\" loading=\"lazy\" class=\" wp-image-9361\" src=\"https:\/\/www.michalapetr.com\/wp-content\/uploads\/2024\/02\/burlak.jpg\" sizes=\"(max-width: 358px) 100vw, 358px\" srcset=\"https:\/\/www.michalapetr.com\/wp-content\/uploads\/2024\/02\/burlak.jpg 358w, https:\/\/www.michalapetr.com\/wp-content\/uploads\/2024\/02\/burlak-300x204.jpg 300w\" alt=\"\" width=\"703\" height=\"477\" aria-describedby=\"caption-attachment-9361\" \/><\/p>\n<p id=\"caption-attachment-9361\" class=\"wp-caption-text\"><em>Orbit\u00e1ln\u00ed prost\u0159edek Burlak a jeho nosi\u010d T-160.\u00a0<\/em><\/p>\n<\/div>\n<p>CH-102\u00a0<a href=\"https:\/\/en.wikipedia.org\/wiki\/Kh-55\">nese na c\u00edl jadernou n\u00e1lo\u017e<\/a>\u00a0o r\u00e1\u017ei 250kt.\u00a0<a href=\"https:\/\/www.wagingpeace.org\/the-effects-of-a-300-kiloton-nuclear-warhead-detonated-above-washington-d-c\/\">V\u00fdbuch takov\u00e9to n\u00e1lo\u017ee podle US v\u00fdpo\u010dt\u016f<\/a>\u00a0okam\u017eit\u011b zni\u010d\u00ed v\u0161echny budovy v okruhu 7.5km od epicentra v\u00fdbuchu. Pokud by n\u00e1lo\u017e 150kt explodovala na V\u00e1clavsk\u00e9m n\u00e1m\u011bst\u00ed, zni\u010dena by byla nemocnice Motol na Z\u00e1pad od epicentra, a v\u0161e a\u017e k \u010cern\u00e9mu mostu na sever. Jedna st\u0159ela CH-102 = zni\u010den\u00e1 Praha, 12 st\u0159el CH-102 vyst\u0159elen\u00fdch z jedin\u00e9ho TU-160 =\u00a0 zni\u010den\u00ed 12 nejv\u011bt\u0161\u00edch m\u011bst v \u010cR! Madam \u010cernochov\u00e1 nav\u00edc darovala Ukrajin\u011b tak\u0159ka v\u0161echny protiletadlov\u00e9 prost\u0159edky A\u010cR, a tak aktu\u00e1ln\u011b by nem\u011bl jej\u00ed v\u00e1le\u010dn\u00edk \u0158ehka ani \u010d\u00edm rakety CH-102 sest\u0159elovat! (St\u0159ela CH-102, je nukle\u00e1rn\u00ed varianta st\u0159ely CH-101.)<\/p>\n<p><span style=\"font-size: 18pt;\"><strong>\u010casov\u00e1 osa v\u010derej\u0161\u00edch ud\u00e1lost\u00ed:<\/strong><\/span><\/p>\n<ol>\n<li>(V\u010dera r\u00e1no) Putin vzl\u00e9tne ve strategick\u00e9m bombard\u00e9ru T-160M z Kazan\u011b, a zam\u00ed\u0159\u00ed kamsi z\u00e1padn\u00edm sm\u011brem! (<a class=\"mfp-iframe lightbox-added\" href=\"https:\/\/www.youtube.com\/watch?v=SLoWp76_gbI\">Video<\/a>)<\/li>\n<li>(V\u010dera poledne)<a href=\"https:\/\/www.politico.eu\/article\/uk-joins-us-in-backing-rutte-to-lead-nato\/\">\u00a0Ofici\u00e1ln\u00ed p\u0159edstavitel britsk\u00e9 vl\u00e1dy jako prvn\u00ed ozn\u00e1mil<\/a>, \u017ee vl\u00e1da jeho veli\u010denstva podporuje kandidaturu Marca Rutte na budouc\u00edho \u0161\u00e9fa NATO!<\/li>\n<li>(V\u010dera odpoledne)<a href=\"https:\/\/www.tagesschau.de\/inland\/ukraine-taurus-bundestag-100.html\">\u00a0N\u011bmeck\u00fd parlament odm\u00edtne 480 hlasy proti 182 dodat Ukrajin\u011b raket Taurus<\/a>, se kter\u00fdmi se d\u00e1 st\u0159\u00edlet na Moskvu. Zelenskyj hrozil, \u017ee raketami zni\u010d\u00ed Krymsk\u00fd most, a vyp\u00e1l\u00ed rusk\u00e1 leti\u0161t\u011b, tov\u00e1rny a m\u011bsta!<\/li>\n<\/ol>\n<p>V\u010dera Washington, Berl\u00edn i Lond\u00fdn ve\u0159ejn\u011b kapitulovaly p\u0159ed Ruskem, a de facto p\u0159ijaly Putinovy p\u0159edv\u00e1le\u010dn\u00e9 po\u017eadavky. \u017de se kr\u00e1tce p\u0159edt\u00edm Putin prol\u00e9tnul v nosi\u010di rusk\u00fdch smrt\u00edc\u00edch jadern\u00fdch st\u0159el, bylo jen kr\u00e1sn\u00e9 dovysv\u011btlen\u00ed, pro\u010d Z\u00e1pad kapituloval, a Putinova t\u0159e\u0161ni\u010dka na dortu pro Rusy.<\/p>\n<p>Proces cel\u00e9 kapitulace Z\u00e1padu p\u0159ed Ruskem za\u010dal nab\u00edrat ne\u010dekan\u00e9 obr\u00e1tky, kdy\u017e minul\u00fd t\u00fdden t\u011bsn\u011b p\u0159ed zah\u00e1jen\u00edm mnichovsk\u00e9 bezpe\u010dnostn\u00ed konference n\u011bmeck\u00fd v\u016fdce Olaf Scholz a US n\u00e1\u010deln\u00edk Joe Biden zablokovali kandidaturu Ursuly von der Leyen na p\u0159\u00ed\u0161t\u00ed \u0161\u00e9fku aliance NATO,\u00a0<a href=\"https:\/\/www.euractiv.com\/section\/politics\/news\/scholz-prevented-von-der-leyen-from-natos-top-job-bid-media-reports\/\"><em>nebo\u0165 Ursula je p\u0159\u00edli\u0161 radik\u00e1ln\u011b proti Rusku, a jej\u00ed jmenovan\u00ed co \u010dela NATO by zkomplikovalo m\u00edrov\u00fd proces<\/em><\/a>!<\/p>\n<p>Nasupen\u00e1 Ursula se sice vz\u00e1p\u011bt\u00ed ob\u011bma sv\u00fdm b\u00fdval\u00fdm proradn\u00fdm spojenc\u016fm pomstila vyhl\u00e1\u0161en\u00edm, \u017ee jako p\u0159\u00ed\u0161t\u00ed \u0161\u00e9fka nov\u00e9 bruselsk\u00e9 komise z\u0159\u00edd\u00ed evropsk\u00e9 ministerstvo obrany, a s nik\u00fdm se u\u017e o v\u00e1lce s Ruskem bavit nebude, a hned se do n\u00ed p\u0159es Ukrajinu pust\u00ed, ale popravd\u011b \u2013 m\u00e1 stopku, \u0161\u00e9fkou nov\u00e9 komise u\u017e nebude.<\/p>\n<p><a href=\"https:\/\/stranapro.cz\/\"><img decoding=\"async\" loading=\"lazy\" class=\"wp-image-40285 aligncenter\" src=\"http:\/\/www.infokuryr.cz\/n\/wp-content\/uploads\/2023\/11\/11pro-300x79.png\" alt=\"\" width=\"816\" height=\"215\" srcset=\"https:\/\/www.infokuryr.cz\/n\/wp-content\/uploads\/2023\/11\/11pro-300x79.png 300w, https:\/\/www.infokuryr.cz\/n\/wp-content\/uploads\/2023\/11\/11pro.png 363w\" sizes=\"(max-width: 816px) 100vw, 816px\" \/><\/a><\/p>\n<p>Ursula tak dopadla stejn\u011b jako Boris Johnson,\u00a0<a href=\"https:\/\/www.thenational.scot\/news\/20581581.idea-boris-johnson-nato-secretary-general-dismissed-telegraph-report\/\">kter\u00fd si d\u011blal na funkci z\u00e1lusk u\u017e v l\u00e9t\u011b 2022<\/a>, kdy m\u011bl Stoltenberg skon\u010dit, a myslel si, \u017ee mu bude k dobru p\u0159i\u010dtena z\u00e1sluha, \u017ee na ja\u0159e donutil Kyjev, aby odm\u00edtnul m\u00edr s Ruskem. Opak se stal pravdou, a Jens Stoltenberg musel p\u0159etrp\u011bt ve funkci je\u0161t\u011b dal\u0161\u00ed rok, ne\u017e v\u011bt\u0161ina nejv\u011bt\u0161\u00edch pitomc\u016f mezi z\u00e1padn\u00edmi politiky kone\u010dn\u011b pochop\u00ed, \u017ee Putin na Ukrajin\u011b zv\u00edt\u011bz\u00ed, a p\u0159estane m\u00edt v\u00e1le\u010dn\u00e9 choutky. A i estonsk\u00e1 premi\u00e9rka Kaja Kallasov\u00e1 dopadla stejn\u011b \u2013 loni po odm\u00edtnut\u00ed jmenovat Johnsona \u2013 vsadila celou svoji politickou budoucnost na podn\u011bcov\u00e1n\u00ed zu\u0159iv\u00e9 nen\u00e1visti v\u016f\u010di v\u0161emu rusk\u00e9mu a naivn\u011b si myslela, \u017ee se tak stane budouc\u00ed gener\u00e1ln\u00ed tajemnic\u00ed NATO. Celou hru o nejvy\u0161\u0161\u00ed post NATO nakonec v\u010dera vyhr\u00e1l teflonov\u00fd a v\u0161emi mastmi mazan\u00fd holandsk\u00fd premi\u00e9r Marc Rutte, zn\u00e1m\u00fd t\u00edm, \u017ee jeho politika se v\u017edy \u0159\u00edd\u00ed jen sm\u011brem jak\u00fdm vanou v\u011btry. Budouc\u00ed gener\u00e1ln\u00ed tajemn\u00edk NATO Rutte tak bude jedn\u00edm z historicky nejv\u011bt\u0161\u00edch zast\u00e1nc\u016f plynovodu Nord Stream a p\u0159\u00e1telstv\u00ed s Ruskem, kter\u00fd potom sice podpo\u0159il v\u00e1lku Ukrajiny a sankce proti Rusku, ale jen do\u010dasn\u011b, ne\u017e se v\u00edtr zase obr\u00e1t\u00ed, jak se rychle uk\u00e1\u017ee!<\/p>\n<p><a href=\"https:\/\/www.politico.eu\/article\/ukraine-war-russia-why-west-is-losing\/\">T\u011bm nejv\u00edc m\u00e9n\u011b ch\u00e1pav\u00fdm evropsk\u00fdm politik\u016fm<\/a>, (\u010desk\u00fdm fialov\u00fdm), celou zm\u011bnu vztahu k Rusku o tomto v\u00edkendu v Mnichov\u011b na bezpe\u010dnostn\u00ed konferenci polopaticky vysv\u011btlil \u00fa\u0159aduj\u00edc\u00ed holandsk\u00fd premi\u00e9r Marc Rutte, budouc\u00ed tajemn\u00edk NATO, kdy\u017e \u0159ekl: \u201c<em>Pouze Kyjev m\u016f\u017ee zah\u00e1jit m\u00edrov\u00e1 jedn\u00e1n\u00ed s Moskvou! Ale a\u017e k nim dojde, ihned se k nim p\u0159ipoj\u00ed USA a v r\u00e1mci NATO si spole\u010dn\u011b promluv\u00edme s Rusy, abychom se domluvili na budouc\u00edch bezpe\u010dnostn\u00edch opat\u0159en\u00edch mezi n\u00e1mi a nimi!<\/em>\u201d Jakmile jeho slova sly\u0161eli Jack Sullivan, kter\u00fd zast\u00e1v\u00e1 kl\u00ed\u010dovou funkci Poradce vl\u00e1dy USA pro n\u00e1rodn\u00ed bezpe\u010dnost, a Scholzovi poradci Schmidt a Pl\u00f6tner, bylo vymalov\u00e1no, a Rutte vyhr\u00e1l funkci \u0161\u00e9fa NATO!\u00a0 Sullivan, Schmidt a Pl\u00f6tner toti\u017e u\u017e od jara 2022 spole\u010dn\u011b sabotuj\u00ed jak\u00fdkoli pokus zem\u00ed NATO v\u00fdrazn\u011b vyzbrojit Ukrajinu, aby\u00a0 mohla b\u00fdt Rusku soupe\u0159em. Zbran\u011b proto na Ukrajinu te\u010dou tak pomalu, jak jen to je mo\u017en\u00e9, aby se mainstream nerozzu\u0159il, a jeho hloup\u00edm novin\u00e1\u0159\u016fm nedo\u0161lo, jak rafinovanou hru tihle t\u0159i hraj\u00ed. Sullivan je hodnocen znalci jako \u201cvysoce inteligentn\u00ed, bez emo\u010dn\u00ed, bez hlubok\u00fdch zku\u0161enost\u00ed s n\u00e1rodn\u00ed bezpe\u010dnost\u00ed, ale velmi orientovan\u00fd na vybudov\u00e1n\u00ed vlastn\u00ed kari\u00e9ry\u201c. Schmidt jako \u201cz\u00e1visl\u00fd na Scholzovi, velmi opatrn\u00fd, vystra\u0161en\u00fd Ruskem, a ne tak velk\u00fd expert na zahrani\u010dn\u00ed politiku, jak si mysl\u00ed, \u017ee je.\u201d<\/p>\n<p><img decoding=\"async\" loading=\"lazy\" class=\"wp-image-47634 alignleft\" src=\"http:\/\/www.infokuryr.cz\/n\/wp-content\/uploads\/2024\/02\/Pozvanka_Praha-_23.3.24-300x229.jpg\" alt=\"\" width=\"557\" height=\"425\" srcset=\"https:\/\/www.infokuryr.cz\/n\/wp-content\/uploads\/2024\/02\/Pozvanka_Praha-_23.3.24-300x229.jpg 300w, https:\/\/www.infokuryr.cz\/n\/wp-content\/uploads\/2024\/02\/Pozvanka_Praha-_23.3.24.jpg 595w\" sizes=\"(max-width: 557px) 100vw, 557px\" \/><\/p>\n<p>Pl\u00f6tner jako \u201cnejbli\u017e\u0161\u00ed d\u016fv\u011brn\u00edk Scholze, p\u0159\u00e1telsk\u00fd Rusku, a odm\u00edtaj\u00edc\u00ed (fialovou) tezi, \u017ee \u00fatok na Ukrajinu je \u00fatokem na v\u0161echny ob\u010dany Z\u00e1padu\u201c. Tento triumvir\u00e1t, \u201cpo t\u00e9, co na ja\u0159e 2022 Zelenskyj odm\u00edtnul p\u0159ijmout od Bidena jednosm\u011brnou letenku, aby okam\u017eit\u011b zmizel z Kyjeva, a p\u0159edal ho Rus\u016fm, v\u00fdm\u011bnou za lukrativn\u00ed azyl,\u201d vymyslel postupnou strategii, jak dos\u00e1hnout stejn\u00e9ho v\u00fdsledku, jako jednosm\u011brnou letenkou, le\u010d postupn\u00fdm \u00fasil\u00edm. Jejich hlavn\u00edm c\u00edlem bylo v ka\u017ed\u00e9m okam\u017eiku zabr\u00e1nit mo\u017en\u00e9 jadern\u00e9 eskalaci, a doufat, \u017ee Ukrajina \u00fatok odraz\u00ed a Putin slev\u00ed ze sv\u00fdch po\u017eadavk\u016f. Triumvir\u00e1t sice zat\u00edm jadernou v\u00e1lku odvr\u00e1til, ale svou politikou nevyzbrojovat Ukrajinu v\u00edc, ne\u017e p\u0159ipust\u00ed Putin, dostal Z\u00e1pad do pasti. Kdy\u017e se po masivn\u00edm, vyzbrojov\u00e1n\u00ed\u00a0 Ukrajiny Z\u00e1padem, jak vn\u00edm\u00e1 nevyzbrojov\u00e1n\u00ed Ukrajiny mainstreamem zmanipulovan\u00e1 z\u00e1padn\u00ed ve\u0159ejnost, Ukrajina zhrout\u00ed, z\u00e1padn\u00ed ve\u0159ejnost bude v \u0161oku, a m\u016f\u017ee za\u010d\u00edt volit v\u00edt\u011bzn\u00e9 Putinovi stoupence, proto\u017ee nebude v\u011b\u0159it, \u017ee je mo\u017en\u00e9 Rusko vojensky zastavit. A naopak \u2013 kdy\u017e se zhrout\u00ed Rusko, vypukne jadern\u00e1 v\u00e1lka.<\/p>\n<p>Ud\u00e1losti posledn\u00edch hodin nazna\u010duj\u00ed, \u017ee Sullivan, Pl\u00f6tner a Schmidt, u\u017e na\u0161li \u0159e\u0161en\u00ed, jak vybruslit z pasti, kterou sami vytvo\u0159ili, a nezni\u010dit p\u0159itom sv\u011bt. Zah\u00e1jit jedn\u00e1n\u00ed s Ruskem, je\u0161t\u011b d\u0159\u00edv ne\u017e se Ukrajina zhrout\u00ed! A donutit Ukrajinu okle\u0161t\u011bn\u00fdmi dod\u00e1vkami zbran\u00ed, aby \u201cdobrovoln\u011b\u201d p\u0159ijala v\u011bt\u0161inu Putinov\u00fdch po\u017eadavk\u016f. Je v\u0161ak mo\u017en\u00e9, \u017ee Putin na rozd\u00edl od jara 2022, je u\u017e na ja\u0159e 2024 sk\u00e1lopevn\u011b p\u0159esv\u011bd\u010den, \u017ee zv\u00edt\u011bz\u00ed na cel\u00e9 \u010d\u00e1\u0159e, a tak bude m\u00edrov\u00e1 jedn\u00e1n\u00ed protahovat, proto\u017ee \u010d\u00edm pozd\u011bji bude m\u00edr uzav\u0159en, t\u00edm v\u00edce \u00fazem\u00ed Rusko z\u00edsk\u00e1! Letem ve strategick\u00e9m bombard\u00e9ru Putin dok\u00e1zal, \u017ee charakteristiky z\u00e1padn\u00edch politik\u016f, dob\u0159e zn\u00e1, a \u017ee jejich strach z jadern\u00e9 v\u00e1lky umn\u011b p\u0159i\u017eivuje, aby z\u00edskal dobr\u00e9 podm\u00ednky pro bezpe\u010dn\u00fd m\u00edr! D\u00e1 se dokonce \u0159\u00edci, \u017ee Marc Rutte bude prvn\u00edm gener\u00e1ln\u00edm tajemn\u00edkem NATO, kter\u00e9ho do funkce dosadila Moskva a ne Washington!!!!!<\/p>\n<p><a href=\"https:\/\/www.michalapetr.com\/map-1919-vladimir-putin-vcera-opet-celemu-svetu-dokazal-ze-mezi-svetovymi-politiky-nema-rovnocenneho-soupere-aneb-odhalene-tajemstvi-letu-nejlepsiho-strategickeho-bombarderu-sveta\/\">Michael Svato\u0161<\/a><\/p>\n<p><img decoding=\"async\" loading=\"lazy\" class=\"alignnone size-full wp-image-27204\" src=\"http:\/\/www.infokuryr.cz\/n\/wp-content\/uploads\/2023\/05\/Michael_Svatos.png\" alt=\"\" width=\"180\" height=\"180\" srcset=\"https:\/\/www.infokuryr.cz\/n\/wp-content\/uploads\/2023\/05\/Michael_Svatos.png 180w, https:\/\/www.infokuryr.cz\/n\/wp-content\/uploads\/2023\/05\/Michael_Svatos-150x150.png 150w\" sizes=\"(max-width: 180px) 100vw, 180px\" \/><\/p>\n<p>&nbsp;<\/p>\n<p>&nbsp;<\/p>\n","protected":false},"excerpt":{"rendered":"<p>Vladim\u00edr Putin v\u010dera op\u011bt cel\u00e9mu sv\u011btu dok\u00e1zal, \u017ee mezi sv\u011btov\u00fdmi politiky nem\u00e1 rovnocenn\u00e9ho soupe\u0159e! Aneb&#8230;<\/p>\n","protected":false},"author":2,"featured_media":47749,"comment_status":"closed","ping_status":"closed","sticky":false,"template":"","format":"standard","meta":[],"categories":[6],"tags":[1042,4027,102,276],"_links":{"self":[{"href":"https:\/\/www.infokuryr.cz\/n\/wp-json\/wp\/v2\/posts\/47748"}],"collection":[{"href":"https:\/\/www.infokuryr.cz\/n\/wp-json\/wp\/v2\/posts"}],"about":[{"href":"https:\/\/www.infokuryr.cz\/n\/wp-json\/wp\/v2\/types\/post"}],"author":[{"embeddable":true,"href":"https:\/\/www.infokuryr.cz\/n\/wp-json\/wp\/v2\/users\/2"}],"replies":[{"embeddable":true,"href":"https:\/\/www.infokuryr.cz\/n\/wp-json\/wp\/v2\/comments?post=47748"}],"version-history":[{"count":0,"href":"https:\/\/www.infokuryr.cz\/n\/wp-json\/wp\/v2\/posts\/47748\/revisions"}],"wp:featuredmedia":[{"embeddable":true,"href":"https:\/\/www.infokuryr.cz\/n\/wp-json\/wp\/v2\/media\/47749"}],"wp:attachment":[{"href":"https:\/\/www.infokuryr.cz\/n\/wp-json\/wp\/v2\/media?parent=47748"}],"wp:term":[{"taxonomy":"category","embeddable":true,"href":"https:\/\/www.infokuryr.cz\/n\/wp-json\/wp\/v2\/categories?post=47748"},{"taxonomy":"post_tag","embeddable":true,"href":"https:\/\/www.infokuryr.cz\/n\/wp-json\/wp\/v2\/tags?post=47748"}],"curies":[{"name":"wp","href":"https:\/\/api.w.org\/{rel}","templated":true}]}}