{"id":47742,"date":"2024-02-23T04:46:28","date_gmt":"2024-02-23T03:46:28","guid":{"rendered":"https:\/\/www.infokuryr.cz\/n\/?p=47742"},"modified":"2024-02-23T04:46:28","modified_gmt":"2024-02-23T03:46:28","slug":"armenie-pozastavila-bezpecnostni-pakt-s-ruskem","status":"publish","type":"post","link":"https:\/\/www.infokuryr.cz\/n\/2024\/02\/23\/armenie-pozastavila-bezpecnostni-pakt-s-ruskem\/","title":{"rendered":"Arm\u00e9nie \u201epozastavila\u201c bezpe\u010dnostn\u00ed pakt s Ruskem"},"content":{"rendered":"<div id=\"fb-root\"><\/div>\n<p><span style=\"font-size: 18pt;\"><strong>Nikol Pashinyan \u0159\u00edk\u00e1, \u017ee jeho rozhodnut\u00ed bylo motivov\u00e1no doutnaj\u00edc\u00edm konfliktem s \u00c1zerb\u00e1jd\u017e\u00e1nem<\/strong><\/span><\/p>\n<p><span>Arm\u00e9nie de facto pozastavila svou \u00fa\u010dast na kl\u00ed\u010dov\u00e9 bezpe\u010dnostn\u00ed dohod\u011b s Ruskem, uvedl premi\u00e9r Nikol Pa\u0161injan s odkazem na pokra\u010duj\u00edc\u00ed nap\u011bt\u00ed se sv\u00fdm sousedem a \u00fahlavn\u00edm rivalem \u00c1zerb\u00e1jd\u017e\u00e1nem.<\/span><\/p>\n<p><span>V rozhovoru pro France 24, kter\u00fd byl zve\u0159ejn\u011bn ve \u010dtvrtek, Pa\u0161injan \u0159ekl, \u017ee jeho zem\u011b je st\u00e1le nespokojen\u00e1 s Organizac\u00ed smlouvy o kolektivn\u00ed bezpe\u010dnosti (CSTO), \u0161esti\u010dlenn\u00fdm blokem zalo\u017een\u00fdm kr\u00e1tce po rozpadu Sov\u011btsk\u00e9ho svazu.<\/span><\/p>\n<p><em><span>&#8222;Domn\u00edv\u00e1me se, \u017ee v p\u0159\u00edpad\u011b Arm\u00e9nie nebyla smlouva implementov\u00e1na, zejm\u00e9na v letech 2021-2022, a nemohla z\u016fstat bez pov\u0161imnut\u00ed,&#8220;<\/span><\/em><span>\u00a0vysv\u011btlil Pashiyan.\u00a0<\/span><em><span>\u201ePozastavili jsme na\u0161i \u00fa\u010dast na t\u00e9to smlouv\u011b.\u00a0Uvid\u00edme, co bude d\u00e1l.\u201c<\/span><\/em><\/p>\n<p><span>Arm\u00e9nie za\u010dala loni odm\u00edtat \u00fa\u010dast na n\u011bkter\u00fdch akc\u00edch a vojensk\u00fdch cvi\u010den\u00ed CSTO.\u00a0Pa\u0161injan v minulosti uvedl, \u017ee Jerevan nem\u00e1 v pl\u00e1nu form\u00e1ln\u011b p\u0159eru\u0161it styky s blokem.\u00a0Vyzval v\u0161ak blok a jeho v\u016fdce Rusko, aby podpo\u0159ili Arm\u00e9nii b\u011bhem jej\u00edho konfliktu s \u00c1zerb\u00e1jd\u017e\u00e1nem a odsoudili jej\u00ed\u00a0<\/span><em><span>\u201eagresi\u201c<\/span><\/em><span>\u00a0\u00a0v regionu.<\/span><\/p>\n<p><span>Za\u010d\u00e1tkem tohoto m\u011bs\u00edce se Yeveran a Baku vz\u00e1jemn\u011b obvi\u0148ovali ze zah\u00e1jen\u00ed p\u0159est\u0159elky na hranici, kter\u00e1 si vy\u017e\u00e1dala \u010dty\u0159i mrtv\u00e9 arm\u00e9nsk\u00e9 voj\u00e1ky a zran\u011bn\u00e9ho \u00e1zerb\u00e1jd\u017e\u00e1nsk\u00e9ho pohrani\u010dn\u00edka.\u00a0Pa\u0161injan po st\u0159etu \u0159ekl, \u017ee \u00c1zerb\u00e1jd\u017e\u00e1n pl\u00e1nuje\u00a0<\/span><em><span>\u201erozs\u00e1hlou v\u00e1lku\u201c<\/span><\/em><span>\u00a0proti sv\u00e9 zemi.\u00a0\u00c1zerb\u00e1jd\u017e\u00e1nsk\u00fd prezident Ilham Alijev zase obvinil Arm\u00e9nii z rozdm\u00fdch\u00e1v\u00e1n\u00ed nap\u011bt\u00ed.<\/span><\/p>\n<p><span>V roce 2020 \u00c1zerb\u00e1jd\u017e\u00e1n znovu dobyl velkou \u010d\u00e1st sv\u00e9 odtr\u017een\u00e9 oblasti N\u00e1horn\u00edho Karabachu, kter\u00e1 byla os\u00eddlena etnick\u00fdmi Arm\u00e9ny a byla spojena s Jerevanem.\u00a0\u010cty\u0159ia\u010dty\u0159icetidenn\u00ed v\u00e1lka skon\u010dila p\u0159\u00edm\u011b\u0159\u00edm, b\u011bhem n\u011bho\u017e byli v regionu rozm\u00edst\u011bni rusk\u00e9 m\u00edrov\u00e9 jednotky.\u00a0V letech 2021 a 2022 pokra\u010dovaly men\u0161\u00ed pohrani\u010dn\u00ed st\u0159ety mezi Arm\u00e9ni\u00ed a \u00c1zerb\u00e1jd\u017e\u00e1nem.<\/span><\/p>\n<p><span>Baku obnovilo plnou kontrolu nad Karabachem b\u011bhem bleskov\u00e9 ofenz\u00edvy v z\u00e1\u0159\u00ed 2023, co\u017e vyvolalo \u00fat\u011bk v\u00edce ne\u017e 100 000 m\u00edstn\u00edch Arm\u00e9n\u016f.\u00a0Pa\u0161injan ve stejn\u00e9m roce uznal Karabach jako sou\u010d\u00e1st \u00c1zerb\u00e1jd\u017e\u00e1nu.<\/span><\/p>\n<p><span>Rusk\u00fd prezident Vladimir Putin v prosinci 2023 \u0159ekl, \u017ee by nebylo\u00a0\u00a0<\/span><em><span>\u201ev z\u00e1jmu Arm\u00e9nie\u201c<\/span><\/em><span>\u00a0vystoupit z CSTO.\u00a0Dodal v\u0161ak, \u017ee kone\u010dn\u00e9 rozhodnut\u00ed by m\u011bl u\u010dinit Jerevan, a zd\u016fraznil, \u017ee Moskva by r\u00e1da udr\u017eovala p\u0159\u00e1telsk\u00e9 vztahy se sv\u00fdm sousedem.<\/span><\/p>\n<p><img decoding=\"async\" loading=\"lazy\" class=\"alignnone size-full wp-image-1185\" src=\"http:\/\/www.infokuryr.cz\/n\/wp-content\/uploads\/2021\/04\/kuryr-podpis.png\" alt=\"\" width=\"84\" height=\"24\" \/><\/p>\n<p>&nbsp;<\/p>\n<p>&nbsp;<\/p>\n","protected":false},"excerpt":{"rendered":"<p>Nikol Pashinyan \u0159\u00edk\u00e1, \u017ee jeho rozhodnut\u00ed bylo motivov\u00e1no doutnaj\u00edc\u00edm konfliktem s \u00c1zerb\u00e1jd\u017e\u00e1nem Arm\u00e9nie de facto&#8230;<\/p>\n","protected":false},"author":2,"featured_media":47743,"comment_status":"closed","ping_status":"closed","sticky":false,"template":"","format":"standard","meta":[],"categories":[7],"tags":[1730,5849,22,955],"_links":{"self":[{"href":"https:\/\/www.infokuryr.cz\/n\/wp-json\/wp\/v2\/posts\/47742"}],"collection":[{"href":"https:\/\/www.infokuryr.cz\/n\/wp-json\/wp\/v2\/posts"}],"about":[{"href":"https:\/\/www.infokuryr.cz\/n\/wp-json\/wp\/v2\/types\/post"}],"author":[{"embeddable":true,"href":"https:\/\/www.infokuryr.cz\/n\/wp-json\/wp\/v2\/users\/2"}],"replies":[{"embeddable":true,"href":"https:\/\/www.infokuryr.cz\/n\/wp-json\/wp\/v2\/comments?post=47742"}],"version-history":[{"count":0,"href":"https:\/\/www.infokuryr.cz\/n\/wp-json\/wp\/v2\/posts\/47742\/revisions"}],"wp:featuredmedia":[{"embeddable":true,"href":"https:\/\/www.infokuryr.cz\/n\/wp-json\/wp\/v2\/media\/47743"}],"wp:attachment":[{"href":"https:\/\/www.infokuryr.cz\/n\/wp-json\/wp\/v2\/media?parent=47742"}],"wp:term":[{"taxonomy":"category","embeddable":true,"href":"https:\/\/www.infokuryr.cz\/n\/wp-json\/wp\/v2\/categories?post=47742"},{"taxonomy":"post_tag","embeddable":true,"href":"https:\/\/www.infokuryr.cz\/n\/wp-json\/wp\/v2\/tags?post=47742"}],"curies":[{"name":"wp","href":"https:\/\/api.w.org\/{rel}","templated":true}]}}