{"id":47737,"date":"2024-02-23T04:27:25","date_gmt":"2024-02-23T03:27:25","guid":{"rendered":"https:\/\/www.infokuryr.cz\/n\/?p=47737"},"modified":"2024-02-23T04:27:25","modified_gmt":"2024-02-23T03:27:25","slug":"skoly-musi-vyrazit-na-demonstraci-proti-opozicni-afd-vyzyva-nemecka-ministryne-skolstvi","status":"publish","type":"post","link":"https:\/\/www.infokuryr.cz\/n\/2024\/02\/23\/skoly-musi-vyrazit-na-demonstraci-proti-opozicni-afd-vyzyva-nemecka-ministryne-skolstvi\/","title":{"rendered":"\u201e\u0160koly mus\u00ed vyrazit na demonstraci proti opozi\u010dn\u00ed AfD\u201c, vyz\u00fdv\u00e1 n\u011bmeck\u00e1 ministryn\u011b \u0161kolstv\u00ed"},"content":{"rendered":"<div id=\"fb-root\"><\/div>\n<h2 class=\"entry-title\">Liber\u00e1ln\u00ed demokracie u\u017e m\u00e1 sv\u016fj \u201eprvom\u00e1jov\u00fd pr\u016fvod\u201c?!<\/h2>\n<p><strong>Ministryn\u011b \u0161kolstv\u00ed ve spolkov\u00e9 zemi Por\u00fdn\u00ed-Vestf\u00e1lsko Dorothee Fellerov\u00e1 (CDU)\u00a0<a href=\"https:\/\/jungefreiheit.de\/kultur\/gesellschaft\/2024\/nrw-schulministerin-ruft-lehrer-zu-anti-rechts-demos-auf\/\">vyzvala u\u010ditele<\/a>, aby se studenty z\u00fa\u010dastnili protestn\u00edch demonstrac\u00ed proti \u201epravici\u201c. Demonstrace po\u0159\u00e1d\u00e1 vl\u00e1da a c\u00edlem je uk\u00e1zat jako by \u201eve\u0159ejnou podporu\u201c, kter\u00e1 m\u00e1 ospravedlnit z\u00e1kaz jedin\u00e9 v\u00fdznamn\u00e9 opozi\u010dn\u00ed strany v N\u011bmecku<\/strong>\u00a0a dost mo\u017en\u00e1 uv\u011bzn\u011bn\u00ed jejich p\u0159edn\u00edch p\u0159edstavitel\u016f. Podle Fellerov\u00e9 je pr\u00fd pot\u0159eba rozhodn\u011b projevit podporu \u201edemokracii\u201c.<\/p>\n<p><b>\u0160koly v Por\u00fdn\u00ed -Vestf\u00e1lsku jsou proslul\u00e9 mizernou a st\u00e1le klesaj\u00edc\u00ed \u00farovn\u00ed v\u00fduky, \u0161koln\u00ed p\u0159est\u00e1vky kontroluje m\u00edstn\u00ed \u0161ar\u00eda policie z \u0159ad muslimsk\u00fdch \u017e\u00e1k\u016f, imigrant\u0161t\u00ed \u017e\u00e1ci bij\u00ed a \u0161ikanuj\u00ed sv\u00e9 n\u011bmeck\u00e9 spolu\u017e\u00e1ky\u2026. Pro uv\u011bdom\u011blou ministryni je ale nejv\u011bt\u0161\u00ed probl\u00e9m opozi\u010dn\u00ed strana, kter\u00e1 na tyto probl\u00e9my ukazuje.<\/b><\/p>\n<p><strong>Bude se kontrolovat \u00fa\u010dast na \u201edobrovoln\u011b-povinn\u00e9 demonstraci\u201c z \u0159ad u\u010ditel\u016f a \u017e\u00e1k\u016f jako za star\u00fdch socialistick\u00fdch \u010das\u016f<\/strong>? Pam\u011btn\u00edci asi zavzpom\u00ednaj\u00ed na tehdej\u0161\u00ed \u201edobrovoln\u011b povinn\u00e9\u201c pr\u016fvody na 1. kv\u011btna. To tak\u00e9 bylo dobrovoln\u00e9, ale kdo nep\u0159i\u0161el, tak poc\u00edtil n\u00e1sledky.\u00a0<strong>Liber\u00e1ln\u00ed demokracie se postupn\u011b p\u0159em\u011b\u0148uje v totalitu a pam\u011btn\u00edci mo\u017en\u00e1 je\u0161t\u011b budou brzy s nostalgi\u00ed vzpom\u00ednat na to, \u017ee ten \u201esoc\u00edk\u201c nebyl vlastn\u011b zas tak hrozn\u00fd<\/strong>. Tehdy p\u0159ece necht\u011bl komunistick\u00fd re\u017eim nahrazovat m\u00edstn\u00ed b\u00edl\u00e9 n\u00e1rody barevn\u00fdmi imigranty, necht\u011bl p\u0159e\u0161\u00edvat d\u011bti na opa\u010dn\u00e9 pohlav\u00ed, ani necht\u011bl hubit populaci pochybn\u00fdmi korona vakc\u00ednami\u2026,<\/p>\n<p>Kdo zn\u00e1 historii, tak v\u00ed, \u017ee za ob\u011bma stoj\u00ed st\u00e1le stejn\u00ed lid\u00e9. TIhle lid\u00e9 se nijak nevzdali sv\u00fdch perverzn\u00edch p\u0159edstav o sv\u00e9 \u201evyvolenosti\u201c a touze po zotro\u010den\u00ed zbytku sv\u011bta.\u00a0<strong>Tihle lid\u00e9 proti n\u00e1m vedou nevyhl\u00e1\u0161enou v\u00e1lku. Je to v\u00e1lka na \u017eivot a na smrt. Vezm\u011bte to na v\u011bdom\u00ed, jinak zahynete<\/strong>.<\/p>\n<p><a href=\"https:\/\/ceskavec.com\/2024\/02\/skoly-musi-vyrazit-na-demonstraci-proti-opozicni-afd-vyzyva-nemecka-ministryne-skolstvi-liberalni-demokracie-uz-ma-svuj-prvo-majovy-pruvod\">Aroon G.<\/a><\/p>\n<p>&nbsp;<\/p>\n<p>&nbsp;<\/p>\n","protected":false},"excerpt":{"rendered":"<p>Liber\u00e1ln\u00ed demokracie u\u017e m\u00e1 sv\u016fj \u201eprvom\u00e1jov\u00fd pr\u016fvod\u201c?! Ministryn\u011b \u0161kolstv\u00ed ve spolkov\u00e9 zemi Por\u00fdn\u00ed-Vestf\u00e1lsko Dorothee Fellerov\u00e1&#8230;<\/p>\n","protected":false},"author":2,"featured_media":47738,"comment_status":"closed","ping_status":"closed","sticky":false,"template":"","format":"standard","meta":[],"categories":[7],"tags":[119,218,1392,1938],"_links":{"self":[{"href":"https:\/\/www.infokuryr.cz\/n\/wp-json\/wp\/v2\/posts\/47737"}],"collection":[{"href":"https:\/\/www.infokuryr.cz\/n\/wp-json\/wp\/v2\/posts"}],"about":[{"href":"https:\/\/www.infokuryr.cz\/n\/wp-json\/wp\/v2\/types\/post"}],"author":[{"embeddable":true,"href":"https:\/\/www.infokuryr.cz\/n\/wp-json\/wp\/v2\/users\/2"}],"replies":[{"embeddable":true,"href":"https:\/\/www.infokuryr.cz\/n\/wp-json\/wp\/v2\/comments?post=47737"}],"version-history":[{"count":0,"href":"https:\/\/www.infokuryr.cz\/n\/wp-json\/wp\/v2\/posts\/47737\/revisions"}],"wp:featuredmedia":[{"embeddable":true,"href":"https:\/\/www.infokuryr.cz\/n\/wp-json\/wp\/v2\/media\/47738"}],"wp:attachment":[{"href":"https:\/\/www.infokuryr.cz\/n\/wp-json\/wp\/v2\/media?parent=47737"}],"wp:term":[{"taxonomy":"category","embeddable":true,"href":"https:\/\/www.infokuryr.cz\/n\/wp-json\/wp\/v2\/categories?post=47737"},{"taxonomy":"post_tag","embeddable":true,"href":"https:\/\/www.infokuryr.cz\/n\/wp-json\/wp\/v2\/tags?post=47737"}],"curies":[{"name":"wp","href":"https:\/\/api.w.org\/{rel}","templated":true}]}}