{"id":47726,"date":"2024-02-23T00:51:33","date_gmt":"2024-02-22T23:51:33","guid":{"rendered":"https:\/\/www.infokuryr.cz\/n\/?p=47726"},"modified":"2024-02-22T19:20:27","modified_gmt":"2024-02-22T18:20:27","slug":"ve-francii-je-nyni-trestne-kritizovat-nebo-odmitnout-mrna-injekci","status":"publish","type":"post","link":"https:\/\/www.infokuryr.cz\/n\/2024\/02\/23\/ve-francii-je-nyni-trestne-kritizovat-nebo-odmitnout-mrna-injekci\/","title":{"rendered":"Ve Francii je nyn\u00ed trestn\u00e9 kritizovat nebo odm\u00edtnout mRNA injekci"},"content":{"rendered":"<div id=\"fb-root\"><\/div>\n<p><span style=\"font-size: 14pt;\"><strong>B\u011bhem plandemie covidu ud\u011blali tot\u00e9\u017e.\u00a0Zem\u011b se jedna po druh\u00e9 st\u00e1valy testovac\u00edm polygonem, aby pro samozvanou glob\u00e1ln\u00ed elitu otestovaly reakci obyvatel na r\u016fzn\u00e1 opat\u0159en\u00ed.<\/strong><\/span><\/p>\n<p>Na Slovensku to bylo plo\u0161n\u00e9 o\u010dkov\u00e1n\u00ed a st\u00e1tn\u00ed karant\u00e9ny, v Rakousku plo\u0161n\u00e9 povinn\u00e9 o\u010dkov\u00e1n\u00ed, v \u010c\u00edn\u011b plo\u0161n\u00fd brut\u00e1ln\u00ed lockdown, atp.<\/p>\n<p>Nejnov\u011bj\u0161\u00ed francouzsk\u00fd z\u00e1kon o kriminalizaci kritik\u016f a odm\u00edta\u010d\u016f mRNA technologie je testem na zbaven\u00ed se kritik\u016f Sv\u011btov\u00e9 zdravotnick\u00e9 organizace (WHO), Sv\u011btov\u00e9ho ekonomick\u00e9ho f\u00f3ra (WEF) a jin\u00fdch globalistick\u00fdch organizac\u00ed sna\u017e\u00edc\u00edch se zav\u00e9st \u201eNov\u00fd sv\u011btov\u00fd \u0159\u00e1d\u201c.<\/p>\n<p>Francie je pro n\u011b dobrou volbou, jeliko\u017e tamn\u00ed policist\u00e9 nemaj\u00ed \u017e\u00e1dn\u00e9 z\u00e1brany st\u0159\u00edlet \u017een\u00e1m do tv\u00e1\u0159e oslepovac\u00ed gran\u00e1ty.\u00a0Nikdo nev\u00ed, kdo ve skute\u010dnosti jsou tito \u201epolicist\u00e9\u201c a odkud jsou.\u00a0Faktem v\u0161ak je, \u017ee nos\u00ed plnou bojovou v\u00fdstroj pro zab\u00edjen\u00ed civilist\u016f.<\/p>\n<p>Nezd\u00e1 se pravd\u011bpodobn\u00e9, \u017ee by se globalisti\u010dt\u00ed paraziti cht\u011bli v bl\u00edzk\u00e9 budoucnosti vzd\u00e1t.\u00a0Cht\u011bj\u00ed cel\u00fd sv\u011bt pro sebe, v\u011bt\u0161inu lidstva vyhladit a nechat jen tolik pro n\u011b pracuj\u00edc\u00ed populace, aby mohla uspokojit jejich hojn\u00e1 p\u0159\u00e1n\u00ed a pot\u0159eby.<\/p>\n<p>Vl\u00e1dnouc\u00ed t\u0159\u00edda ve Francii pr\u00e1v\u011b schv\u00e1lila z\u00e1kon, kter\u00fd zakazuje zpochyb\u0148ovat a odm\u00edtat\u00a0<a href=\"https:\/\/www.badatel.net\/advokat-zverejnil-dokaz-ze-mrna-vakciny-boli-navrhnute-tak-aby-pokracovali-v-zabijani-po-cele-generacie\/\">mRNA injekce<\/a>\u00a0.\u00a0Francouz\u0161t\u00ed otroci (ob\u010dan\u00e9) budou moci b\u00fdt pokutov\u00e1ni a uv\u011bzn\u011bni za to, \u017ee si odm\u00edtli aplikovat mRNA \u201evakc\u00ednu\u201c, nebo \u017ee zpochyb\u0148ovali doporu\u010den\u00ed sv\u00e9ho p\u00e1na.<\/p>\n<p>Za poru\u0161en\u00ed tohoto z\u00e1kona bude hrozit trest 45 000 eur a a\u017e t\u0159i roky v\u011bzen\u00ed.<\/p>\n<p><em>\u201eNebude se tolerovat \u017e\u00e1dn\u00e1 kritika l\u00e9\u010debn\u00fdch postup\u016f, kter\u00e9 budou st\u00e1tem doporu\u010den\u00e9 nebo povinn\u00e9,\u201c<\/em>\u00a0napsala na Twitteru Dr.\u00a0Kat Lindleyov\u00e1.\u00a0<em>\u201eKa\u017ed\u00e1 osoba, kter\u00e1 se odv\u00e1\u017e\u00ed otev\u0159en\u011b kritizovat tyto genov\u00e9 terapie, bude potrest\u00e1na pokutou a v\u011bzen\u00edm.\u201c<\/em><\/p>\n<div class=\"twitter-tweet twitter-tweet-rendered\"><iframe id=\"twitter-widget-0\" class=\"\" title=\"X Post\" src=\"https:\/\/platform.twitter.com\/embed\/Tweet.html?dnt=false&amp;embedId=twitter-widget-0&amp;features=eyJ0ZndfdGltZWxpbmVfbGlzdCI6eyJidWNrZXQiOltdLCJ2ZXJzaW9uIjpudWxsfSwidGZ3X2ZvbGxvd2VyX2NvdW50X3N1bnNldCI6eyJidWNrZXQiOnRydWUsInZlcnNpb24iOm51bGx9LCJ0ZndfdHdlZXRfZWRpdF9iYWNrZW5kIjp7ImJ1Y2tldCI6Im9uIiwidmVyc2lvbiI6bnVsbH0sInRmd19yZWZzcmNfc2Vzc2lvbiI6eyJidWNrZXQiOiJvbiIsInZlcnNpb24iOm51bGx9LCJ0ZndfZm9zbnJfc29mdF9pbnRlcnZlbnRpb25zX2VuYWJsZWQiOnsiYnVja2V0Ijoib24iLCJ2ZXJzaW9uIjpudWxsfSwidGZ3X21peGVkX21lZGlhXzE1ODk3Ijp7ImJ1Y2tldCI6InRyZWF0bWVudCIsInZlcnNpb24iOm51bGx9LCJ0ZndfZXhwZXJpbWVudHNfY29va2llX2V4cGlyYXRpb24iOnsiYnVja2V0IjoxMjA5NjAwLCJ2ZXJzaW9uIjpudWxsfSwidGZ3X3Nob3dfYmlyZHdhdGNoX3Bpdm90c19lbmFibGVkIjp7ImJ1Y2tldCI6Im9uIiwidmVyc2lvbiI6bnVsbH0sInRmd19kdXBsaWNhdGVfc2NyaWJlc190b19zZXR0aW5ncyI6eyJidWNrZXQiOiJvbiIsInZlcnNpb24iOm51bGx9LCJ0ZndfdXNlX3Byb2ZpbGVfaW1hZ2Vfc2hhcGVfZW5hYmxlZCI6eyJidWNrZXQiOiJvbiIsInZlcnNpb24iOm51bGx9LCJ0ZndfdmlkZW9faGxzX2R5bmFtaWNfbWFuaWZlc3RzXzE1MDgyIjp7ImJ1Y2tldCI6InRydWVfYml0cmF0ZSIsInZlcnNpb24iOm51bGx9LCJ0ZndfbGVnYWN5X3RpbWVsaW5lX3N1bnNldCI6eyJidWNrZXQiOnRydWUsInZlcnNpb24iOm51bGx9LCJ0ZndfdHdlZXRfZWRpdF9mcm9udGVuZCI6eyJidWNrZXQiOiJvbiIsInZlcnNpb24iOm51bGx9fQ%3D%3D&amp;frame=false&amp;hideCard=false&amp;hideThread=false&amp;id=1757891479119298723&amp;lang=cs&amp;origin=https%3A%2F%2Fwww.badatel.net%2Fvo-francuzsku-je-teraz-trestne-kritizovat-alebo-odmietnut-mrna-injekciu%2F&amp;sessionId=b36fd71fcc57ad55ac22725099302013dabbb206&amp;theme=light&amp;widgetsVersion=2615f7e52b7e0%3A1702314776716&amp;width=550px\" frameborder=\"0\" scrolling=\"no\" allowfullscreen=\"allowfullscreen\" data-tweet-id=\"1757891479119298723\" data-mce-fragment=\"1\"><\/iframe><\/div>\n<p>Podle \u010dl\u00e1nku str\u00e1nky\u00a0<em>Natural News<\/em>\u00a0je tento totalitn\u00ed edikt, zn\u00e1m\u00fd jako \u010dl\u00e1nek 4, vysoce neliber\u00e1ln\u00ed z\u00e1kon, kter\u00fd zakazuje obyvatel\u016fm a ob\u010dan\u016fm (ty ve t\u0159\u00edd\u011b otrok\u016f) mluvit cokoli \u0161patn\u00e9ho o \u201eterapeutick\u00fdch\u201c l\u00e9\u010debn\u00fdch postupech, jako jsou mRNA injekce, kter\u00e9 budou bu\u010f povinn\u00e9, nebo doporu\u010deno francouzskou vl\u00e1dou.<\/p>\n<p><em>\u201eU\u017e nyn\u00ed jsou ter\u010dem represivn\u00edch org\u00e1n\u016f renomovan\u00ed l\u00e9ka\u0159i, kter\u00e9 tento nov\u00fd z\u00e1kon uml\u010d\u00ed,\u201c<\/em>\u00a0uvedl Francouz Annie Arnaud na s\u00edti X (b\u00fdval\u00fd Twitter).\u00a0<em>\u201eFrancie se vyd\u00e1v\u00e1 na cestu totality.\u00a0Macron a jeho podporovatel\u00e9 jsou stoupenci Sv\u011btov\u00e9ho ekonomick\u00e9ho f\u00f3ra a globalistick\u00e9 politiky.\u201c<\/em><\/p>\n<p>Jde doslova o katastrofu pro zemi, kde v\u011bt\u0161ina ob\u010dan\u016f u\u017e neposlouch\u00e1 o\u010dkovac\u00ed propagandu.\u00a0Zemi z\u0159ejm\u011b \u010dekaj\u00ed soci\u00e1ln\u00ed nepokoje.\u00a0Mnoz\u00ed lid\u00e9 si za\u010d\u00ednaj\u00ed uv\u011bdomovat, \u017ee vl\u00e1da je zt\u011blesn\u011bn\u00edm otrok\u00e1\u0159e a za\u010d\u00ednaj\u00ed projevovat svou neklidnost.<\/p>\n<p>N\u011bkte\u0159\u00ed lid\u00e9 tvrd\u00ed, \u017ee \u010dl\u00e1nek 4 nov\u00e9ho z\u00e1kona je zat\u00edm jen n\u00e1vrh a je\u0161t\u011b nebyl definitivn\u011b schv\u00e1len.<\/p>\n<p><em>\u201eP\u0159esto je to velmi d\u016fle\u017eit\u00e9 varov\u00e1n\u00ed pro ka\u017ed\u00e9ho, jak se fa\u0161isti\u010dt\u00ed \u010dlenov\u00e9 Sv\u011btov\u00e9ho ekonomick\u00e9ho f\u00f3ra (WEF) a dal\u0161\u00ed globalist\u00e9 sna\u017e\u00ed prosadit sv\u00e9 \u0161\u00edlen\u00e9 a nemocn\u00e9 my\u0161lenky ve v\u0161ech zem\u00edch na sv\u011bt\u011b,\u201c<\/em>\u00a0napsal jeden koment\u00e1tor.<\/p>\n<p>Jin\u00fd diskutuj\u00edc\u00ed napsal, \u017ee \u010dl\u00e1nek 4 byl ve skute\u010dnosti schv\u00e1len ji\u017e \u201eve druh\u00e9m \u010dten\u00ed\u201c, co\u017e znamen\u00e1, \u017ee Francie se nyn\u00ed stala medic\u00ednskou diktaturou, kde obyvatel\u00e9 a ob\u010dan\u00e9 mus\u00ed u\u017e\u00edvat p\u0159edepsan\u00fd \u201el\u00e9k\u201c, kter\u00fd jim d\u00e1 vl\u00e1da \u2013 a d\u011blat to se souhlasn\u00fdm \u00fasm\u011bvem na tv\u00e1\u0159i.<\/p>\n<h2>Z\u00e1v\u011br<\/h2>\n<p>Od podvodn\u00e9 pamdemie Covid-19 za\u017e\u00edv\u00e1me n\u00e1r\u016fst medic\u00ednsk\u00e9ho stann\u00e9ho pr\u00e1va a medic\u00ednsk\u00e9 tyranie.<\/p>\n<p>Je nejvy\u0161\u0161\u00ed \u010das p\u0159ehodnotit, zda budete i nad\u00e1le otrokem t\u011bch, kte\u0159\u00ed si n\u00e1rokuj\u00ed pr\u00e1vo v\u00e1m vl\u00e1dnout.\u00a0Jedin\u00fd zp\u016fsob, jak se osvobodit, je nejprve si uv\u011bdomit, \u017ee v\u00e1m vl\u00e1dnou.<\/p>\n<p>Autor: Mac Slavo, Zdroj:\u00a0<a href=\"https:\/\/www.shtfplan.com\/headline-news\/it-is-now-a-crime-to-refuse-the-mrna-injection-in-france\" target=\"_blank\" rel=\"noopener\">shtfplan.com<\/a><\/p>\n<p>&nbsp;<\/p>\n<p>&nbsp;<\/p>\n","protected":false},"excerpt":{"rendered":"<p>B\u011bhem plandemie covidu ud\u011blali tot\u00e9\u017e.\u00a0Zem\u011b se jedna po druh\u00e9 st\u00e1valy testovac\u00edm polygonem, aby pro samozvanou&#8230;<\/p>\n","protected":false},"author":2,"featured_media":47727,"comment_status":"closed","ping_status":"closed","sticky":false,"template":"","format":"standard","meta":[],"categories":[7],"tags":[23,130,1884,4175,651],"_links":{"self":[{"href":"https:\/\/www.infokuryr.cz\/n\/wp-json\/wp\/v2\/posts\/47726"}],"collection":[{"href":"https:\/\/www.infokuryr.cz\/n\/wp-json\/wp\/v2\/posts"}],"about":[{"href":"https:\/\/www.infokuryr.cz\/n\/wp-json\/wp\/v2\/types\/post"}],"author":[{"embeddable":true,"href":"https:\/\/www.infokuryr.cz\/n\/wp-json\/wp\/v2\/users\/2"}],"replies":[{"embeddable":true,"href":"https:\/\/www.infokuryr.cz\/n\/wp-json\/wp\/v2\/comments?post=47726"}],"version-history":[{"count":1,"href":"https:\/\/www.infokuryr.cz\/n\/wp-json\/wp\/v2\/posts\/47726\/revisions"}],"predecessor-version":[{"id":47728,"href":"https:\/\/www.infokuryr.cz\/n\/wp-json\/wp\/v2\/posts\/47726\/revisions\/47728"}],"wp:featuredmedia":[{"embeddable":true,"href":"https:\/\/www.infokuryr.cz\/n\/wp-json\/wp\/v2\/media\/47727"}],"wp:attachment":[{"href":"https:\/\/www.infokuryr.cz\/n\/wp-json\/wp\/v2\/media?parent=47726"}],"wp:term":[{"taxonomy":"category","embeddable":true,"href":"https:\/\/www.infokuryr.cz\/n\/wp-json\/wp\/v2\/categories?post=47726"},{"taxonomy":"post_tag","embeddable":true,"href":"https:\/\/www.infokuryr.cz\/n\/wp-json\/wp\/v2\/tags?post=47726"}],"curies":[{"name":"wp","href":"https:\/\/api.w.org\/{rel}","templated":true}]}}