{"id":47714,"date":"2024-02-23T00:33:44","date_gmt":"2024-02-22T23:33:44","guid":{"rendered":"https:\/\/www.infokuryr.cz\/n\/?p=47714"},"modified":"2024-02-22T18:47:31","modified_gmt":"2024-02-22T17:47:31","slug":"shori-planeta-bez-zelene-ideologie-jak-vypada-bezny-den-europoslance","status":"publish","type":"post","link":"https:\/\/www.infokuryr.cz\/n\/2024\/02\/23\/shori-planeta-bez-zelene-ideologie-jak-vypada-bezny-den-europoslance\/","title":{"rendered":"Sho\u0159\u00ed planeta bez zelen\u00e9 ideologie? Jak vypad\u00e1 b\u011b\u017en\u00fd den europoslance?"},"content":{"rendered":"<div id=\"fb-root\"><\/div>\n<p>\u010cau Praho s Ondrou Knotkem! Sho\u0159\u00ed na\u0161e planeta, kdy\u017e Evropa neprosad\u00ed zelenou ideologii? Jak Evropsk\u00e1 unie pl\u00fdtv\u00e1 \u010dasem na p\u0159\u00edprav\u011b mnohdy zbyte\u010dn\u00fdch rezoluc\u00ed? A jak vypad\u00e1 b\u011b\u017en\u00fd den takov\u00e9ho europoslance? O tom a dal\u0161\u00edch t\u00e9matech jsme se bavili v nov\u00e9m podcastu, kde v\u00e1m budu pr\u016fb\u011b\u017en\u011b p\u0159edstavovat zaj\u00edmav\u00e9 hosty a osobnosti.<\/p>\n<p>Budu moc r\u00e1d, kdy\u017e si dne\u0161n\u00ed d\u00edl pust\u00edte a nap\u00ed\u0161ete n\u00e1m v\u00e1\u0161 n\u00e1zor nebo post\u0159eh do koment\u00e1\u0159\u016f. Pros\u00edm tak\u00e9 o sd\u00edlen\u00ed. P\u0159edem moc d\u011bkuji! Ing. Ond\u0159ej Knotek je poslanec Evropsk\u00e9ho parlamentu (ANO) a b\u00fdval\u00fd zastupitel m\u011bsta Mari\u00e1nsk\u00e9 L\u00e1zn\u011b. Energick\u00fd a ne\u00fanavn\u00fd bojovn\u00edk za prosperuj\u00edc\u00ed \u010cesko v Evrop\u011b.<\/p>\n<p>V nov\u00e9 epizod\u011b v\u00e1m mimo jin\u00e9 prozrad\u00ed, jak to vlastn\u011b v Bruselu funguje.<\/p>\n<p><iframe loading=\"lazy\" title=\"Ond\u0159ej Knotek: Sho\u0159\u00ed planeta bez zelen\u00e9 ideologie? Jak vypad\u00e1 b\u011b\u017en\u00fd den europoslance?\" width=\"640\" height=\"360\" src=\"https:\/\/www.youtube.com\/embed\/dc8T8bxANsI?feature=oembed\" frameborder=\"0\" allow=\"accelerometer; autoplay; clipboard-write; encrypted-media; gyroscope; picture-in-picture; web-share\" allowfullscreen><\/iframe><\/p>\n<p><strong>Ing. Ond\u0159ej Prokop<\/strong><\/p>\n<p>&nbsp;<\/p>\n<p><img decoding=\"async\" loading=\"lazy\" class=\"wp-image-47634 aligncenter\" src=\"http:\/\/www.infokuryr.cz\/n\/wp-content\/uploads\/2024\/02\/Pozvanka_Praha-_23.3.24-300x229.jpg\" alt=\"\" width=\"840\" height=\"641\" srcset=\"https:\/\/www.infokuryr.cz\/n\/wp-content\/uploads\/2024\/02\/Pozvanka_Praha-_23.3.24-300x229.jpg 300w, https:\/\/www.infokuryr.cz\/n\/wp-content\/uploads\/2024\/02\/Pozvanka_Praha-_23.3.24.jpg 595w\" sizes=\"(max-width: 840px) 100vw, 840px\" \/><\/p>\n<p>&nbsp;<\/p>\n<p><a href=\"https:\/\/stranapro.cz\/\"><img decoding=\"async\" loading=\"lazy\" class=\"wp-image-40286 aligncenter\" src=\"http:\/\/www.infokuryr.cz\/n\/wp-content\/uploads\/2023\/11\/12pro-300x87.png\" alt=\"\" width=\"1041\" height=\"302\" srcset=\"https:\/\/www.infokuryr.cz\/n\/wp-content\/uploads\/2023\/11\/12pro-300x87.png 300w, https:\/\/www.infokuryr.cz\/n\/wp-content\/uploads\/2023\/11\/12pro.png 366w\" sizes=\"(max-width: 1041px) 100vw, 1041px\" \/><\/a><\/p>\n<p>&nbsp;<\/p>\n<p>&nbsp;<\/p>\n","protected":false},"excerpt":{"rendered":"<p>\u010cau Praho s Ondrou Knotkem! Sho\u0159\u00ed na\u0161e planeta, kdy\u017e Evropa neprosad\u00ed zelenou ideologii? Jak Evropsk\u00e1&#8230;<\/p>\n","protected":false},"author":2,"featured_media":47151,"comment_status":"closed","ping_status":"closed","sticky":false,"template":"","format":"standard","meta":[],"categories":[6],"tags":[1690,6845,1052,889],"_links":{"self":[{"href":"https:\/\/www.infokuryr.cz\/n\/wp-json\/wp\/v2\/posts\/47714"}],"collection":[{"href":"https:\/\/www.infokuryr.cz\/n\/wp-json\/wp\/v2\/posts"}],"about":[{"href":"https:\/\/www.infokuryr.cz\/n\/wp-json\/wp\/v2\/types\/post"}],"author":[{"embeddable":true,"href":"https:\/\/www.infokuryr.cz\/n\/wp-json\/wp\/v2\/users\/2"}],"replies":[{"embeddable":true,"href":"https:\/\/www.infokuryr.cz\/n\/wp-json\/wp\/v2\/comments?post=47714"}],"version-history":[{"count":1,"href":"https:\/\/www.infokuryr.cz\/n\/wp-json\/wp\/v2\/posts\/47714\/revisions"}],"predecessor-version":[{"id":47715,"href":"https:\/\/www.infokuryr.cz\/n\/wp-json\/wp\/v2\/posts\/47714\/revisions\/47715"}],"wp:featuredmedia":[{"embeddable":true,"href":"https:\/\/www.infokuryr.cz\/n\/wp-json\/wp\/v2\/media\/47151"}],"wp:attachment":[{"href":"https:\/\/www.infokuryr.cz\/n\/wp-json\/wp\/v2\/media?parent=47714"}],"wp:term":[{"taxonomy":"category","embeddable":true,"href":"https:\/\/www.infokuryr.cz\/n\/wp-json\/wp\/v2\/categories?post=47714"},{"taxonomy":"post_tag","embeddable":true,"href":"https:\/\/www.infokuryr.cz\/n\/wp-json\/wp\/v2\/tags?post=47714"}],"curies":[{"name":"wp","href":"https:\/\/api.w.org\/{rel}","templated":true}]}}