{"id":47666,"date":"2024-02-22T05:16:49","date_gmt":"2024-02-22T04:16:49","guid":{"rendered":"https:\/\/www.infokuryr.cz\/n\/?p=47666"},"modified":"2024-02-22T05:16:49","modified_gmt":"2024-02-22T04:16:49","slug":"michael-svatos-putin-vcera-v-kazani-zaril-stestim-zdravim-a-spokojenosti","status":"publish","type":"post","link":"https:\/\/www.infokuryr.cz\/n\/2024\/02\/22\/michael-svatos-putin-vcera-v-kazani-zaril-stestim-zdravim-a-spokojenosti\/","title":{"rendered":"Michael Svato\u0161: Putin v\u010dera v Kazani z\u00e1\u0159il \u0161t\u011bst\u00edm, zdrav\u00edm a spokojenost\u00ed!"},"content":{"rendered":"<div id=\"fb-root\"><\/div>\n<p><span style=\"font-size: 14pt;\"><strong>Putin v\u010dera v Kazani z\u00e1\u0159il \u0161t\u011bst\u00edm, zdrav\u00edm a spokojenost\u00ed! Stovka shrom\u00e1\u017ed\u011bn\u00fdch prezident\u016f, p\u0159edsed\u016f vl\u00e1d, ministr\u016f a diplomat\u016f p\u0159i slavnostn\u00edm proveden\u00ed rusk\u00e9 hymny povstala, aby vzdala Rusku \u010dest! (Video!) V Kyjev\u011b naopak truchlili. Ukrajinsk\u00e9 ztr\u00e1ty se letos zv\u00fd\u0161ily o 20% ve srovn\u00e1n\u00ed s rokem 2023!<\/strong><\/span><\/p>\n<p>Putin v\u010dera v Kazani z\u00e1\u0159il \u0161t\u011bst\u00edm, zdrav\u00edm a spokojenost\u00ed!\u00a0(<a class=\"mfp-iframe lightbox-added\" href=\"https:\/\/www.youtube.com\/watch?v=29Y2HK_wd0Q\">Video \u2013 hymna a projevy \u010das 04.47++!<\/a>)\u00a0<a href=\"https:\/\/www.kp.ru\/sports\/kibersport\/chto-proizoshlo-na-czeremonii-otkrytiya-igr-budushhego\/\">Putin se spole\u010dn\u011b s prezidenty 5 zem\u00ed a stovkou dal\u0161\u00edch p\u0159edsed\u016f vl\u00e1d, ministr\u016f a velvyslanc\u016f \u00fa\u010dastnil zah\u00e1jen\u00ed her Games of Future<\/a>,\u00a0kter\u00e9 jsou kombinac\u00ed fyzick\u00fdch sportovn\u00edch discipl\u00edn a elektronick\u00fdch sport\u016f. Rusko do t\u011bchto her investovalo des\u00edtky milion\u016f dolar\u016f, a dorazili na n\u011b sportovci z tak\u0159ka v\u0161ech zem\u00ed sv\u011bta (107) v\u010detn\u011b USA, Velk\u00e9 Brit\u00e1nie, \u010c\u00edny a zem\u00ed EU! Slavnostn\u00ed ceremoni\u00e1l na zah\u00e1jen\u00ed her byl velkolep\u00fd a z\u0159ejm\u011b m\u011bl p\u0159ipom\u00ednat ceremoni\u00e1ly k otev\u0159en\u00ed olympijsk\u00fdch her. V jeho pr\u016fb\u011bhu, velk\u00fd sbor, filharmonie a s\u00f3list\u00e9 provedli ruskou st\u00e1tn\u00ed hymnu, a p\u0159i n\u00ed p\u0159\u00edtomn\u00ed politici povstali, aby vzdali Rusku \u010dest! Putin z\u00e1\u0159il \u0161t\u011bst\u00edm a poznamenal, \u017ee Rusko je zem\u00ed budoucnosti, a budoucnost je v m\u00edrov\u00e9m multilater\u00e1ln\u00edm sv\u011bt\u011b, za kter\u00fd Rusko nyn\u00ed bojuje. \u017de elektronick\u00fd sport m\u00e1 v Rusku vl\u00e1dn\u00ed prioritu, a Rusko je v n\u011bm na \u0161pici cel\u00e9ho sv\u011bta! (Inu, co se oper\u00e1to\u0159i dron\u016f na hr\u00e1ch nau\u010d\u00ed, v poli dob\u0159e z\u00faro\u010d\u00ed!) A potlesk sklidil velk\u00fd! Propagovan\u00e1 izolace Ruska se na hr\u00e1ch op\u011bt uk\u00e1zala jako l\u017eiv\u00e9 tvrzen\u00ed z\u00e1padn\u00edch m\u00e9di\u00ed. Hry Games of Futures jsou hrami \u010dip\u016f a modern\u00ed elektroniky \u2013 a jejich v\u00fdvoz do Ruska je striktn\u011b sankcemi zak\u00e1z\u00e1n! Hry tak op\u011bt dok\u00e1zaly, \u017ee z\u00e1padn\u00ed sankce absolutn\u011b nefunguj\u00ed! A hry tak\u00e9 uk\u00e1zaly, \u017ee Rus\u016fm nevad\u00ed tleskat ani vlajk\u00e1m USA a Velk\u00e9 Brit\u00e1nie, a sportovc\u016fm t\u011bchto a dal\u0161\u00edch zem\u00ed nevad\u00ed tleskat po odezn\u011bn\u00ed rusk\u00e9 st\u00e1tn\u00ed hymny! V \u010cesku z toho asi \u0159ada lid\u00ed zakazuj\u00edc\u00edch Rus\u016fm v \u010cR sportovat, zp\u00edvat a tan\u010dit, bude m\u00edt nejsp\u00ed\u0161 \u00fapln\u00fd z\u00e1chvat! Asi proto m\u00e9dia o Games of Futures v Kazani rad\u0161i ani neinformuj\u00ed!<\/p>\n<p><iframe loading=\"lazy\" title=\"PUTIN LIVE: Putin hosts CIS leaders at opening of &quot;Games of the Future&quot; in Russia&#039;s Kazan |WION LIVE\" width=\"640\" height=\"360\" src=\"https:\/\/www.youtube.com\/embed\/29Y2HK_wd0Q?start=9&#038;feature=oembed\" frameborder=\"0\" allow=\"accelerometer; autoplay; clipboard-write; encrypted-media; gyroscope; picture-in-picture; web-share\" allowfullscreen><\/iframe><\/p>\n<p>Se Z\u00e1padem to dopadne b\u00eddn\u011b,\u00a0<a href=\"https:\/\/www.kp.ru\/sports\/kibersport\/chto-proizoshlo-na-czeremonii-otkrytiya-igr-budushhego\/\">potvrdil v\u010dera italsk\u00fd vojensk\u00fd analytik Thomas Theiner,<\/a>\u00a0b\u00fdval\u00fd p\u0159\u00edslu\u0161n\u00edk elitn\u00edch \u201cComando Truppe Alpine NATO\u201d, kdy\u017e si postesknul, \u017ee Ir\u00e1n se uk\u00e1zal b\u00fdt lep\u0161\u00edm spojencem Ruska, ne\u017e cel\u00fd Z\u00e1pad spojencem Ukrajiny, a srovnal zbrojn\u00ed dod\u00e1vky Ir\u00e1nu Rusku, a vyzbrojov\u00e1n\u00ed Ukrajiny Z\u00e1padem! Dal\u0161\u00ed analytik\u00a0N<a href=\"https:\/\/uk.linkedin.com\/in\/ian-bond-8a295451\">ATO, kter\u00fd se ozval byl britsk\u00fd diplomat Ian Bond<\/a>, kter\u00fd se roz\u010diloval, \u017ee Z\u00e1pad m\u00e1 v Evrop\u011b 2000 tank\u016f Leopard 2, ale Ukrajin\u011b jich poslal jen 130, a ihned navrhnul,\u00a0<a href=\"https:\/\/www.unian.net\/world\/voyna-v-ukraine-yan-bond-nazval-4-shaga-kotorye-evropa-dolzhna-predprinyat-nemedlenno-12550719.html\">aby je NATO ihned v\u0161echny poslalo na Ukrajinu<\/a>. Bond z\u0159ejm\u011b netu\u0161\u00ed, \u017ee \u0161pan\u011blsk\u00e9 a portugalsk\u00e9 tanky jsou v tak b\u00eddn\u00e9m stavu, \u017ee pot\u0159ebuj\u00ed gener\u00e1lku, aby se mohly v\u016fbec sami pohybovat, a \u017ee v\u011bt\u0161ina ze 130 Leopard\u016f dodan\u00fdch Ukrajin\u011b u\u017e byla zni\u010dena, a nebo se porouchala, a to p\u0159i jedin\u00e9 mal\u00e9 ofenz\u00edv\u011b! A \u017ee Putinova v\u00fdroba 1500 tank\u016f ro\u010dn\u011b n\u011bkolikan\u00e1sobn\u011b p\u0159evy\u0161uje v\u00fdrobu tank\u016f v cel\u00e9 NATO, tud\u00ed\u017e je nelze Ukrajin\u011b poslat, proto\u017ee jejich nahrazen\u00ed by trvalo roky!\u00a0<a href=\"https:\/\/www.theguardian.com\/world\/2024\/feb\/21\/putin-still-believes-he-can-win-in-ukraine-says-western-assessment\">Estonsk\u00e1 tajn\u00e1 slu\u017eba nav\u00edc v\u010dera varovala<\/a>,\u00a0\u017ee Putinovi se letos poda\u0159\u00ed razantn\u011b zv\u00fd\u0161it v\u00fdrobu gran\u00e1t\u016f 152mm a 122mm na celkem 4.5 milionu kus\u016f! (V\u010dera jsme zve\u0159ejnili star\u00e9 odhady Putinovy leto\u0161n\u00ed produkce \u2013 maxim\u00e1ln\u011b 3 miliony kus\u016f! Tak ty u\u017e neplat\u00ed!) Estonci varovali, \u017ee nen\u00ed mo\u017en\u00e9, aby cel\u00e9 NATO bez USA nedok\u00e1zalo vyrobit ani 1 milion kus\u016f. Vzhledem k tomu, \u017ee v\u00fdroba gran\u00e1t\u016f se v EU zv\u00fd\u0161\u00ed na 1 milion teprve, a\u017e se postav\u00ed nov\u00e9 tov\u00e1rny, na kter\u00e9 se teprve hledaj\u00ed pen\u00edze, zd\u00e1 se b\u00fdt jasn\u00e9, \u017ee Putin Ukrajince letos rozst\u0159\u00edl\u00ed na cimprcampr.<\/p>\n<p><a href=\"https:\/\/stranapro.cz\/\"><img decoding=\"async\" loading=\"lazy\" class=\"alignnone  wp-image-40285 aligncenter\" src=\"http:\/\/www.infokuryr.cz\/n\/wp-content\/uploads\/2023\/11\/11pro-300x79.png\" alt=\"\" width=\"699\" height=\"184\" srcset=\"https:\/\/www.infokuryr.cz\/n\/wp-content\/uploads\/2023\/11\/11pro-300x79.png 300w, https:\/\/www.infokuryr.cz\/n\/wp-content\/uploads\/2023\/11\/11pro.png 363w\" sizes=\"(max-width: 699px) 100vw, 699px\" \/><\/a><\/p>\n<p>Americk\u00e1 vl\u00e1dn\u00ed agentura USDA varovala p\u0159ed ileg\u00e1ln\u00ed produkc\u00ed neleg\u00e1ln\u00edmi geny modifikovan\u00fdch ukrajinsk\u00fdch potravin, kter\u00e9 se dov\u00e1\u017eej\u00ed do EU. Podle Agentury USDA je 3 a\u017e 5% ukrajinsk\u00fdch plodin zamo\u0159eno na \u010derno geneticky modifikovan\u00fdmi plodinami. Tyto plodiny jsou modifikov\u00e1ny dokonce neregistrovan\u00fdmi a zak\u00e1zan\u00fdmi geny! Z ka\u017ed\u00e9ho hektaru t\u011bmito zak\u00e1zan\u00fdmi rostlinami oset\u00fdch pol\u00ed je generov\u00e1n dodate\u010dn\u00fd zisk 70 USD! Jde pr\u00fd o obrovsk\u00fd k\u0161eft, proti kter\u00e9mu ukrajinsk\u00e1 vl\u00e1da nen\u00ed schopn\u00e1 zas\u00e1hnout. I p\u0159i odhalen\u00ed p\u011bstitel\u016f a dodavatel\u016f je podle Ukrajinsk\u00fdch z\u00e1kon\u016f nemo\u017en\u00e9 pachatele pokutovat a trestat! Ke kontaminaci p\u0159i dovozu do EU doch\u00e1z\u00ed v procesu p\u0159epravy, kdy se tyto plodiny \u201csamovoln\u011b sm\u00edchaj\u00ed\u201d s geneticky neupraven\u00fdmi. (V origin\u00e1le zpr\u00e1vy \u2013 \u201cinadvertent commingling\u201d.)\u00a0Zejm\u00e9na je takto modifikov\u00e1na \u0159epka, kuku\u0159ice a s\u00f3ja! Podle ukrajinsk\u00fdch z\u00e1kon\u016f nemus\u00ed b\u00fdt geneticky modifikovan\u00e1 potravina ozna\u010dena, pokud je pod\u00edl genetick\u00fdch \u00faprav 0.9% plodin obsa\u017een\u00fdch v potravin\u011b. Ukrajinsk\u00e1 levn\u00e1 \u0159epka se nyn\u00ed masivn\u011b dov\u00e1\u017e\u00ed do EU, a zde se hlavn\u011b lisuje na olej. Ceny evropsk\u00e9 \u0159epky, kter\u00e1 nesm\u00ed b\u00fdt geneticky upravov\u00e1na jsou nyn\u00ed 447 USD za tunu, kde\u017eto ukrajinsk\u00e1 \u0159epka, kter\u00e1 podle USDA m\u016f\u017ee b\u00fdt geneticky upraven\u00e1 se prod\u00e1v\u00e1 jen za 345 USD za tunu. Po ukrajinsk\u00e9m obil\u00ed, ku\u0159atech a dal\u0161\u00edch nekvalitn\u00edch potravin\u00e1ch jako jsou toxick\u00e9 medy, tak evropsk\u00e9 zem\u011bd\u011blce ni\u010d\u00ed dal\u0161\u00ed nekvalitn\u00ed ukrajinsk\u00e9 produkty \u2013 \u0159epka, kuku\u0159ice a s\u00f3ja! (<a href=\"https:\/\/apps.fas.usda.gov\/newgainapi\/api\/Report\/DownloadReportByFileName?fileName=Biotechnology%20and%20Other%20New%20Production%20Technologies%20Annual_Kyiv_Ukraine_UP2023-0041.pdf\">Zpr\u00e1va USDA ke sta\u017een\u00ed v PDF zde.<\/a>)<\/p>\n<p>\u017de zpr\u00e1va USDA nevaruje zbyte\u010dn\u011b ukazuj\u00ed odhalen\u00ed ma\u010farsk\u00fdch \u00fa\u0159ad\u016f.\u00a0<a href=\"https:\/\/mandiner.hu\/belfold\/2024\/02\/negyven-tonna-gmo-val-szennyezett-ukran-vetomagot-foglalt-le-a-nebih-video\">Ministr zem\u011bd\u011blstv\u00ed Ma\u010farska p\u0159ed p\u00e1r dny ozn\u00e1mil, \u017ee byla odhalena z\u00e1silka 40 tun geneticky modifikovan\u00e9 kuku\u0159ice, jej\u00ed\u017e dovoz a p\u011bstov\u00e1n\u00ed je v EU striktn\u011b zak\u00e1zan\u00e9<\/a>! Podle ma\u010farsk\u00fdch m\u00e9di\u00ed\u00a0<a href=\"https:\/\/mandiner.hu\/gazdasag\/2023\/12\/sokkolo-jelentest-tett-kozze-ukrajnarol-az-egyesult-allamok\">u\u017e dnes zne\u010di\u0161t\u011bn\u00ed genetick\u00fdmi modifikacemi m\u016f\u017ee prakticky ovlivnit cel\u00e9 ukrajinsk\u00e9 zem\u011bd\u011blstv\u00ed<\/a>,\u00a0a pouze nejv\u011bt\u0161\u00edm zem\u011bd\u011blsk\u00fdm spole\u010dnostem se poda\u0159ilo udr\u017eet kontrolu na vlastn\u00edch \u00fazem\u00edch a ve sv\u00fdch v\u00fdrobn\u00edch a logistick\u00fdch za\u0159\u00edzen\u00edch, aby se vylou\u010dila geneticky modifikovan\u00e1 produkce, a to \u010dist\u011b z obchodn\u00edch d\u016fvod\u016f. Za v\u0161\u00edm pr\u00fd stoj\u00ed USA, kter\u00e9 se sna\u017e\u00ed prolomit blok\u00e1du EU p\u0159ed geneticky modifikovan\u00fdmi potravinami!\u00a0<a href=\"https:\/\/docs.wto.org\/dol2fe\/Pages\/FE_Search\/FE_S_S009-DP.aspx?language=E&amp;CatalogueIdList=230726,230727,230635,230507,230506,230357,229799,229729,229491,229257,229134,228905,228491,228364,228141,228011,227349,227198,227362,226776,226700,226616,226335,226336,226148,229162,226130,229480,228706,228224,228660,228654,225947,226245,228354,228140,227256&amp;CurrentCatalogueIdIndex=5&amp;FullTextHash=1731732947\">Putin u\u017e v roce 2016 dos\u00e1hnul u WTO<\/a>\u00a0absolutn\u00edho z\u00e1kazu dovozu potravin a plodin z Ukrajiny, proto\u017ee kontrolami bylo zji\u0161t\u011bno opakovan\u00e9 genetick\u00e9 zamo\u0159en\u00ed. Co\u017e uznala za opr\u00e1vn\u011bn\u00e9 i USDA.<\/p>\n<p>Zelenskyj v\u010dera vyzval polsk\u00e9ho premi\u00e9ra Tuska, aby se se\u0161li na hranic\u00edch, proto\u017ee polsk\u00e9 protesty op\u011bt farm\u00e1\u0159\u016f zes\u00edlili,\u00a0<a href=\"https:\/\/www.unian.net\/economics\/agro\/zelenskiy-prizval-dudu-i-tuska-vstretitsya-na-granice-12550539.html\">a blok\u00e1da hranice je u\u017e neprostupn\u00e1<\/a>.\u00a0Ukrajina je v tristn\u00ed situace. Podle p\u0159izn\u00e1n\u00ed jednoho z velitel\u016f 59. brig\u00e1dy, kter\u00e1 se ani ne\u00fa\u010dastnila t\u011bch nejt\u011b\u017e\u0161\u00edch boj\u016f, zbylo v brig\u00e1d\u011b u\u017e jen 60-70% voj\u00e1k\u016f, kte\u0159\u00ed zah\u00e1jili v\u00e1lku.\u00a0<a href=\"https:\/\/www.unian.net\/war\/ukraina-ne-imeet-dostatochno-snaryadov-dazhe-dlya-minimalnyh-nuzhd-oborony-maykl-kofman-12550746.html\">Vojensk\u00fd analytik Michael Kofman z pov\u011bstn\u00e9 washingtonsk\u00e9 nadace Carnegie Endowment for International Peace p\u0159iznal<\/a>, \u017ee Ukrajina m\u00e1 nyn\u00ed k dispozici pouze 20% denn\u00edho palebn\u00e9ho pr\u016fm\u011bru rusk\u00e9ho d\u011blost\u0159electva,\u00a0 co\u017e nesta\u010d\u00ed ani na obranu. Podle jednoho z velitel\u016f 3. brig\u00e1dy AZOV\u00a0<a href=\"https:\/\/www.unian.net\/war\/ukraina-ne-imeet-dostatochno-snaryadov-dazhe-dlya-minimalnyh-nuzhd-oborony-maykl-kofman-12550746.html\">m\u011bli Rusov\u00e9 po\u010detn\u00ed p\u0159evahu v posledn\u00edch boj\u00ed 7 ku 1<\/a>,\u00a0co\u017e v\u00edce ne\u017e dvojn\u00e1sobn\u011b p\u0159esahuje maxim\u00e1ln\u00ed pom\u011br pro \u00fasp\u011b\u0161nou obranu 1 ku 3.<\/p>\n<p><img decoding=\"async\" loading=\"lazy\" class=\"wp-image-47634 aligncenter\" src=\"http:\/\/www.infokuryr.cz\/n\/wp-content\/uploads\/2024\/02\/Pozvanka_Praha-_23.3.24-300x229.jpg\" alt=\"\" width=\"658\" height=\"502\" srcset=\"https:\/\/www.infokuryr.cz\/n\/wp-content\/uploads\/2024\/02\/Pozvanka_Praha-_23.3.24-300x229.jpg 300w, https:\/\/www.infokuryr.cz\/n\/wp-content\/uploads\/2024\/02\/Pozvanka_Praha-_23.3.24.jpg 595w\" sizes=\"(max-width: 658px) 100vw, 658px\" \/><\/p>\n<p>Abychom ov\u011b\u0159ili, zda je stav ukrajinsk\u00e9 arm\u00e1dy opravdu tak \u0161patn\u00fd, jak ukazuj\u00ed posledn\u00ed zpr\u00e1vy, op\u011bt jsme spo\u010d\u00edtali padl\u00e9 ukrajinsk\u00e9 voj\u00e1ky, kte\u0159\u00ed byli zmobilizov\u00e1ni v aglomeraci Poltava. V\u00fdsledek potvrdil zpr\u00e1vy analytik\u016f o naprost\u00e9 p\u0159evaze Rus\u016f v posledn\u00edch t\u00fddnech.<\/p>\n<ul>\n<li>Od 1. ledna do 13. listopadu 2023 padlo 811 voj\u00e1k\u016f mobilizovan\u00fdch v Poltav\u011b. Denn\u00ed pr\u016fm\u011br 2.574 padl\u00e9ho.<\/li>\n<li><a href=\"https:\/\/poltava.to\/tag\/1284\/?p=51\">Od 14. listopadu 2023 do 21. \u00fanora 2024 padlo 311 voj\u00e1k\u016f mobilizovan\u00fdch v Poltav\u011b<\/a>. Denn\u00ed pr\u016fm\u011br 3.079 padl\u00e9ho = zv\u00fd\u0161en\u00ed o 20%!<\/li>\n<li>Poltava p\u0159edstavuje 1.4% mobiliza\u010dn\u00edho kontingentu Ukrajiny. Proto\u017ee je nejhor\u0161\u00edm regionem Ukrajiny a Poltavan\u00e9 se mobilizaci nejv\u00edc vzp\u00edraj\u00ed, vych\u00e1z\u00ed z ofici\u00e1ln\u00edch \u00fadaj\u016f, kter\u00e9 jsme v minulosti z\u00edskali, \u017ee Poltavan\u00e9 p\u0159edstavuj\u00ed maxim\u00e1ln\u011b 0.5% po\u010detn\u00edho stavu ukrajinsk\u00e9 arm\u00e1dy. Z toho vypl\u00fdv\u00e1, \u017ee denn\u00ed ztr\u00e1ty Ukrajiny za posledn\u00ed t\u0159i m\u011bs\u00edce dosahovaly 615 padl\u00fdch denn\u011b, a 3695 zran\u011bn\u00fdch denn\u011b. To p\u0159edstavuje celkov\u00e9 ro\u010dn\u00ed ztr\u00e1ty 1 573 150 voj\u00e1k\u016f\u00a0 v roce 2024. Podle CIA u\u017e m\u011bla do konce l\u00e9ta ukrajinsk\u00e1 arm\u00e1da celkov\u00e9 ztr\u00e1ty kolem 1 milionu voj\u00e1k\u016f. R\u016fst po\u010dtu padl\u00fdch Poltavan\u016f vykazuje n\u00e1r\u016fst 20% oproti lo\u0148sk\u00e9mu roku. P\u0159epo\u010det letn\u00ed zpr\u00e1vy CIA o v\u00e1le\u010dn\u00fdch ztr\u00e1t\u00e1ch Ukrajiny o 20% d\u00e1v\u00e1 podobn\u00e9 \u010d\u00edslo, jako v\u00fdpo\u010det podle sociologick\u00fdch dat z Poltavy. Podle \u00fadaj\u016f CIA a Zelensk\u00e9ho m\u00e1 Ukrajinsk\u00e1 brann\u00e1 moc nyn\u00ed k dispozici 800 tis\u00edc voj\u00e1k\u016f, ale mobilizac\u00ed u\u017e pro\u0161lo 1.5 milionu voj\u00e1k\u016f. Vypo\u010dten\u00e9 ro\u010dn\u00ed ztr\u00e1ty pro rok 2024 tak koresponduj\u00ed s p\u0159izn\u00e1n\u00edm velitele 59. brig\u00e1dy, podle kter\u00e9ho bylo u\u017e 30 a\u017e 40 zmobilizovan\u00fdch voj\u00e1k\u016f vy\u0159azeno z boje. (<a href=\"https:\/\/www.michalapetr.com\/map-1834-jen-letos-padlo-pres-200-tisic-ukrajincu-ukazuje-ukrajinska-statistika-v-poslednich-tydnech-pocty-padlych-rapidne-rostou-proc\/\">Podrobn\u011b k minul\u00fdm v\u00fdpo\u010dt\u016fm z podzimu 2023 zde<\/a>.)<\/li>\n<\/ul>\n<p>V minul\u00e9 anal\u00fdze jsem u rusk\u00fdch gran\u00e1t\u016f 152 mm uv\u00e1d\u011bl r\u00e1\u017ei 155mm \u00famysln\u011b, aby se laik\u016fm dob\u0159e srovn\u00e1valy po\u010dty rusk\u00fdch gran\u00e1t\u016f 152mm s r\u00e1\u017e\u00ed NATO 155mm, kterou nyn\u00ed v\u011bt\u0161inou pou\u017e\u00edv\u00e1 Ukrajina. D\u011bkuji v\u0161em, kdo mi k tomu napsali mail. Dnes jsem pro jistotu u\u017e uv\u00e1d\u011bl ruskou r\u00e1\u017ei 152mm, kde bylo t\u0159eba. D\u011bkuji za p\u0159ipom\u00ednku, \u017ee je to potom pro odborn\u00edky matouc\u00ed, a budu se j\u00ed sna\u017eit dr\u017eet. D\u011bkuji tak\u00e9 za p\u0159\u00e1n\u00ed k 60t\u00fdm narozenin\u00e1m, a v\u0161echny dary a d\u00e1rky. V\u010dera ve\u010der jsme s Josefem Sk\u00e1lou nato\u010dili video ke geneticky modifikovan\u00fdm potravin\u00e1m z Ukrajiny a dal\u0161\u00edm t\u00e9mat\u016fm \u2013 ve videu je k t\u011bmto t\u00e9mat\u016fm v\u00edce informac\u00ed.\u00a0<a class=\"mfp-iframe lightbox-added\" href=\"https:\/\/www.youtube.com\/watch?v=VsRHGnw8FN8\">Video najdete na tomto odkazu<\/a>.<\/p>\n<p><a href=\"https:\/\/www.michalapetr.com\/map-1918-putin-vcera-v-kazani-zaril-stestim-zdravim-a-spokojenosti-stovka-shromazdenych-prezidentu-predsedu-vlad-ministru-a-diplomatu-pri-slavnostnim-provedeni-ruske-hymny-povstala-aby-vzdala-rus\/\">Michael Svato\u0161<\/a><\/p>\n<p><img decoding=\"async\" loading=\"lazy\" class=\"alignnone size-full wp-image-27204\" src=\"http:\/\/www.infokuryr.cz\/n\/wp-content\/uploads\/2023\/05\/Michael_Svatos.png\" alt=\"\" width=\"180\" height=\"180\" srcset=\"https:\/\/www.infokuryr.cz\/n\/wp-content\/uploads\/2023\/05\/Michael_Svatos.png 180w, https:\/\/www.infokuryr.cz\/n\/wp-content\/uploads\/2023\/05\/Michael_Svatos-150x150.png 150w\" sizes=\"(max-width: 180px) 100vw, 180px\" \/><\/p>\n<p>&nbsp;<\/p>\n<p>&nbsp;<\/p>\n","protected":false},"excerpt":{"rendered":"<p>Putin v\u010dera v Kazani z\u00e1\u0159il \u0161t\u011bst\u00edm, zdrav\u00edm a spokojenost\u00ed! Stovka shrom\u00e1\u017ed\u011bn\u00fdch prezident\u016f, p\u0159edsed\u016f vl\u00e1d, ministr\u016f&#8230;<\/p>\n","protected":false},"author":2,"featured_media":47667,"comment_status":"closed","ping_status":"closed","sticky":false,"template":"","format":"standard","meta":[],"categories":[6],"tags":[1042,2091,102,22,1629],"_links":{"self":[{"href":"https:\/\/www.infokuryr.cz\/n\/wp-json\/wp\/v2\/posts\/47666"}],"collection":[{"href":"https:\/\/www.infokuryr.cz\/n\/wp-json\/wp\/v2\/posts"}],"about":[{"href":"https:\/\/www.infokuryr.cz\/n\/wp-json\/wp\/v2\/types\/post"}],"author":[{"embeddable":true,"href":"https:\/\/www.infokuryr.cz\/n\/wp-json\/wp\/v2\/users\/2"}],"replies":[{"embeddable":true,"href":"https:\/\/www.infokuryr.cz\/n\/wp-json\/wp\/v2\/comments?post=47666"}],"version-history":[{"count":0,"href":"https:\/\/www.infokuryr.cz\/n\/wp-json\/wp\/v2\/posts\/47666\/revisions"}],"wp:featuredmedia":[{"embeddable":true,"href":"https:\/\/www.infokuryr.cz\/n\/wp-json\/wp\/v2\/media\/47667"}],"wp:attachment":[{"href":"https:\/\/www.infokuryr.cz\/n\/wp-json\/wp\/v2\/media?parent=47666"}],"wp:term":[{"taxonomy":"category","embeddable":true,"href":"https:\/\/www.infokuryr.cz\/n\/wp-json\/wp\/v2\/categories?post=47666"},{"taxonomy":"post_tag","embeddable":true,"href":"https:\/\/www.infokuryr.cz\/n\/wp-json\/wp\/v2\/tags?post=47666"}],"curies":[{"name":"wp","href":"https:\/\/api.w.org\/{rel}","templated":true}]}}