{"id":47654,"date":"2024-02-22T04:15:04","date_gmt":"2024-02-22T03:15:04","guid":{"rendered":"https:\/\/www.infokuryr.cz\/n\/?p=47654"},"modified":"2024-02-22T05:43:24","modified_gmt":"2024-02-22T04:43:24","slug":"tak-uz-je-asi-jasne-na-co-zemrel-navalny-podivejte-se-co-nachazi-patologove","status":"publish","type":"post","link":"https:\/\/www.infokuryr.cz\/n\/2024\/02\/22\/tak-uz-je-asi-jasne-na-co-zemrel-navalny-podivejte-se-co-nachazi-patologove\/","title":{"rendered":"Tak u\u017e je asi jasn\u00e9, na co zem\u0159el Navaln\u00fd! Pod\u00edvejte se, co nach\u00e1z\u00ed patologov\u00e9&#8230;"},"content":{"rendered":"<div id=\"fb-root\"><\/div>\n<h4>Tak u\u017e je asi jasn\u00e9, na co zem\u0159el Navaln\u00fd! Pod\u00edvejte se, co nach\u00e1z\u00ed patologov\u00e9 v t\u011blech zem\u0159el\u00fdch na SDS posledn\u00ed 3 roky! Patologov\u00e9 vytahuj\u00ed z c\u00e9v a tepen obrovsk\u00e9 chuchvalce proteinov\u00fdch sra\u017eenin, kter\u00e9 vznikaj\u00ed chybn\u00fdm p\u0159ekladem mRNA a z\u0159ejm\u011b i po\u0161kozen\u00edm c\u00e9vn\u00edch v\u00fdstelek kv\u016fli spike protein\u016fm z vakc\u00edn! Video, ze kter\u00e9ho budete zvracet!<\/h4>\n<p>A je to venku! Zat\u00edmco \u010desk\u00e1 dezinforma\u010dn\u00ed m\u00e9dia hlavn\u00edho proudu \u0161\u00ed\u0159\u00ed bl\u00e1boly o tom, \u017ee Navaln\u00fd pr\u00fd promrzl na proch\u00e1zce a potom ho n\u011bkdo pra\u0161til \u00faderem do srdce, tak ve skute\u010dnosti je to cel\u00e9 mnohem jednodu\u0161\u0161\u00ed. Navaln\u00fd zam\u0159el na akutn\u00ed syndrom z\u00e1stavy krevn\u00edho ob\u011bhu (SDS) a patologov\u00e9 p\u0159evezli Navaln\u00e9ho t\u011blo do Moskvy.<strong>\u00a0Jeho t\u011blo nyn\u00ed podle informac\u00ed zkoum\u00e1 Rusk\u00e1 akademie v\u011bd, kter\u00e1 nikdy p\u0159edt\u00edm nic podobn\u00e9ho nevid\u011bla.<\/strong>\u00a0P\u0159esto\u017ee Kreml zat\u00edm \u010dek\u00e1 na v\u00fdsledky, my v\u00e1m na Aeronetu ji\u017e v p\u0159edstihu p\u0159in\u00e1\u0161\u00edme odpov\u011b\u010f, co se Navaln\u00e9mu stalo a dop\u0159edu upozor\u0148ujeme, \u017ee pokud m\u00e1te slab\u0161\u00ed \u017ealudek a pokud jste se v minul\u00fdch 3 letech nechali o\u010dkovat proti\u00a0<em>404-not-found<\/em>\u00a0infekci, tak byste nem\u011bli vid\u011bt n\u00ed\u017ee uveden\u00e9 video.<\/p>\n<p>&nbsp;<\/p>\n<div id=\"rumble_v4caio8\">\n<div id=\"vid_v4caio8\" class=\"rumble_v4caio8-Rumble-cls\" tabindex=\"-1\">\n<div class=\"bigPlayUI ctp\">\n<div class='videoWrapper'>\r\n\t            <iframe src='https:\/\/rumble.com\/embed\/pj.v4caio8\/' frameborder='0' allowfullscreen><\/iframe>\r\n\t        <\/div>\n<div class=\"bigPlayUIInner ctp\"><\/div>\n<\/div>\n<\/div>\n<\/div>\n<p>&nbsp;<\/p>\n<p>V t\u011blech zem\u0159el\u00fdch lid\u00ed, kte\u0159\u00ed zem\u0159eli na syndrom n\u00e1hl\u00e9 smrti (SDS), za\u010daly toti\u017e poh\u0159ebn\u00ed slu\u017eby v USA a po cel\u00e9m sv\u011bt\u011b v posledn\u00edch 3 letech nach\u00e1zet n\u011bco neuv\u011b\u0159iteln\u00e9ho.\u00a0<strong>Jedn\u00e1 se o proteinov\u00e9 sra\u017eeniny, dlouh\u00e9 elastick\u00e9 sra\u017eeniny, kter\u00e9 ucp\u00e1vaj\u00ed nejen \u017e\u00edly a c\u00e9vy, ale dokonce i hlavn\u00ed tepny.<\/strong>\u00a0Nikdy p\u0159edt\u00edm patologov\u00e9 a poh\u0159ebn\u00ed balzamova\u010di, kte\u0159\u00ed p\u0159ipravuj\u00ed t\u011bla k poh\u0159b\u016fm a vyplachuj\u00ed z t\u011bl krev, aby t\u011bla byla zachov\u00e1na do poh\u0159bu bez biologick\u00fdch zm\u011bn, n\u011bco podobn\u00e9ho nevid\u011bli. V krevn\u00edm ob\u011bhu jsou n\u011bkolik centimetr\u016f dlouh\u00e9 tk\u00e1n\u011b, kter\u00e9 ucp\u00e1vaj\u00ed pr\u016ftok krve v c\u00e9v\u00e1ch a s nejv\u011bt\u0161\u00ed pravd\u011bpodobnost\u00ed jde o p\u0159\u00ed\u010dinu \u00famrt\u00ed t\u011bchto osob.<\/p>\n<h6><span style=\"font-size: 18pt;\">Dv\u011b hypot\u00e9zy, odkud se berou chuchvalce proteinov\u00fdch sra\u017eenin v t\u011blech lid\u00ed zem\u0159el\u00fdch na syndrom n\u00e1hl\u00e9 smrti (SDS), na kter\u00fd zem\u0159el i Navaln\u00fd<\/span><\/h6>\n<p>V rozhovoru Dr. Johna Campbella s majorem Tomem Havilandem zazn\u011bly dv\u00e9 mo\u017en\u00e9 p\u0159\u00ed\u010diny, pro\u010d se tohle o\u010dkovan\u00fdm lidem d\u011bje. Podle prvn\u00ed teorie jde o chybnou transkripci mRNA \u0161ablony z vakc\u00edny, kdy 90% \u010dasu ribozomy p\u0159ekl\u00e1daj\u00ed \u0161ablonu korektn\u011b a vyr\u00e1b\u011bj\u00ed\u00a0<em>spike proteiny<\/em>, ale v 10% p\u0159\u00edpad\u016f tyto mRNA \u0161ablony vygeneruj\u00ed aberantn\u00ed, \u010dili nesmysln\u00e9 \u0159et\u011bzce protein\u016f, prost\u011b chuchvalce, kter\u00e9 ucp\u00e1vaj\u00ed c\u00e9vy a dokonce i tepny!\u00a0<strong>Tom Haviland se odk\u00e1zal na ned\u00e1vnou studii z Cambridge, kter\u00e1 odhalila, \u017ee cca. v 10% p\u0159\u00edpad\u016f \u0161ablony mRNA za\u010dnou vyr\u00e1b\u011bt nesmysln\u00e9 aberantn\u00ed chuchvalce protein\u016f!<\/strong>\u00a0Druhou teori\u00ed, kter\u00e1 p\u0159\u00edmo souvis\u00ed s mRNA vakc\u00ednami, je podez\u0159en\u00ed, \u017ee vytvo\u0159en\u00e9\u00a0<em>spike proteiny<\/em>, kter\u00e9 jsou vyrobeny podle mRNA \u0161ablon, jako vedlej\u0161\u00ed jev \u00fato\u010d\u00ed na v\u00fdstelky c\u00e9v a tepen.<\/p>\n<figure id=\"attachment_58683\" class=\"wp-caption aligncenter\" style=\"width: 693px;\"><a href=\"https:\/\/aeronet.news\/wp-content\/uploads\/WhiteClots1.jpg\"><img decoding=\"async\" loading=\"lazy\" class=\"wp-image-58683 \" src=\"https:\/\/aeronet.news\/wp-content\/uploads\/WhiteClots1-1024x571.jpg\" sizes=\"(max-width: 700px) 100vw, 700px\" srcset=\"https:\/\/aeronet.news\/wp-content\/uploads\/WhiteClots1-1024x571.jpg 1024w, https:\/\/aeronet.news\/wp-content\/uploads\/WhiteClots1-300x167.jpg 300w, https:\/\/aeronet.news\/wp-content\/uploads\/WhiteClots1-768x428.jpg 768w, https:\/\/aeronet.news\/wp-content\/uploads\/WhiteClots1-700x390.jpg 700w, https:\/\/aeronet.news\/wp-content\/uploads\/WhiteClots1-640x357.jpg 640w, https:\/\/aeronet.news\/wp-content\/uploads\/WhiteClots1-866x483.jpg 866w, https:\/\/aeronet.news\/wp-content\/uploads\/WhiteClots1.jpg 1280w\" alt=\"\" width=\"693\" height=\"386\" \/><\/a><figcaption class=\"wp-caption-text\">Proteinov\u00e9 sra\u017eeniny, chuchvalce vyta\u017een\u00e9 z c\u00e9v a tepen osob zem\u0159el\u00fdch na SDS<\/figcaption><\/figure>\n<p>Vnit\u0159n\u00ed strana t\u011bchto c\u00e9v a art\u00e9ri\u00ed je vystl\u00e1na bun\u011b\u010dnou tk\u00e1n\u00ed, kter\u00e9 se v d\u016fsledku \u00fatoku spike protein\u016f odloupne, resp. odtrhne od st\u011bny c\u00e9vy \u010di tepny a stane se z n\u00ed chuchvalec, kter\u00fd c\u00e9vu ucpe. V obou p\u0159\u00edpadech se tedy uva\u017euje, \u017ee jde o p\u0159\u00edmou souvislost s mRNA vakc\u00ednami a jejich proliferac\u00ed mezi populaci. Tyto vakc\u00edny, kter\u00e9 nebyly testov\u00e1ny povinn\u00fdch 10 let, p\u0159i\u010dem\u017e v p\u0159\u00edpad\u011b vakc\u00edn nov\u00e9 technologie (jako je mRNA) je v USA lh\u016fta dokonce 15 let, tak z\u0159ejm\u011b maj\u00ed na n\u011bkter\u00e9 osoby d\u011bsiv\u00fd \u00fa\u010dinek a dopad. Nav\u00edc se d\u00e1 o\u010dek\u00e1vat, \u017ee projevy proteinov\u00fdch sra\u017eenin se budou kumulovat s v\u011bkem \u010dlov\u011bka a s po\u010dtem booster\u016f. \u010c\u00edm v\u00edce booster\u016f, t\u00edm v\u011bt\u0161\u00ed pravd\u011bpodobnost vzniku aberantn\u00edch proteinov\u00fdch sra\u017eenin. Pokud nem\u00e1te \u010das na video naho\u0159e, tak tady je p\u0159epis:<\/p>\n<h4><span style=\"font-size: 18pt;\">Proteinov\u00e9 sra\u017eeniny v t\u011blech zem\u0159el\u00fdch na SDS doslova jako z hororu<\/span><\/h4>\n<p><em><strong>Douf\u00e1m, \u017ee v\u00e1s ty prvn\u00ed obr\u00e1zky zaujaly. Dodal je major Tom Haviland, kter\u00e9ho v\u00e1m te\u010f p\u0159edstav\u00edm. Tome, moc v\u00e1m d\u011bkuji za \u00fa\u010dast na tomto videu.<\/strong><\/em><\/p>\n<p>Johne, d\u011bkuji za pozv\u00e1n\u00ed do po\u0159adu, abychom si popov\u00eddali o tomto velmi d\u016fle\u017eit\u00e9m t\u00e9matu.<\/p>\n<p><em><strong>Tom je, jak by se mohlo zd\u00e1t z jeho jm\u00e9na, majorem letectva Spojen\u00fdch st\u00e1t\u016f americk\u00fdch, je tak\u00e9 in\u017een\u00fdrem, matematikem a datov\u00fdm v\u011bdcem a analytikem. M\u00e1 tedy dobrou pozici pro tuto pr\u00e1ci. Na co se to tady proboha d\u00edv\u00e1me, Tome, pros\u00edm?<\/strong><\/em><\/p>\n<p>D\u00edv\u00e1me se na b\u00edl\u00e9 vl\u00e1knit\u00e9 sra\u017eeniny, kter\u00e9 dodali poh\u0159ebn\u00ed balzamova\u010di, a vid\u00ed je po cel\u00e9m sv\u011bt\u011b, balzamova\u010di vid\u00ed tyto sra\u017eeniny a vid\u00ed je skute\u010dn\u011b ve vysok\u00e9m procentu sv\u00fdch t\u011bl, bohu\u017eel, Johne, a vid\u00ed je hlavn\u011b v posledn\u00edch t\u0159ech letech. Vlastn\u011b m\u00e1m malou lahvi\u010dku s t\u011bmi sra\u017eeninami, kterou mohu publiku uk\u00e1zat v p\u0159\u00edm\u00e9m p\u0159enosu. Budu ji pomalu ot\u00e1\u010det, tak\u017ee uvid\u00edte, z \u010deho se skl\u00e1daj\u00ed.<\/p>\n<p><em><strong>Jo, to je vid\u011bt opravdu jasn\u011b. A co jsou za\u010d a kde jsi je vzal, Tome?<\/strong><\/em><\/p>\n<p>M\u00e1m je od balzamova\u010de Richarda Hirschmana, kter\u00fd vystupoval v po\u0159adu \u201cDied suddenly\u201d. Richard je rozes\u00edlal do laborato\u0159\u00ed a v\u011bdc\u016fm po cel\u00e9m sv\u011bt\u011b. Sna\u017e\u00edme se ty sra\u017eeniny prozkoumat a zjistit, z \u010deho jsou. Jedna z teori\u00ed je, \u017ee jsou tvo\u0159eny amyloidn\u00edm proteinem. Amyloid se \u0159ekne a-m-y-l-o-i-d a je to jen m\u00f3dn\u00ed v\u00fdraz pro deformovan\u00fd nebo nespr\u00e1vn\u011b tvarovan\u00fd protein, kter\u00fd se hromad\u00ed v na\u0161ich t\u011blech.<\/p>\n<p><em><strong>Tak\u017ee je v nich tak\u00e9 n\u011bjak\u00fd fibrin z proces\u016f sr\u00e1\u017een\u00ed krve, \u017ee?<\/strong><\/em><\/p>\n<p>Spr\u00e1vn\u011b. Dr. Ryan Cole se na n\u011b pod\u00edval, ten slavn\u00fd patolog z Idaha, a \u0159\u00edk\u00e1, \u017ee je to kombinace amyloidn\u00edho proteinu, fibrinu, v\u00edte, \u017ee na\u0161e krev m\u00e1 v sob\u011b fibrinogen, kter\u00fd je v tekut\u00e9 form\u011b, kter\u00e1 se pak p\u0159em\u011bn\u00ed na fibrin, kdy\u017e dojde k po\u0161kozen\u00ed \u017eil nebo tepen, a ten fibrin je b\u00edl\u00fd, a pak tam tak\u00e9 na\u0161el krevn\u00ed desti\u010dky, kter\u00e9 maj\u00ed tak\u00e9 barvu a jsou bezbarv\u00e9. Tak\u017ee tato kombinace fibrinov\u00fdch desti\u010dek a tohoto amyloidu nebo materi\u00e1lu podobn\u00e9ho amyloidu.<\/p>\n<p><em><strong>A jak\u00e1 je konzistence? M\u016f\u017eete to rozt\u00e1hnout? Je to gumovit\u00e9? Jak to vypad\u00e1 na omak?<\/strong><\/em><\/p>\n<p>Je to gumovit\u00e9. Roztahuje se. Je to gumov\u00e9, m\u016f\u017ee se to p\u0159etrhnout, kdy\u017e na to vyvinete dostate\u010dnou s\u00edlu, ale je to skoro jako gumi\u010dka, v\u00edte. Vypad\u00e1 to jako kalam\u00e1ry a balzamova\u010d\u016fm to p\u0159ipad\u00e1 jako gumi\u010dka. Velmi neobvykl\u00e9. Nyn\u00ed se tyto p\u0159i balzamov\u00e1n\u00ed vyplavuj\u00ed z ob\u011bhov\u00e9ho syst\u00e9mu a balzamova\u010di je sb\u00edraj\u00ed. Byly tedy odebr\u00e1ny p\u0159\u00edmo z ob\u011bhov\u00e9ho syst\u00e9mu ned\u00e1vno zesnul\u00e9ho. Odtud poch\u00e1zej\u00ed.<\/p>\n<p><em><strong>Spr\u00e1vn\u011b.<\/strong><\/em><\/p>\n<p>Balzamova\u010di maj\u00ed p\u0159i balzamov\u00e1n\u00ed dv\u011b obl\u00edben\u00e1 m\u00edsta vpichu. Jejich obl\u00edben\u00fdm m\u00edstem je \u017eiln\u00ed tepna na krku, tak\u017ee to je hlavn\u00ed m\u00edsto, kde tyto sra\u017eeniny nach\u00e1zej\u00ed. N\u011bkdy tak\u00e9 ud\u011blaj\u00ed bod m\u00edsta vpichu v ky\u010deln\u00ed tepn\u011b dole v oblasti p\u00e1nve, kter\u00e1 pak vede dol\u016f po tepn\u00e1ch v noh\u00e1ch. Tak\u017ee to nemus\u00ed nutn\u011b znamenat, kde se tvo\u0159\u00ed sra\u017eeniny, Johne, ale zd\u00e1 se, \u017ee tam balzamova\u010di z\u0159ejm\u011b nach\u00e1z\u00ed sra\u017eeniny, kde se t\u011blo vyplachuje v t\u011bchto bodech. N\u011bkte\u0159\u00ed balzamova\u010di mi v\u0161ak ned\u00e1vno \u0159ekli, \u017ee museli vytvo\u0159it v\u00edce bod\u016f pro v\u00fdplach, proto\u017ee kdy\u017e naraz\u00ed na t\u011blo, kter\u00e9 m\u00e1 hodn\u011b t\u011bchto sra\u017eenin, mus\u00ed pou\u017e\u00edt jin\u00e9 body, aby je v\u0161echny dostali ven. A to vlastn\u011b prodlu\u017euje proces balzamov\u00e1n\u00ed.<\/p>\n<p><a href=\"https:\/\/aeronet.news\/wp-content\/uploads\/WhiteClots2.jpg\"><img decoding=\"async\" loading=\"lazy\" class=\"wp-image-58682 aligncenter\" src=\"https:\/\/aeronet.news\/wp-content\/uploads\/WhiteClots2.jpg\" sizes=\"(max-width: 1280px) 100vw, 1280px\" srcset=\"https:\/\/aeronet.news\/wp-content\/uploads\/WhiteClots2.jpg 1280w, https:\/\/aeronet.news\/wp-content\/uploads\/WhiteClots2-300x169.jpg 300w, https:\/\/aeronet.news\/wp-content\/uploads\/WhiteClots2-768x432.jpg 768w, https:\/\/aeronet.news\/wp-content\/uploads\/WhiteClots2-1024x576.jpg 1024w, https:\/\/aeronet.news\/wp-content\/uploads\/WhiteClots2-700x394.jpg 700w, https:\/\/aeronet.news\/wp-content\/uploads\/WhiteClots2-635x357.jpg 635w, https:\/\/aeronet.news\/wp-content\/uploads\/WhiteClots2-859x483.jpg 859w\" alt=\"\" width=\"969\" height=\"545\" \/><\/a><\/p>\n<p style=\"text-align: center;\"><em>Proteinov\u00e1 rozv\u011btven\u00e1 sra\u017eenina z t\u011bla zem\u0159el\u00e9ho na SDS<\/em><\/p>\n<p>D\u0159\u00edve balzamov\u00e1n\u00ed trvalo balzamova\u010di asi hodinu a\u017e hodinu a p\u016fl a nyn\u00ed trv\u00e1 balzamov\u00e1n\u00ed asi dv\u011b a\u017e dv\u011b a p\u016fl hodiny. Tak\u017ee u n\u011bkter\u00fdch ned\u00e1vno zesnul\u00fdch to vlastn\u011b ucp\u00e1v\u00e1 jejich ob\u011bhov\u00fd syst\u00e9m, tak\u017ee balzamova\u010d nem\u016f\u017ee vypl\u00e1chnout z t\u011bla krev. Ano, a balzamova\u010di, se kter\u00fdmi jsem mluvil, jsou p\u0159esv\u011bd\u010deni, \u017ee se sra\u017eeniny tvo\u0159\u00ed p\u0159ed smrt\u00ed. Mysl\u00ed si, \u017ee se mohou tvo\u0159it i po smrti, ale trvaj\u00ed na tom, \u017ee se tvo\u0159\u00ed p\u0159ed smrt\u00ed, proto\u017ee je vid\u011bli v t\u011blech, kter\u00e1 jsou jen hodinu nebo dv\u011b star\u00e1 a je\u0161t\u011b tepl\u00e1, nebyla v chladu a prost\u011b nen\u00ed mo\u017en\u00e9, aby se ty sra\u017eeniny vytvo\u0159ily za tu hodinu nebo dv\u011b od smrti.<\/p>\n<p><em><strong>To znamen\u00e1, Tome, \u017ee tyto sra\u017eeniny jsou t\u00e9m\u011b\u0159 jist\u011b p\u0159\u00ed\u010dinou smrti.<\/strong><\/em><\/p>\n<p>Ano, mysl\u00edm, \u017ee je to, kdy\u017e se v\u00e1m to dostane do t\u011bla, je zcela z\u0159ejm\u00e9, \u017ee to m\u016f\u017ee zp\u016fsobit mrtvici a infarkt, \u017ee? Kdy\u017e se kousek odlom\u00ed a vytvo\u0159\u00ed embolii, dostanete nap\u0159\u00edklad mrtvici. Jedna ze zaj\u00edmav\u00fdch v\u011bc\u00ed, Johne, je, \u017ee tradi\u010dn\u00ed l\u00e1tky, jako jsou l\u00e1tky podobn\u00e9 hrozn\u016fm \u017eel\u00e9 a l\u00e1tky podobn\u00e9 ku\u0159ec\u00edmu tuku, kter\u00e9 se objevuj\u00ed odjak\u017eiva, se objevuj\u00ed t\u00e9m\u011b\u0159 v\u00fdhradn\u011b na \u017eiln\u00ed stran\u011b t\u011bla, ale tyto l\u00e1tky z b\u00edl\u00fdch vl\u00e1ken se objevuj\u00ed i na tepenn\u00e9 stran\u011b, jak na \u017eiln\u00ed, tak na tepenn\u00e9 stran\u011b, co\u017e je pro balzamova\u010de velmi neobvykl\u00e9, aby vid\u011bli sra\u017eeniny na tepenn\u00e9 stran\u011b. Chci \u0159\u00edct, \u017ee nen\u00ed pochyb o tom, \u017ee kdyby to byly tyhle v\u011bci v tepn\u00e1ch, tak by se prost\u011b sra\u017eeniny v tepn\u00e1ch vytvo\u0159ily a samoz\u0159ejm\u011b bys dostal infarkt, samoz\u0159ejm\u011b bys dostal mrtvici.<\/p>\n<p><em><strong>A dal\u0161\u00ed v\u011bc, kter\u00e9 jsem si v\u0161iml, Tome, je, \u017ee kdy\u017e se pod\u00edv\u00e1me sem, tak to m\u00e1 jakoby rozv\u011btvenou strukturu. Mysl\u00edm, \u017ee se tomu \u0159\u00edk\u00e1 v\u00fdstelka.<\/strong><\/em><\/p>\n<p>Ano.<\/p>\n<p><em><strong>Je to v podstat\u011b odlitek z vnit\u0159ku kusu c\u00e9vn\u00edho syst\u00e9mu.<\/strong><\/em><\/p>\n<p>Tomu v\u011b\u0159\u00ed i balzamova\u010di, Johne. \u017de to vlastn\u011b p\u0159eb\u00edr\u00e1, jak \u0159\u00edk\u00e1\u0161, tvar hlavn\u00edho kan\u00e1lu a pak v\u0161ech p\u0159\u00edtok\u016f, kter\u00e9 z n\u011bj vyb\u00edhaj\u00ed.<\/p>\n<p><em><strong>Spr\u00e1vn\u011b, to je p\u0159esn\u011b to, co to je, jako chci \u0159\u00edct, \u017ee opravdu nevid\u00edm nic jin\u00e9ho, co by to mohlo zp\u016fsobit. A m\u00e1me tu je\u0161t\u011b p\u00e1r dal\u0161\u00edch p\u0159\u00edklad\u016f, na kter\u00e9 se mus\u00edme pod\u00edvat, Tome, mysl\u00edm. Tak\u017ee tady je dal\u0161\u00ed p\u0159\u00edklad. 6 palc\u016f dlouh\u00fd.<\/strong><\/em><\/p>\n<p>Ano, a to nen\u00ed nic neobvykl\u00e9ho, Johne, mnoho balzamova\u010d\u016f nach\u00e1z\u00ed tyto sra\u017eeniny v rozmez\u00ed 6 a\u017e 10 palc\u016f a skute\u010dn\u011b se vyskytly p\u0159\u00edpady, kdy vyt\u00e1hli z nohou lid\u00ed sra\u017eeniny dlouh\u00e9 2 stopy. Tak\u017ee to je\u2026 je to neuv\u011b\u0159iteln\u011b v\u00e1\u017en\u00e1 v\u011bc, kter\u00e1 se d\u011bje.<\/p>\n<p><em><strong>Tak\u017ee je to 15 a\u017e 16 cm a op\u011bt se mi zd\u00e1, \u017ee tenhle jasn\u011b ukazuje rozdvojen\u00ed, \u017ee ano?<\/strong><\/em><\/p>\n<p>Arteri\u00e1ln\u00ed v\u00fdstelka, spr\u00e1vn\u011b. A kdyby to bylo v c\u00e9v\u011b, nevid\u00edm, \u017ee by se tam v\u016fbec dostala krev, docela neuv\u011b\u0159iteln\u00e9. Te\u010f jen zd\u016frazn\u011bme, \u017ee to prost\u011b nejsou ojedin\u011bl\u00e9 p\u0159\u00edpady. T\u011bchto p\u0159\u00edpad\u016f je n\u011bkolik, jsou to n\u011bkter\u00e9 dal\u0161\u00ed v n\u00e1dob\u011b podobn\u00e9 t\u00e9 va\u0161\u00ed. Jo a ned\u00e1vno jsem mluvil s balzamova\u010dem Richardem Hirschmanem a Richard \u0159\u00edkal, \u017ee m\u00e1 v telefonu p\u0159es 250 fotografi\u00ed, doktore Campbelle, fotky sra\u017eenin vych\u00e1zej\u00edc\u00edch z v\u00edce ne\u017e 250 r\u016fzn\u00fdch lid\u00ed. M\u00e1 p\u0159\u00edklady t\u011bchto b\u00edl\u00fdch vl\u00e1knit\u00fdch sra\u017eenin a tak\u00e9 dal\u0161\u00edho probl\u00e9mu, o kter\u00e9m budeme mluvit, zvan\u00e9ho mikrosra\u017eeniny.<\/p>\n<p><a href=\"https:\/\/stranapro.cz\/\"><img decoding=\"async\" loading=\"lazy\" class=\"alignnone wp-image-40285 aligncenter\" src=\"http:\/\/www.infokuryr.cz\/n\/wp-content\/uploads\/2023\/11\/11pro-300x79.png\" alt=\"\" width=\"725\" height=\"191\" srcset=\"https:\/\/www.infokuryr.cz\/n\/wp-content\/uploads\/2023\/11\/11pro-300x79.png 300w, https:\/\/www.infokuryr.cz\/n\/wp-content\/uploads\/2023\/11\/11pro.png 363w\" sizes=\"(max-width: 725px) 100vw, 725px\" \/><\/a><\/p>\n<p><em><strong>Tak\u017ee tohle jsou jeho fotografie od spousty lid\u00ed, kter\u00fdch se t\u00fdk\u00e1.<\/strong><\/em><\/p>\n<p>Ano. Tak\u017ee ten skalpel je op\u011bt asi osm centimetr\u016f dlouh\u00fd, dohromady by \u010depel m\u011bla b\u00fdt n\u011bkolik centimetr\u016f dlouh\u00e1 a mysl\u00edm, \u017ee tady vid\u00edme krevn\u00ed sra\u017eeninu, kterou byste o\u010dek\u00e1val.<\/p>\n<p><em><strong>Spr\u00e1vn\u011b.<\/strong><\/em><\/p>\n<p>Jak jsem \u0159ekl, balzamova\u010di je v\u00eddaj\u00ed odjak\u017eiva, vlastn\u011b vypadaj\u00ed a p\u016fsob\u00ed jako hroznov\u00e9 \u017eel\u00e9, snadno se rozpou\u0161t\u011bj\u00ed v rukou. Mnohem jin\u00e9 ne\u017e tyhle b\u00edl\u00e9 vl\u00e1knit\u00e9 l\u00e1tky. A mnohem jin\u00e9. Balzamova\u010di u\u017e l\u00e9ta v\u00eddaj\u00ed i l\u00e1tky jakoby z ku\u0159ec\u00edho tuku. Jsou to ony, kter\u00e9 maj\u00ed malou na\u017eloutlou barvu a velmi snadno se trhaj\u00ed, velmi se li\u0161\u00ed od t\u011bchto velk\u00fdch b\u00edl\u00fdch vl\u00e1knit\u00fdch tk\u00e1n\u00ed, kter\u00e9 jsou mnohem pevn\u011bj\u0161\u00ed a pru\u017en\u011bj\u0161\u00ed. Jo, ta \u017elut\u00e1, l\u00e9ka\u0159sky se tomu mysl\u00edm \u0159\u00edk\u00e1 b\u00edl\u00fd trombus. Je to agregace desti\u010dek, je to dob\u0159e rozpoznan\u00fd patologick\u00fd proces. Jen se pod\u00edvejte na n\u011bkolik dal\u0161\u00edch, abychom si to uk\u00e1zali. Tohle nejsou jen n\u00e1hodn\u00e9 v\u011bci.<\/p>\n<p><em><strong>Tohle jsou dal\u0161\u00ed tady, op\u011bt velmi podobn\u00e9. Dal\u0161\u00ed p\u0159\u00edklad, to jsou masy t\u011bchto v\u011bc\u00ed. Chci \u0159\u00edct, jak\u00fd objem dostaneme, jako kilo z n\u011bkoho nebo kolik?<\/strong><\/em><\/p>\n<p>Je to \u0161okuj\u00edc\u00ed\u2026<\/p>\n<p><em><strong>To nejsou gramy\u2026 to je neuv\u011b\u0159iteln\u00e9.<\/strong><\/em><\/p>\n<p>Jo a po cel\u00e9m sv\u011bt\u011b jsou r\u016fzn\u00ed l\u00e9ka\u0159i a v\u011bdci, kte\u0159\u00ed se t\u00edmto probl\u00e9mem zab\u00fdvaj\u00ed a sna\u017e\u00ed se p\u0159ij\u00edt na to, jak se to tvo\u0159\u00ed. V posledn\u00ed dob\u011b se objevilo n\u011bkolik teori\u00ed. V Cambridgi, p\u0159\u00edmo ve va\u0161em kraji, Dr. Campbelle, vy\u0161la pr\u00e1ce. P\u0159ed n\u011bkolika m\u011bs\u00edci se v n\u00ed hovo\u0159ilo o procesu zvan\u00e9m \u201cframe shifting\u201d, kdy na\u0161e ribozomy mo\u017en\u00e1 \u0161patn\u011b \u010dtou modifikovanou RNA (mRNA), kterou p\u0159ij\u00edmaj\u00ed, a produkuj\u00ed asi v 10% p\u0159\u00edpad\u016f tzv. aberantn\u00ed nebo nesmysln\u00fd protein. V 90% p\u0159\u00edpad\u016f produkuj\u00ed spr\u00e1vn\u00fd \u201chrotov\u00fd protein\u201d, kter\u00fd maj\u00ed produkovat, ale asi v 10% p\u0159\u00edpad\u016f produkuj\u00ed nesmysln\u00fd protein, kter\u00fd pak m\u016f\u017ee b\u00fdt p\u0159\u00ed\u010dinou vzniku t\u011bchto b\u00edl\u00fdch vl\u00e1knit\u00fdch sra\u017eenin.<\/p>\n<p><em><strong>Tak to je samoz\u0159ejm\u00e9, amyloid je dob\u0159e zn\u00e1m\u00fd patologick\u00fd protein, nap\u0159\u00edklad se hromad\u00ed v mozku, d\u011bl\u00e1 to nap\u0159\u00edklad u Alzheimerovy choroby.<\/strong><\/em><\/p>\n<p>Ano, pane, ano, pane. Dal\u0161\u00ed teorie, kter\u00e1 se objevila, je, \u017ee b\u00edlkovina hrot\u016f m\u016f\u017ee po\u0161kozovat nebo dr\u00e1\u017edit endotelovou v\u00fdstelku vnit\u0159n\u00edch st\u011bn c\u00e9v, a skute\u010dn\u011b zp\u016fsob\u00ed, \u017ee endotelov\u00e1 v\u00fdstelka se odtrhne. Je to tenk\u00e1 jednovrstv\u00e1 bun\u011b\u010dn\u00e1 tk\u00e1\u0148, tak\u017ee se vnit\u0159ek st\u011bn c\u00e9v mohl odtrhnout do krevn\u00edho ob\u011bhu a tvo\u0159it tak\u00e9 tyto sra\u017eeniny. V\u011bdci po cel\u00e9m sv\u011bt\u011b se tedy zab\u00fdvaj\u00ed probl\u00e9mem, co p\u0159esn\u011b tvo\u0159\u00ed nebo jak se tento amyloidn\u00ed materi\u00e1l hromad\u00ed v krevn\u00edm \u0159e\u010di\u0161ti.<\/p>\n<h6><span style=\"font-size: 18pt;\">Navaln\u00fd plnil roli \u0159\u00edzen\u00e9 opozice v Rusku a zem\u0159el na SDS jako pr\u00e1v\u011b te\u010f um\u00edraj\u00ed stovky tis\u00edc lid\u00ed po cel\u00e9m sv\u011bt\u011b v d\u016fsledku o\u010dkov\u00e1n\u00ed proti\u00a0<em>404-not-found<\/em>\u00a0viru<\/span><\/h6>\n<p>Po tomto odhalen\u00ed, co se nach\u00e1z\u00ed v t\u011blech lid\u00ed, kte\u0159\u00ed zem\u0159ou na SDS, tedy syndrom n\u00e1hl\u00e9 smrti, je u\u017e jasn\u011b, na co asi zem\u0159el Navaln\u00fd. Podle rusk\u00fdch novin\u00e1\u0159\u016f byl Navaln\u00fd skute\u010dn\u011b o\u010dkov\u00e1n, ale nikoliv rusk\u00fdm Sputnikem. \u00dadajn\u011b byl o\u010dkov\u00e1n 1+3 vakc\u00ednou zahrani\u010dn\u00edho p\u016fvodu.\u00a0<strong>To znamen\u00e1 prvn\u00ed o\u010dkov\u00e1n\u00ed a k tomu 3 boostery. Jakou vakc\u00ednou ze zahrani\u010d\u00ed byl o\u010dkov\u00e1n, to se rusk\u00fdm novin\u00e1\u0159\u016fm zat\u00edm nepoda\u0159ilo potvrdit a pouze se spekuluje, \u017ee mohlo j\u00edt o Pfizer anebo o Modernu.<\/strong><\/p>\n<p>Navaln\u00fd byl podle n\u00e1zoru na\u0161\u00ed redakce agentem Kremlu, kter\u00fd vykon\u00e1val dlouh\u00e1 l\u00e9ta v Rusku roli \u0159\u00edzen\u00e9 opozice. Navaln\u00fd vych\u00e1zel z rusk\u00e9 extr\u00e9mistick\u00e9 sc\u00e9ny, cht\u011bl z Ruska vyst\u011bhovat v\u0161echny Gruz\u00ednce, Asiaty a Muslimy, prohla\u0161oval se za men\u0161evika a b\u011blogvard\u011bjce, etabloval se jako rusk\u00fd nacionalista. To bylo ale p\u0159edt\u00edm, ne\u017e za\u010dal d\u011blat v Rusku neziskov\u00e9 aktivity.<\/p>\n<p><a href=\"https:\/\/aeronet.news\/wp-content\/uploads\/AlexNavalnyBW.jpg\"><img decoding=\"async\" loading=\"lazy\" class=\"wp-image-58629 aligncenter\" src=\"https:\/\/aeronet.news\/wp-content\/uploads\/AlexNavalnyBW.jpg\" sizes=\"(max-width: 1280px) 100vw, 1280px\" srcset=\"https:\/\/aeronet.news\/wp-content\/uploads\/AlexNavalnyBW.jpg 1280w, https:\/\/aeronet.news\/wp-content\/uploads\/AlexNavalnyBW-300x217.jpg 300w, https:\/\/aeronet.news\/wp-content\/uploads\/AlexNavalnyBW-768x555.jpg 768w, https:\/\/aeronet.news\/wp-content\/uploads\/AlexNavalnyBW-1024x740.jpg 1024w, https:\/\/aeronet.news\/wp-content\/uploads\/AlexNavalnyBW-700x506.jpg 700w, https:\/\/aeronet.news\/wp-content\/uploads\/AlexNavalnyBW-326x235.jpg 326w, https:\/\/aeronet.news\/wp-content\/uploads\/AlexNavalnyBW-494x357.jpg 494w, https:\/\/aeronet.news\/wp-content\/uploads\/AlexNavalnyBW-668x483.jpg 668w, https:\/\/aeronet.news\/wp-content\/uploads\/AlexNavalnyBW-198x143.jpg 198w\" alt=\"\" width=\"872\" height=\"630\" \/><\/a><\/p>\n<p>Postupn\u011b si ho toti\u017e v\u0161imly z\u00e1padn\u00ed tajn\u00e9 slu\u017eby a za\u010dal d\u011blat politiku o 180 stup\u0148\u016f obr\u00e1cenou, za\u010dal vystupovat proti Rusku, transformoval se do\u00a0<em>Novotrockisty<\/em>\u00a0a najednou m\u011bl pln\u00e1 n\u00e1m\u011bst\u00ed a tituln\u00ed str\u00e1nky v rusk\u00fdch m\u00e9di\u00edch. Jeho\u00a0<em>fiat-man\u017eelka<\/em>\u00a0Julia dostala operativn\u00ed kryt\u00ed v Izraeli a v N\u011bmecku (<em>Mnichovsk\u00e1 z\u00e1kladna<\/em>). P\u0159i\u010dem\u017e demonstrace\u00a0<em>Ljo\u0161i<\/em>\u00a0v Rusku byly v\u017edy chr\u00e1n\u011bn\u00e9 ruskou FSB. Role Navaln\u00e9ho byla rol\u00ed \u0159\u00edzen\u00e9 vnit\u0159n\u00ed opozice v Rusku.<\/p>\n<p>P\u0159i\u010dem\u017e jeho role skon\u010dila po zhroucen\u00ed vztah\u016f mezi Kremlem a z\u00e1padem v d\u016fsledku proces\u016f z\u00e1padn\u00edch kolektivist\u016f na Ukrajin\u011b. Ov\u0161em i ve v\u011bzen\u00ed m\u011bl speci\u00e1ln\u00ed re\u017eim. Jeho smrt po n\u00e1vratu z proch\u00e1zky na syndrom SDS a p\u0159evoz t\u011bla do Moskvy ukazuje, \u017ee Navaln\u00fd zem\u0159el na n\u011bco, co zaj\u00edm\u00e1 rusk\u00e9 akademiky. Sami si domysl\u00edte, co by to mohlo b\u00fdt. Syndrom n\u00e1hl\u00e9 smrti se v posledn\u00edch 3 let roz\u0161\u00ed\u0159il po cel\u00e9m sv\u011bt\u011b a tohle je jen za\u010d\u00e1tek, ob\u00e1v\u00e1m se. Miliony lid\u00ed si nechali do sebe napustit experiment\u00e1ln\u00ed roztoky a v\u00fdsledkem je te\u010f i Navaln\u00fd a jeho t\u011blo ve v\u00fdzkumn\u00e9m labu Akademie v\u011bd v Moskv\u011b.\u00a0<em>Memento Vaxi<\/em>!<\/p>\n<p><a href=\"https:\/\/aeronet.news\/tak-uz-je-asi-jasne-na-co-zemrel-navalny-podivejte-se-co-nachazi-patologove-v-telech-zemrelych-na-sds-posledni-3-roky-patologove-vytahuji-z-cev-a-tepen-obrovske-chuchvalce-proteinovych-srazenin\/\">-VK- \u0160\u00e9fredaktor AE News<\/a><\/p>\n<p>&nbsp;<\/p>\n<p><img decoding=\"async\" loading=\"lazy\" class=\"alignnone wp-image-47634 aligncenter\" src=\"http:\/\/www.infokuryr.cz\/n\/wp-content\/uploads\/2024\/02\/Pozvanka_Praha-_23.3.24-300x229.jpg\" alt=\"\" width=\"745\" height=\"569\" srcset=\"https:\/\/www.infokuryr.cz\/n\/wp-content\/uploads\/2024\/02\/Pozvanka_Praha-_23.3.24-300x229.jpg 300w, https:\/\/www.infokuryr.cz\/n\/wp-content\/uploads\/2024\/02\/Pozvanka_Praha-_23.3.24.jpg 595w\" sizes=\"(max-width: 745px) 100vw, 745px\" \/><\/p>\n","protected":false},"excerpt":{"rendered":"<p>Tak u\u017e je asi jasn\u00e9, na co zem\u0159el Navaln\u00fd! Pod\u00edvejte se, co nach\u00e1z\u00ed patologov\u00e9 v&#8230;<\/p>\n","protected":false},"author":2,"featured_media":47655,"comment_status":"closed","ping_status":"closed","sticky":false,"template":"","format":"standard","meta":[],"categories":[6],"tags":[1042,23,694,301,213,651,889],"_links":{"self":[{"href":"https:\/\/www.infokuryr.cz\/n\/wp-json\/wp\/v2\/posts\/47654"}],"collection":[{"href":"https:\/\/www.infokuryr.cz\/n\/wp-json\/wp\/v2\/posts"}],"about":[{"href":"https:\/\/www.infokuryr.cz\/n\/wp-json\/wp\/v2\/types\/post"}],"author":[{"embeddable":true,"href":"https:\/\/www.infokuryr.cz\/n\/wp-json\/wp\/v2\/users\/2"}],"replies":[{"embeddable":true,"href":"https:\/\/www.infokuryr.cz\/n\/wp-json\/wp\/v2\/comments?post=47654"}],"version-history":[{"count":0,"href":"https:\/\/www.infokuryr.cz\/n\/wp-json\/wp\/v2\/posts\/47654\/revisions"}],"wp:featuredmedia":[{"embeddable":true,"href":"https:\/\/www.infokuryr.cz\/n\/wp-json\/wp\/v2\/media\/47655"}],"wp:attachment":[{"href":"https:\/\/www.infokuryr.cz\/n\/wp-json\/wp\/v2\/media?parent=47654"}],"wp:term":[{"taxonomy":"category","embeddable":true,"href":"https:\/\/www.infokuryr.cz\/n\/wp-json\/wp\/v2\/categories?post=47654"},{"taxonomy":"post_tag","embeddable":true,"href":"https:\/\/www.infokuryr.cz\/n\/wp-json\/wp\/v2\/tags?post=47654"}],"curies":[{"name":"wp","href":"https:\/\/api.w.org\/{rel}","templated":true}]}}